{"id":71424,"date":"2020-07-08T12:37:57","date_gmt":"2020-07-08T12:37:57","guid":{"rendered":"http:\/\/folhadosudeste.com\/site\/?p=71424"},"modified":"2020-07-08T20:44:26","modified_gmt":"2020-07-08T20:44:26","slug":"cresol-minas-comemora-25-anos-e-anuncia-taxas-reduzidas-para-o-plano-safra-2020-21-em-coletiva-de-imprensa","status":"publish","type":"post","link":"http:\/\/folhadosudeste.com\/site\/?p=71424","title":{"rendered":"CRESOL MINAS COMEMORA 25 ANOS E ANUNCIA TAXAS REDUZIDAS PARA O PLANO SAFRA 2020\/21 EM COLETIVA DE IMPRENSA"},"content":{"rendered":"<p><a href=\"http:\/\/folhadosudeste.com\/site\/wp-content\/uploads\/2020\/07\/DSC_0006.jpg\"><img loading=\"lazy\" decoding=\"async\" class=\"alignnone size-full wp-image-71425\" src=\"http:\/\/folhadosudeste.com\/site\/wp-content\/uploads\/2020\/07\/DSC_0006.jpg\" alt=\"\" width=\"2048\" height=\"1356\" srcset=\"http:\/\/folhadosudeste.com\/site\/wp-content\/uploads\/2020\/07\/DSC_0006.jpg 2048w, http:\/\/folhadosudeste.com\/site\/wp-content\/uploads\/2020\/07\/DSC_0006-300x199.jpg 300w, http:\/\/folhadosudeste.com\/site\/wp-content\/uploads\/2020\/07\/DSC_0006-768x509.jpg 768w, http:\/\/folhadosudeste.com\/site\/wp-content\/uploads\/2020\/07\/DSC_0006-1024x678.jpg 1024w, http:\/\/folhadosudeste.com\/site\/wp-content\/uploads\/2020\/07\/DSC_0006-120x80.jpg 120w, http:\/\/folhadosudeste.com\/site\/wp-content\/uploads\/2020\/07\/DSC_0006-590x390.jpg 590w\" sizes=\"auto, (max-width: 2048px) 100vw, 2048px\" \/><\/a><\/p>\n<div style=\"width: 640px;\" class=\"wp-video\"><!--[if lt IE 9]><script>document.createElement('video');<\/script><![endif]-->\n<video class=\"wp-video-shortcode\" id=\"video-71424-1\" width=\"640\" height=\"360\" preload=\"metadata\" controls=\"controls\"><source type=\"video\/mp4\" src=\"http:\/\/folhadosudeste.com\/site\/wp-content\/uploads\/2020\/07\/20200706_120514_864x486.mp4?_=1\" \/><a href=\"http:\/\/folhadosudeste.com\/site\/wp-content\/uploads\/2020\/07\/20200706_120514_864x486.mp4\">http:\/\/folhadosudeste.com\/site\/wp-content\/uploads\/2020\/07\/20200706_120514_864x486.mp4<\/a><\/video><\/div>\n<p><em><strong>Presidente da CRESOL Minas Jo\u00e3o Paulo Dias da Fonseca falando sobre o Plano Safra 2020\/21<\/strong><\/em><\/p>\n<p style=\"text-align: justify;\">Na segunda-feira 6 de julho, em coletiva de imprensa, ocorrida na Sede Administrativa da Cresol Minas foi anunciado novas taxas do Plano Safra 2020\/21. Em comemora\u00e7\u00e3o aos 25 anos da Cooperativa, o Presidente Jo\u00e3o Paulo Dias da Fonseca, juntamente com a Diretora de Neg\u00f3cios, Mayara Ribas e o Diretor Administrativo Anderson Ribeiro, anunciaram o in\u00edcio da libera\u00e7\u00e3o das linhas de cr\u00e9dito do Plano Safra 2020\/2021. Com taxas reduzidas e atrativas para Pronaf e Pronamp, a Cresol espera um enorme volume de transa\u00e7\u00f5es em Minas Gerais, almejando ainda a chegada de novos cooperados. As propostas de financiamento j\u00e1 podem ser encaminhadas para a Cooperativa.<\/p>\n<p><!--more--><\/p>\n<p style=\"text-align: justify;\">O Plano Safra 2020\/2021 foi lan\u00e7ado pelo Governo Federal com o an\u00fancio de R$ 236,3 bilh\u00f5es para apoiar a produ\u00e7\u00e3o agr\u00edcola nacional, um aumento de R$ 13,5 bilh\u00f5es em rela\u00e7\u00e3o ao plano anterior. O novo Plano Safra vai de julho de 2020 a 2021, com R$ 179,38 bilh\u00f5es destinados ao custeio e comercializa\u00e7\u00e3o e R$ 56,92 bilh\u00f5es para investimentos em infraestrutura. A Diretora de Neg\u00f3cios Mayara Ribas, disse que foram destinados pelo Governo Federal, para todo o pa\u00eds, R$ 33 bilh\u00f5es para financiamento pelo Pronaf (Programa de Fortalecimento da Agricultura Familiar), com juros de 2,75% e 4% ao ano e para os m\u00e9dios produtores rurais, ser\u00e3o destinados R$ 33,1 bilh\u00f5es, por meio do Programa Nacional de Apoio ao M\u00e9dio Produtor Rural (Pronamp), com taxas de juros de 5% ao ano (custeio e comercializa\u00e7\u00e3o).<\/p>\n<p style=\"text-align: justify;\">J\u00e1 o Presidente da Cresol Minas, Jo\u00e3o Paulo fez quest\u00e3o de refor\u00e7ar o bom atendimento aos cooperados durante todo o per\u00edodo. \u201cTemos um bom Plano Safra, com menor taxa de juros, aumento nos valores, melhoria em linhas e isso vem ao encontro de atender \u00e0s necessidades dos cooperados. A Cresol celebra 25 anos em 2020 e neste longo tempo sempre desempenhou a miss\u00e3o de levar cr\u00e9dito a todos promovendo desenvolvimento dos empreendimentos\u201d ressalta o presidente. O Diretor Administrativo Anderson Ribeiro relatou que a Cresol sempre procura atender os anseios dos cooperados, fazendo com que o cr\u00e9dito chegue de forma mais r\u00e1pida e segura \u00e0 todos evitando maiores burocracias.<\/p>\n<p style=\"text-align: justify;\"><strong>SOBRE A CRESOL:<\/strong> O Sistema Cresol est\u00e1 presente em 17 estados e possui 571 ag\u00eancias de relacionamento e 578 mil associados. Em Minas Gerais atende em 18 ag\u00eancias localizadas nos munic\u00edpios de Muria\u00e9, Manhua\u00e7u, Carangola, Manhumirim, Erv\u00e1lia, Divino, Espera Feliz, Miradouro, Eugen\u00f3polis, Fervedouro, Araponga, Guiricema, Alto Jequitib\u00e1, Tombos, Santana do Manhua\u00e7u, Ros\u00e1rio da Limeira, Simon\u00e9sia e no estado do Rio de Janeiro tem ag\u00eancia no distrito de Porci\u00fancula, Santa Clara.<\/p>\n<p><a href=\"http:\/\/folhadosudeste.com\/site\/wp-content\/uploads\/2020\/07\/DSC_0022.jpg\"><img loading=\"lazy\" decoding=\"async\" class=\"alignnone size-full wp-image-71426\" src=\"http:\/\/folhadosudeste.com\/site\/wp-content\/uploads\/2020\/07\/DSC_0022.jpg\" alt=\"\" width=\"2048\" height=\"1356\" srcset=\"http:\/\/folhadosudeste.com\/site\/wp-content\/uploads\/2020\/07\/DSC_0022.jpg 2048w, http:\/\/folhadosudeste.com\/site\/wp-content\/uploads\/2020\/07\/DSC_0022-300x199.jpg 300w, http:\/\/folhadosudeste.com\/site\/wp-content\/uploads\/2020\/07\/DSC_0022-768x509.jpg 768w, http:\/\/folhadosudeste.com\/site\/wp-content\/uploads\/2020\/07\/DSC_0022-1024x678.jpg 1024w, http:\/\/folhadosudeste.com\/site\/wp-content\/uploads\/2020\/07\/DSC_0022-120x80.jpg 120w, http:\/\/folhadosudeste.com\/site\/wp-content\/uploads\/2020\/07\/DSC_0022-590x390.jpg 590w\" sizes=\"auto, (max-width: 2048px) 100vw, 2048px\" \/><\/a><\/p>\n<p><a href=\"http:\/\/folhadosudeste.com\/site\/wp-content\/uploads\/2020\/07\/DSC_0017.jpg\"><img loading=\"lazy\" decoding=\"async\" class=\"alignnone size-full wp-image-71427\" src=\"http:\/\/folhadosudeste.com\/site\/wp-content\/uploads\/2020\/07\/DSC_0017.jpg\" alt=\"\" width=\"2048\" height=\"1356\" srcset=\"http:\/\/folhadosudeste.com\/site\/wp-content\/uploads\/2020\/07\/DSC_0017.jpg 2048w, http:\/\/folhadosudeste.com\/site\/wp-content\/uploads\/2020\/07\/DSC_0017-300x199.jpg 300w, http:\/\/folhadosudeste.com\/site\/wp-content\/uploads\/2020\/07\/DSC_0017-768x509.jpg 768w, http:\/\/folhadosudeste.com\/site\/wp-content\/uploads\/2020\/07\/DSC_0017-1024x678.jpg 1024w, http:\/\/folhadosudeste.com\/site\/wp-content\/uploads\/2020\/07\/DSC_0017-120x80.jpg 120w, http:\/\/folhadosudeste.com\/site\/wp-content\/uploads\/2020\/07\/DSC_0017-590x390.jpg 590w\" sizes=\"auto, (max-width: 2048px) 100vw, 2048px\" \/><\/a><\/p>\n<p><a href=\"http:\/\/folhadosudeste.com\/site\/wp-content\/uploads\/2020\/07\/DSC_0038.jpg\"><img loading=\"lazy\" decoding=\"async\" class=\"alignnone size-full wp-image-71428\" src=\"http:\/\/folhadosudeste.com\/site\/wp-content\/uploads\/2020\/07\/DSC_0038.jpg\" alt=\"\" width=\"2048\" height=\"1356\" srcset=\"http:\/\/folhadosudeste.com\/site\/wp-content\/uploads\/2020\/07\/DSC_0038.jpg 2048w, http:\/\/folhadosudeste.com\/site\/wp-content\/uploads\/2020\/07\/DSC_0038-300x199.jpg 300w, http:\/\/folhadosudeste.com\/site\/wp-content\/uploads\/2020\/07\/DSC_0038-768x509.jpg 768w, http:\/\/folhadosudeste.com\/site\/wp-content\/uploads\/2020\/07\/DSC_0038-1024x678.jpg 1024w, http:\/\/folhadosudeste.com\/site\/wp-content\/uploads\/2020\/07\/DSC_0038-120x80.jpg 120w, http:\/\/folhadosudeste.com\/site\/wp-content\/uploads\/2020\/07\/DSC_0038-590x390.jpg 590w\" sizes=\"auto, (max-width: 2048px) 100vw, 2048px\" \/><\/a><\/p>\n","protected":false},"excerpt":{"rendered":"<p>Presidente da CRESOL Minas Jo\u00e3o Paulo Dias da Fonseca falando sobre o Plano Safra 2020\/21 Na segunda-feira 6 de julho, em coletiva de imprensa, ocorrida na Sede Administrativa da Cresol Minas foi anunciado novas taxas do Plano Safra 2020\/21. Em comemora\u00e7\u00e3o aos 25 anos da Cooperativa, o Presidente Jo\u00e3o Paulo Dias da Fonseca, juntamente com [&hellip;]<\/p>\n","protected":false},"author":6,"featured_media":0,"comment_status":"open","ping_status":"closed","sticky":false,"template":"","format":"standard","meta":{"_joinchat":[],"footnotes":""},"categories":[1],"tags":[],"class_list":["post-71424","post","type-post","status-publish","format-standard","hentry","category-sem-categoria"],"_links":{"self":[{"href":"http:\/\/folhadosudeste.com\/site\/index.php?rest_route=\/wp\/v2\/posts\/71424","targetHints":{"allow":["GET"]}}],"collection":[{"href":"http:\/\/folhadosudeste.com\/site\/index.php?rest_route=\/wp\/v2\/posts"}],"about":[{"href":"http:\/\/folhadosudeste.com\/site\/index.php?rest_route=\/wp\/v2\/types\/post"}],"author":[{"embeddable":true,"href":"http:\/\/folhadosudeste.com\/site\/index.php?rest_route=\/wp\/v2\/users\/6"}],"replies":[{"embeddable":true,"href":"http:\/\/folhadosudeste.com\/site\/index.php?rest_route=%2Fwp%2Fv2%2Fcomments&post=71424"}],"version-history":[{"count":6,"href":"http:\/\/folhadosudeste.com\/site\/index.php?rest_route=\/wp\/v2\/posts\/71424\/revisions"}],"predecessor-version":[{"id":71456,"href":"http:\/\/folhadosudeste.com\/site\/index.php?rest_route=\/wp\/v2\/posts\/71424\/revisions\/71456"}],"wp:attachment":[{"href":"http:\/\/folhadosudeste.com\/site\/index.php?rest_route=%2Fwp%2Fv2%2Fmedia&parent=71424"}],"wp:term":[{"taxonomy":"category","embeddable":true,"href":"http:\/\/folhadosudeste.com\/site\/index.php?rest_route=%2Fwp%2Fv2%2Fcategories&post=71424"},{"taxonomy":"post_tag","embeddable":true,"href":"http:\/\/folhadosudeste.com\/site\/index.php?rest_route=%2Fwp%2Fv2%2Ftags&post=71424"}],"curies":[{"name":"wp","href":"https:\/\/api.w.org\/{rel}","templated":true}]}}