{"id":71432,"date":"2020-07-08T17:22:56","date_gmt":"2020-07-08T17:22:56","guid":{"rendered":"http:\/\/folhadosudeste.com\/site\/?p=71432"},"modified":"2020-07-08T19:45:53","modified_gmt":"2020-07-08T19:45:53","slug":"muriae-tem-menor-numero-de-novos-casos-de-covid-em-40-dias-total-de-curados-segue-crescendo","status":"publish","type":"post","link":"http:\/\/folhadosudeste.com\/site\/?p=71432","title":{"rendered":"Muria\u00e9 tem menor n\u00famero de novos casos de covid em 40 dias; total de curados segue crescendo"},"content":{"rendered":"<p><img decoding=\"async\" src=\"https:\/\/muriae.mg.gov.br\/wp-content\/uploads\/2020\/07\/WhatsApp-Image-2020-07-08-at-10.50.33.jpeg\"><\/p>\n<p style=\"text-align: justify;\">Muria\u00e9 registrou nesta quarta-feira, dia 8 de julho, o menor n\u00famero de novas infec\u00e7\u00f5es di\u00e1rias por coronav\u00edrus desde 29 de maio. Foram confirmados mais nove casos entre moradores locais e apenas um entre pessoas de fora.<\/p>\n<p style=\"text-align: justify;\">O n\u00famero de muriaeenses curados, por sua vez, teve o maior crescimento j\u00e1 registrado, subindo de 457 para 522 entre ontem e hoje. Ou seja, 65 pessoas foram consideradas como recuperadas da covid nas \u00faltimas 24 horas.<\/p>\n<p><!--more--><\/p>\n<p style=\"text-align: justify;\">Mesmo com as boas not\u00edcias, a Secretaria Municipal de Sa\u00fade refor\u00e7a que ainda \u00e9 cedo para confirmar se os n\u00fameros refletem uma real desacelera\u00e7\u00e3o da doen\u00e7a ou se mostram apenas uma oscila\u00e7\u00e3o.<\/p>\n<p style=\"text-align: justify;\">&#8220;Precisamos aguardar o t\u00e9rmino da primeira quinzena de julho, para que os dados sejam ent\u00e3o comparados com os da quinzena anterior. A an\u00e1lise por dia n\u00e3o \u00e9 a mais adequada, mas j\u00e1 nos traz uma esperan\u00e7a para a diminui\u00e7\u00e3o do ritmo de cont\u00e1gio&#8221;, informa a coordenadora do Departamento de Vigil\u00e2ncia em Sa\u00fade, Laura Freitas.<\/p>\n<p style=\"text-align: justify;\">N\u00fameros completos desta quarta-feira (08\/07\/2020):<\/p>\n<p style=\"text-align: justify;\"><strong>MORADORES DE MURIA\u00c9<\/strong><br \/>\nTotal de confirma\u00e7\u00f5es: 1.081 (ontem eram 1.072)<br \/>\nPacientes ativos: 522 (ontem eram 578)<br \/>\nPacientes curados: 522 (ontem eram 457)<br \/>\n\u00d3bitos: 37 (n\u00e3o houve altera\u00e7\u00e3o em rela\u00e7\u00e3o ao \u00faltimo boletim)<br \/>\nEm investiga\u00e7\u00e3o com exame: 56<br \/>\nEm monitoramento sem exame: 527<br \/>\nDescartados: 971<\/p>\n<p style=\"text-align: justify;\"><strong>MORADORES DE OUTRAS CIDADES<\/strong><br \/>\nTotal de confirma\u00e7\u00f5es: 111 (ontem eram 110)<br \/>\nPacientes ativos: 51 (ontem eram 50)<br \/>\nPacientes curados: 47 (mesmo n\u00famero de ontem)<br \/>\n\u00d3bitos: 13 (mesmo n\u00famero de ontem)<br \/>\nEm investiga\u00e7\u00e3o com exame: 08<br \/>\nEm monitoramento sem exame: 07<br \/>\nDescartados: 267<\/p>\n","protected":false},"excerpt":{"rendered":"<p>Muria\u00e9 registrou nesta quarta-feira, dia 8 de julho, o menor n\u00famero de novas infec\u00e7\u00f5es di\u00e1rias por coronav\u00edrus desde 29 de maio. Foram confirmados mais nove casos entre moradores locais e apenas um entre pessoas de fora. O n\u00famero de muriaeenses curados, por sua vez, teve o maior crescimento j\u00e1 registrado, subindo de 457 para 522 [&hellip;]<\/p>\n","protected":false},"author":6,"featured_media":0,"comment_status":"open","ping_status":"closed","sticky":false,"template":"","format":"standard","meta":{"_joinchat":[],"footnotes":""},"categories":[1],"tags":[],"class_list":["post-71432","post","type-post","status-publish","format-standard","hentry","category-sem-categoria"],"_links":{"self":[{"href":"http:\/\/folhadosudeste.com\/site\/index.php?rest_route=\/wp\/v2\/posts\/71432","targetHints":{"allow":["GET"]}}],"collection":[{"href":"http:\/\/folhadosudeste.com\/site\/index.php?rest_route=\/wp\/v2\/posts"}],"about":[{"href":"http:\/\/folhadosudeste.com\/site\/index.php?rest_route=\/wp\/v2\/types\/post"}],"author":[{"embeddable":true,"href":"http:\/\/folhadosudeste.com\/site\/index.php?rest_route=\/wp\/v2\/users\/6"}],"replies":[{"embeddable":true,"href":"http:\/\/folhadosudeste.com\/site\/index.php?rest_route=%2Fwp%2Fv2%2Fcomments&post=71432"}],"version-history":[{"count":3,"href":"http:\/\/folhadosudeste.com\/site\/index.php?rest_route=\/wp\/v2\/posts\/71432\/revisions"}],"predecessor-version":[{"id":71454,"href":"http:\/\/folhadosudeste.com\/site\/index.php?rest_route=\/wp\/v2\/posts\/71432\/revisions\/71454"}],"wp:attachment":[{"href":"http:\/\/folhadosudeste.com\/site\/index.php?rest_route=%2Fwp%2Fv2%2Fmedia&parent=71432"}],"wp:term":[{"taxonomy":"category","embeddable":true,"href":"http:\/\/folhadosudeste.com\/site\/index.php?rest_route=%2Fwp%2Fv2%2Fcategories&post=71432"},{"taxonomy":"post_tag","embeddable":true,"href":"http:\/\/folhadosudeste.com\/site\/index.php?rest_route=%2Fwp%2Fv2%2Ftags&post=71432"}],"curies":[{"name":"wp","href":"https:\/\/api.w.org\/{rel}","templated":true}]}}