{"id":71447,"date":"2020-07-08T19:26:45","date_gmt":"2020-07-08T19:26:45","guid":{"rendered":"http:\/\/folhadosudeste.com\/site\/?p=71447"},"modified":"2020-07-08T19:26:45","modified_gmt":"2020-07-08T19:26:45","slug":"nota-da-prefeitura-de-muriae-sobre-o-conselho-tutelar","status":"publish","type":"post","link":"http:\/\/folhadosudeste.com\/site\/?p=71447","title":{"rendered":"Nota da Prefeitura de Muria\u00e9 sobre o Conselho Tutelar"},"content":{"rendered":"<div><a href=\"http:\/\/folhadosudeste.com\/site\/wp-content\/uploads\/2020\/07\/nota-nota.jpg\"><img loading=\"lazy\" decoding=\"async\" class=\"alignnone size-full wp-image-71448\" src=\"http:\/\/folhadosudeste.com\/site\/wp-content\/uploads\/2020\/07\/nota-nota.jpg\" alt=\"\" width=\"1440\" height=\"810\" srcset=\"http:\/\/folhadosudeste.com\/site\/wp-content\/uploads\/2020\/07\/nota-nota.jpg 1440w, http:\/\/folhadosudeste.com\/site\/wp-content\/uploads\/2020\/07\/nota-nota-300x169.jpg 300w, http:\/\/folhadosudeste.com\/site\/wp-content\/uploads\/2020\/07\/nota-nota-768x432.jpg 768w, http:\/\/folhadosudeste.com\/site\/wp-content\/uploads\/2020\/07\/nota-nota-1024x576.jpg 1024w\" sizes=\"auto, (max-width: 1440px) 100vw, 1440px\" \/><\/a><\/div>\n<div style=\"text-align: justify;\">A Prefeitura de Muria\u00e9 informa que o Conselho Tutelar \u00e9 um \u00f3rg\u00e3o colegiado, permanente e aut\u00f4nomo, cuja fun\u00e7\u00e3o \u00e9 zelar pelo cumprimento dos direitos da crian\u00e7a e do adolescente, conforme preconiza o Estatuto da Crian\u00e7a e do Adolescente (Lei Federal n\u00ba 8.069\/1990).<\/div>\n<div style=\"text-align: justify;\">&nbsp;<\/div>\n<div style=\"text-align: justify;\">A Prefeitura informa tamb\u00e9m que a escolha de conselheiros tutelares \u00e9 um processo previsto na Lei Municipal n\u00ba 1.580\/1991 e na Lei Municipal n\u00ba 3.275\/2006, as quais indicam que os conselheiros tutelares dever\u00e3o ser eleitos por voto facultativo e secreto de cidad\u00e3os do munic\u00edpio, com elei\u00e7\u00f5es regulamentadas em edital espec\u00edfico publicado pelo Conselho Municipal dos Direitos da Crian\u00e7a e do Adolescente (CMDCA). Nesta dire\u00e7\u00e3o, o Edital n\u00ba 01\/2019 do CMDCA estabelece os crit\u00e9rios t\u00e9cnicos para elei\u00e7\u00e3o dos conselheiros tutelares no munic\u00edpio de Muria\u00e9.<\/div>\n<p><!--more--><\/p>\n<div style=\"text-align: justify;\">Tendo em vista a natureza aut\u00f4noma do \u00f3rg\u00e3o indicada expressamente no Estatuto da Crian\u00e7a e do Adolescente, a Administra\u00e7\u00e3o municipal ressalta que o Conselho Tutelar n\u00e3o est\u00e1 vinculado hierarquicamente \u00e0 Prefeitura Municipal e, neste sentido, est\u00e1 sujeito \u00e0 fiscaliza\u00e7\u00e3o do Conselho Municipal dos Direitos da Crian\u00e7a e do Adolescente, da autoridade judici\u00e1ria e do Minist\u00e9rio P\u00fablico.<\/div>\n<div style=\"text-align: justify;\">&nbsp;<\/div>\n<div style=\"text-align: justify;\">Sendo assim, a fiscaliza\u00e7\u00e3o do Minist\u00e9rio P\u00fablico tem in\u00edcio na an\u00e1lise das candidaturas no que diz respeito aos requisitos legais exigidos para a fun\u00e7\u00e3o de conselheiro tutelar e se estende durante todo o mandato dos membros eleitos, a fim de coibir e evitar desvios e abusos praticados no exerc\u00edcio da fun\u00e7\u00e3o.<\/div>\n<div style=\"text-align: justify;\">&nbsp;<\/div>\n<div style=\"text-align: justify;\">Por fim, ressalta-se que eventuais manifesta\u00e7\u00f5es pessoais de conselheiros tutelares n\u00e3o representam em nenhum momento o posicionamento institucional do Conselho Tutelar ou da Prefeitura de Muria\u00e9. <em><strong>Fonte:&nbsp;Comunica\u00e7\u00e3o PMM<\/strong><\/em><\/div>\n","protected":false},"excerpt":{"rendered":"<p>A Prefeitura de Muria\u00e9 informa que o Conselho Tutelar \u00e9 um \u00f3rg\u00e3o colegiado, permanente e aut\u00f4nomo, cuja fun\u00e7\u00e3o \u00e9 zelar pelo cumprimento dos direitos da crian\u00e7a e do adolescente, conforme preconiza o Estatuto da Crian\u00e7a e do Adolescente (Lei Federal n\u00ba 8.069\/1990). &nbsp; A Prefeitura informa tamb\u00e9m que a escolha de conselheiros tutelares \u00e9 um [&hellip;]<\/p>\n","protected":false},"author":6,"featured_media":0,"comment_status":"open","ping_status":"closed","sticky":false,"template":"","format":"standard","meta":{"_joinchat":[],"footnotes":""},"categories":[1],"tags":[],"class_list":["post-71447","post","type-post","status-publish","format-standard","hentry","category-sem-categoria"],"_links":{"self":[{"href":"http:\/\/folhadosudeste.com\/site\/index.php?rest_route=\/wp\/v2\/posts\/71447","targetHints":{"allow":["GET"]}}],"collection":[{"href":"http:\/\/folhadosudeste.com\/site\/index.php?rest_route=\/wp\/v2\/posts"}],"about":[{"href":"http:\/\/folhadosudeste.com\/site\/index.php?rest_route=\/wp\/v2\/types\/post"}],"author":[{"embeddable":true,"href":"http:\/\/folhadosudeste.com\/site\/index.php?rest_route=\/wp\/v2\/users\/6"}],"replies":[{"embeddable":true,"href":"http:\/\/folhadosudeste.com\/site\/index.php?rest_route=%2Fwp%2Fv2%2Fcomments&post=71447"}],"version-history":[{"count":1,"href":"http:\/\/folhadosudeste.com\/site\/index.php?rest_route=\/wp\/v2\/posts\/71447\/revisions"}],"predecessor-version":[{"id":71449,"href":"http:\/\/folhadosudeste.com\/site\/index.php?rest_route=\/wp\/v2\/posts\/71447\/revisions\/71449"}],"wp:attachment":[{"href":"http:\/\/folhadosudeste.com\/site\/index.php?rest_route=%2Fwp%2Fv2%2Fmedia&parent=71447"}],"wp:term":[{"taxonomy":"category","embeddable":true,"href":"http:\/\/folhadosudeste.com\/site\/index.php?rest_route=%2Fwp%2Fv2%2Fcategories&post=71447"},{"taxonomy":"post_tag","embeddable":true,"href":"http:\/\/folhadosudeste.com\/site\/index.php?rest_route=%2Fwp%2Fv2%2Ftags&post=71447"}],"curies":[{"name":"wp","href":"https:\/\/api.w.org\/{rel}","templated":true}]}}