{"id":71450,"date":"2020-07-08T19:42:40","date_gmt":"2020-07-08T19:42:40","guid":{"rendered":"http:\/\/folhadosudeste.com\/site\/?p=71450"},"modified":"2020-07-08T19:42:40","modified_gmt":"2020-07-08T19:42:40","slug":"muriae-tera-vacinacao-em-drive-thru-contra-gripe-e-sarampo-dia-18","status":"publish","type":"post","link":"http:\/\/folhadosudeste.com\/site\/?p=71450","title":{"rendered":"Muria\u00e9 ter\u00e1 vacina\u00e7\u00e3o em drive thru contra gripe e sarampo dia 18"},"content":{"rendered":"<p><a href=\"http:\/\/folhadosudeste.com\/site\/wp-content\/uploads\/2020\/07\/03-1.jpg\"><img loading=\"lazy\" decoding=\"async\" class=\"alignnone size-full wp-image-71451\" src=\"http:\/\/folhadosudeste.com\/site\/wp-content\/uploads\/2020\/07\/03-1.jpg\" alt=\"\" width=\"2047\" height=\"1365\" srcset=\"http:\/\/folhadosudeste.com\/site\/wp-content\/uploads\/2020\/07\/03-1.jpg 2047w, http:\/\/folhadosudeste.com\/site\/wp-content\/uploads\/2020\/07\/03-1-300x200.jpg 300w, http:\/\/folhadosudeste.com\/site\/wp-content\/uploads\/2020\/07\/03-1-768x512.jpg 768w, http:\/\/folhadosudeste.com\/site\/wp-content\/uploads\/2020\/07\/03-1-1024x683.jpg 1024w, http:\/\/folhadosudeste.com\/site\/wp-content\/uploads\/2020\/07\/03-1-120x80.jpg 120w, http:\/\/folhadosudeste.com\/site\/wp-content\/uploads\/2020\/07\/03-1-345x230.jpg 345w\" sizes=\"auto, (max-width: 2047px) 100vw, 2047px\" \/><\/a><\/p>\n<p style=\"text-align: justify;\"><i>Equipes da Sa\u00fade v\u00e3o imunizar grupos priorit\u00e1rios no espa\u00e7o da feira, na G\u00e1vea<\/i><\/p>\n<p style=\"text-align: justify;\">Para imunizar o maior n\u00famero poss\u00edvel de pessoas dos grupos priorit\u00e1rios, a Prefeitura de Muria\u00e9, por meio da Secretaria Municipal de Sa\u00fade, vai intensificar a vacina\u00e7\u00e3o contra a gripe e sarampo atrav\u00e9s do esquema &#8220;drive thru&#8221;, ou seja, n\u00e3o \u00e9 necess\u00e1rio sair do carro para a aplica\u00e7\u00e3o das doses. A iniciativa acontecer\u00e1 dia 18 deste m\u00eas, s\u00e1bado, das 8h \u00e0s 16h, no espa\u00e7o da Feira Livre &#8211; Avenida Alfredo Pedro Carneiro, G\u00e1vea.<\/p>\n<p style=\"text-align: justify;\">As 5 mil doses da vacina contra a gripe ser\u00e3o destinadas para pessoas do p\u00fablico-alvo que ainda n\u00e3o alcan\u00e7ou a meta de 90% estipulada pelo Minist\u00e9rio da Sa\u00fade: gestantes, pu\u00e9rperas (mulheres com 45 dias ap\u00f3s o parto), crian\u00e7as de 6 meses a menores de 6 anos e adultos com idade superior a 55 anos. J\u00e1 a tr\u00edplice viral tem como grupo eleg\u00edvel pessoas entre 20 e 49 anos.<\/p>\n<p><!--more--><\/p>\n<p style=\"text-align: justify;\">Aproximadamente 25 profissionais de sa\u00fade v\u00e3o aplicar as doses, a fim de agilizar o servi\u00e7o e evitar engarrafamentos e aglomera\u00e7\u00f5es. Para receber o imunizante, \u00e9 necess\u00e1rio apresentar cart\u00e3o de vacina (para crian\u00e7as) e comprovante de que pertence ao grupo priorit\u00e1rio (no caso de adultos), com exce\u00e7\u00e3o de gestantes.<\/p>\n<p style=\"text-align: justify;\">Caso algu\u00e9m compare\u00e7a a p\u00e9 tamb\u00e9m ser\u00e1 atendido. Pessoas de grupos priorit\u00e1rios &#8211; como idosos, caminhoneiros, profissionais de seguran\u00e7a p\u00fablica e profissionais da sa\u00fade, por exemplo &#8211; cujas metas foram batidas, mas que ainda n\u00e3o receberam a dose, tamb\u00e9m ser\u00e3o imunizadas.<\/p>\n<p style=\"text-align: justify;\">A iniciativa contar\u00e1 com apoio do Demuttran na organiza\u00e7\u00e3o do tr\u00e2nsito no local.<\/p>\n<p style=\"text-align: justify;\"><b>Balan\u00e7o da vacina\u00e7\u00e3o:<\/b><\/p>\n<p style=\"text-align: justify;\">&#8211; Gripe: at\u00e9 o momento, foram aplicadas 26.677 doses da vacina contra a influenza. A meta \u00e9 imunizar 29.132 pessoas na cidade.<\/p>\n<p style=\"text-align: justify;\">Idosos e trabalhadores da sa\u00fade ultrapassaram a meta: foram imunizadas 15.756 (119,47%) e 3.382 (134,85%) pessoas, respectivamente.<\/p>\n<p style=\"text-align: justify;\">Os grupos das gestantes (71,97%), pu\u00e9rperas (64,85%), crian\u00e7as de 6 meses a menores de 6 anos (56,53%) e adultos com idade superior a 55 anos (51,84%) ainda n\u00e3o atingiram a meta.<\/p>\n<p style=\"text-align: justify;\">&#8211; Sarampo: at\u00e9 o momento, foram aplicadas 9.234 doses da tr\u00edplice viral (19,20%). A meta \u00e9 imunizar 47.904 pessoas de 20 a 49 anos na cidade.<\/p>\n<p style=\"text-align: justify;\"><b>Imunizar para proteger &#8211;<\/b>&nbsp;O Minist\u00e9rio da Sa\u00fade frisa aos munic\u00edpios que, apesar da pandemia do coronav\u00edrus, \u00e9 importante que os pais levem os filhos aos postos para receber as doses de rotina do calend\u00e1rio vacinal. Para isso, devem fazer uso de m\u00e1scaras e de \u00e1lcool (em gel ou l\u00edquido).<\/p>\n<p style=\"text-align: justify;\">\u201cN\u00e3o adianta prevenir apenas a covid-19. \u00c9 necess\u00e1rio estar imunizado contra doen\u00e7as que tamb\u00e9m s\u00e3o graves\u201d, frisa a enfermeira-coordenadora de Imuniza\u00e7\u00e3o da Secretaria Municipal de Sa\u00fade, Rosinalva Pedrosa. \u201cA taxa de imuniza\u00e7\u00e3o est\u00e1 com percentual abaixo do esperado em todo pa\u00eds e as vacinas s\u00e3o a \u00fanica forma de preven\u00e7\u00e3o de diversas doen\u00e7as na fase infantil e adulta\u201d, completa.&nbsp;&nbsp;&nbsp;<\/p>\n<p><a href=\"http:\/\/folhadosudeste.com\/site\/wp-content\/uploads\/2020\/07\/Vacina\u00e7\u00e3o-em-drive-thru-acontecer\u00e1-no-espa\u00e7o-da-Feira-Livre-na-G\u00e1vea.jpg\"><img loading=\"lazy\" decoding=\"async\" class=\"alignnone size-full wp-image-71452\" src=\"http:\/\/folhadosudeste.com\/site\/wp-content\/uploads\/2020\/07\/Vacina\u00e7\u00e3o-em-drive-thru-acontecer\u00e1-no-espa\u00e7o-da-Feira-Livre-na-G\u00e1vea.jpg\" alt=\"\" width=\"1500\" height=\"940\" srcset=\"http:\/\/folhadosudeste.com\/site\/wp-content\/uploads\/2020\/07\/Vacina\u00e7\u00e3o-em-drive-thru-acontecer\u00e1-no-espa\u00e7o-da-Feira-Livre-na-G\u00e1vea.jpg 1500w, http:\/\/folhadosudeste.com\/site\/wp-content\/uploads\/2020\/07\/Vacina\u00e7\u00e3o-em-drive-thru-acontecer\u00e1-no-espa\u00e7o-da-Feira-Livre-na-G\u00e1vea-300x188.jpg 300w, http:\/\/folhadosudeste.com\/site\/wp-content\/uploads\/2020\/07\/Vacina\u00e7\u00e3o-em-drive-thru-acontecer\u00e1-no-espa\u00e7o-da-Feira-Livre-na-G\u00e1vea-768x481.jpg 768w, http:\/\/folhadosudeste.com\/site\/wp-content\/uploads\/2020\/07\/Vacina\u00e7\u00e3o-em-drive-thru-acontecer\u00e1-no-espa\u00e7o-da-Feira-Livre-na-G\u00e1vea-1024x642.jpg 1024w\" sizes=\"auto, (max-width: 1500px) 100vw, 1500px\" \/><\/a><\/p>\n","protected":false},"excerpt":{"rendered":"<p>Equipes da Sa\u00fade v\u00e3o imunizar grupos priorit\u00e1rios no espa\u00e7o da feira, na G\u00e1vea Para imunizar o maior n\u00famero poss\u00edvel de pessoas dos grupos priorit\u00e1rios, a Prefeitura de Muria\u00e9, por meio da Secretaria Municipal de Sa\u00fade, vai intensificar a vacina\u00e7\u00e3o contra a gripe e sarampo atrav\u00e9s do esquema &#8220;drive thru&#8221;, ou seja, n\u00e3o \u00e9 necess\u00e1rio sair [&hellip;]<\/p>\n","protected":false},"author":6,"featured_media":0,"comment_status":"open","ping_status":"closed","sticky":false,"template":"","format":"standard","meta":{"_joinchat":[],"footnotes":""},"categories":[1],"tags":[],"class_list":["post-71450","post","type-post","status-publish","format-standard","hentry","category-sem-categoria"],"_links":{"self":[{"href":"http:\/\/folhadosudeste.com\/site\/index.php?rest_route=\/wp\/v2\/posts\/71450","targetHints":{"allow":["GET"]}}],"collection":[{"href":"http:\/\/folhadosudeste.com\/site\/index.php?rest_route=\/wp\/v2\/posts"}],"about":[{"href":"http:\/\/folhadosudeste.com\/site\/index.php?rest_route=\/wp\/v2\/types\/post"}],"author":[{"embeddable":true,"href":"http:\/\/folhadosudeste.com\/site\/index.php?rest_route=\/wp\/v2\/users\/6"}],"replies":[{"embeddable":true,"href":"http:\/\/folhadosudeste.com\/site\/index.php?rest_route=%2Fwp%2Fv2%2Fcomments&post=71450"}],"version-history":[{"count":1,"href":"http:\/\/folhadosudeste.com\/site\/index.php?rest_route=\/wp\/v2\/posts\/71450\/revisions"}],"predecessor-version":[{"id":71453,"href":"http:\/\/folhadosudeste.com\/site\/index.php?rest_route=\/wp\/v2\/posts\/71450\/revisions\/71453"}],"wp:attachment":[{"href":"http:\/\/folhadosudeste.com\/site\/index.php?rest_route=%2Fwp%2Fv2%2Fmedia&parent=71450"}],"wp:term":[{"taxonomy":"category","embeddable":true,"href":"http:\/\/folhadosudeste.com\/site\/index.php?rest_route=%2Fwp%2Fv2%2Fcategories&post=71450"},{"taxonomy":"post_tag","embeddable":true,"href":"http:\/\/folhadosudeste.com\/site\/index.php?rest_route=%2Fwp%2Fv2%2Ftags&post=71450"}],"curies":[{"name":"wp","href":"https:\/\/api.w.org\/{rel}","templated":true}]}}