{"id":71468,"date":"2020-07-09T23:39:57","date_gmt":"2020-07-09T23:39:57","guid":{"rendered":"http:\/\/folhadosudeste.com\/site\/?p=71468"},"modified":"2020-07-09T23:39:57","modified_gmt":"2020-07-09T23:39:57","slug":"muriae-tem-mais-36-casos-de-covid-e-nova-morte-de-paciente-de-fora","status":"publish","type":"post","link":"http:\/\/folhadosudeste.com\/site\/?p=71468","title":{"rendered":"Muria\u00e9 tem mais 36 casos de covid e nova morte de paciente de fora"},"content":{"rendered":"<p><a href=\"http:\/\/folhadosudeste.com\/site\/wp-content\/uploads\/2020\/07\/893d8009-670d-494e-8363-d06efc3bbaac.jpg\"><img loading=\"lazy\" decoding=\"async\" class=\"alignnone size-full wp-image-71471\" src=\"http:\/\/folhadosudeste.com\/site\/wp-content\/uploads\/2020\/07\/893d8009-670d-494e-8363-d06efc3bbaac.jpg\" alt=\"\" width=\"1081\" height=\"1081\" srcset=\"http:\/\/folhadosudeste.com\/site\/wp-content\/uploads\/2020\/07\/893d8009-670d-494e-8363-d06efc3bbaac.jpg 1081w, http:\/\/folhadosudeste.com\/site\/wp-content\/uploads\/2020\/07\/893d8009-670d-494e-8363-d06efc3bbaac-150x150.jpg 150w, http:\/\/folhadosudeste.com\/site\/wp-content\/uploads\/2020\/07\/893d8009-670d-494e-8363-d06efc3bbaac-300x300.jpg 300w, http:\/\/folhadosudeste.com\/site\/wp-content\/uploads\/2020\/07\/893d8009-670d-494e-8363-d06efc3bbaac-768x768.jpg 768w, http:\/\/folhadosudeste.com\/site\/wp-content\/uploads\/2020\/07\/893d8009-670d-494e-8363-d06efc3bbaac-1024x1024.jpg 1024w\" sizes=\"auto, (max-width: 1081px) 100vw, 1081px\" \/><\/a><\/p>\n<p style=\"text-align: justify;\">O n\u00famero de novos casos de covid-19 em Muria\u00e9 voltou a subir nesta quinta-feira, em compara\u00e7\u00e3o ao boletim do dia anterior. Foram confirmadas mais 36 infec\u00e7\u00f5es por coronav\u00edrus. Todos os novos pacientes s\u00e3o moradores locais.<\/p>\n<p style=\"text-align: justify;\">Tamb\u00e9m foi registrada a morte de mais uma pessoa em decorr\u00eancia da nova doen\u00e7a. A v\u00edtima foi uma senhora de 74 anos, que morava em outra cidade e estava sendo atendida em Muria\u00e9. Ela tamb\u00e9m tinha c\u00e2ncer e press\u00e3o alta.<\/p>\n<p style=\"text-align: justify;\">Veja os n\u00fameros completos de hoje (09\/07\/2020):<\/p>\n<p><!--more--><\/p>\n<p style=\"text-align: justify;\"><strong>MORADORES DE MURIA\u00c9<\/strong><br \/>\nTotal de confirma\u00e7\u00f5es: 1.117 (36 a mais que ontem)<br \/>\nPacientes ativos: 534 (12 a mais que ontem)<br \/>\nPacientes curados: 591 (69 a mais que ontem)<br \/>\n\u00d3bitos: 37 (sem altera\u00e7\u00e3o h\u00e1 dois dias)<br \/>\nEm investiga\u00e7\u00e3o com exame: 48<br \/>\nEm monitoramento sem exame: 569<br \/>\nDescartados: 1.035<\/p>\n<p style=\"text-align: justify;\"><strong>MORADORES DE OUTRAS CIDADES<\/strong><br \/>\nTotal de confirma\u00e7\u00f5es: 111 (sem altera\u00e7\u00e3o h\u00e1 um dia)<br \/>\nPacientes ativos: 45 (seis a menos que ontem)<br \/>\nPacientes curados: 52 (cinco a mais que ontem)<br \/>\n\u00d3bitos: 14 (um a mais que ontem)<br \/>\nEm investiga\u00e7\u00e3o com exame: 11<br \/>\nEm monitoramento sem exame: 06<br \/>\nDescartados: 273<\/p>\n","protected":false},"excerpt":{"rendered":"<p>O n\u00famero de novos casos de covid-19 em Muria\u00e9 voltou a subir nesta quinta-feira, em compara\u00e7\u00e3o ao boletim do dia anterior. Foram confirmadas mais 36 infec\u00e7\u00f5es por coronav\u00edrus. Todos os novos pacientes s\u00e3o moradores locais. Tamb\u00e9m foi registrada a morte de mais uma pessoa em decorr\u00eancia da nova doen\u00e7a. A v\u00edtima foi uma senhora de [&hellip;]<\/p>\n","protected":false},"author":6,"featured_media":0,"comment_status":"open","ping_status":"closed","sticky":false,"template":"","format":"standard","meta":{"_joinchat":[],"footnotes":""},"categories":[1],"tags":[],"class_list":["post-71468","post","type-post","status-publish","format-standard","hentry","category-sem-categoria"],"_links":{"self":[{"href":"http:\/\/folhadosudeste.com\/site\/index.php?rest_route=\/wp\/v2\/posts\/71468","targetHints":{"allow":["GET"]}}],"collection":[{"href":"http:\/\/folhadosudeste.com\/site\/index.php?rest_route=\/wp\/v2\/posts"}],"about":[{"href":"http:\/\/folhadosudeste.com\/site\/index.php?rest_route=\/wp\/v2\/types\/post"}],"author":[{"embeddable":true,"href":"http:\/\/folhadosudeste.com\/site\/index.php?rest_route=\/wp\/v2\/users\/6"}],"replies":[{"embeddable":true,"href":"http:\/\/folhadosudeste.com\/site\/index.php?rest_route=%2Fwp%2Fv2%2Fcomments&post=71468"}],"version-history":[{"count":1,"href":"http:\/\/folhadosudeste.com\/site\/index.php?rest_route=\/wp\/v2\/posts\/71468\/revisions"}],"predecessor-version":[{"id":71472,"href":"http:\/\/folhadosudeste.com\/site\/index.php?rest_route=\/wp\/v2\/posts\/71468\/revisions\/71472"}],"wp:attachment":[{"href":"http:\/\/folhadosudeste.com\/site\/index.php?rest_route=%2Fwp%2Fv2%2Fmedia&parent=71468"}],"wp:term":[{"taxonomy":"category","embeddable":true,"href":"http:\/\/folhadosudeste.com\/site\/index.php?rest_route=%2Fwp%2Fv2%2Fcategories&post=71468"},{"taxonomy":"post_tag","embeddable":true,"href":"http:\/\/folhadosudeste.com\/site\/index.php?rest_route=%2Fwp%2Fv2%2Ftags&post=71468"}],"curies":[{"name":"wp","href":"https:\/\/api.w.org\/{rel}","templated":true}]}}