{"id":71519,"date":"2020-07-11T18:41:16","date_gmt":"2020-07-11T18:41:16","guid":{"rendered":"http:\/\/folhadosudeste.com\/site\/?p=71519"},"modified":"2020-07-11T18:41:16","modified_gmt":"2020-07-11T18:41:16","slug":"muriae-tem-nova-morte-e-mais-casos-mas-numero-de-curados-da-covid-dispara","status":"publish","type":"post","link":"http:\/\/folhadosudeste.com\/site\/?p=71519","title":{"rendered":"Muria\u00e9 tem nova morte e mais casos, mas n\u00famero de curados da covid dispara"},"content":{"rendered":"<p><a href=\"http:\/\/folhadosudeste.com\/site\/wp-content\/uploads\/2020\/07\/prefeitura-inicia-operacao-cidade-limpa-para-melhorar-limpeza-e-conservacao-urbana-em-muriae.jpg\"><img loading=\"lazy\" decoding=\"async\" class=\"alignnone size-full wp-image-71520\" src=\"http:\/\/folhadosudeste.com\/site\/wp-content\/uploads\/2020\/07\/prefeitura-inicia-operacao-cidade-limpa-para-melhorar-limpeza-e-conservacao-urbana-em-muriae.jpg\" alt=\"\" width=\"984\" height=\"656\" srcset=\"http:\/\/folhadosudeste.com\/site\/wp-content\/uploads\/2020\/07\/prefeitura-inicia-operacao-cidade-limpa-para-melhorar-limpeza-e-conservacao-urbana-em-muriae.jpg 984w, http:\/\/folhadosudeste.com\/site\/wp-content\/uploads\/2020\/07\/prefeitura-inicia-operacao-cidade-limpa-para-melhorar-limpeza-e-conservacao-urbana-em-muriae-300x200.jpg 300w, http:\/\/folhadosudeste.com\/site\/wp-content\/uploads\/2020\/07\/prefeitura-inicia-operacao-cidade-limpa-para-melhorar-limpeza-e-conservacao-urbana-em-muriae-768x512.jpg 768w, http:\/\/folhadosudeste.com\/site\/wp-content\/uploads\/2020\/07\/prefeitura-inicia-operacao-cidade-limpa-para-melhorar-limpeza-e-conservacao-urbana-em-muriae-120x80.jpg 120w, http:\/\/folhadosudeste.com\/site\/wp-content\/uploads\/2020\/07\/prefeitura-inicia-operacao-cidade-limpa-para-melhorar-limpeza-e-conservacao-urbana-em-muriae-345x230.jpg 345w\" sizes=\"auto, (max-width: 984px) 100vw, 984px\" \/><\/a><\/p>\n<p style=\"text-align: justify;\">O boletim desta sexta-feira (10) trouxe o registro de mais uma morte e de 21 novos casos de covid-19 entre moradores de Muria\u00e9 nas \u00faltimas 24h. O \u00f3bito foi de um homem de 52 anos que faleceu ontem. Ele tamb\u00e9m era diab\u00e9tico.<\/p>\n<p style=\"text-align: justify;\">Se o n\u00famero de mortes e infec\u00e7\u00f5es ainda vem crescendo, a boa not\u00edcia \u00e9 que o total de muriaeenses curados saltou de 591 para 680. Ou seja, 89 moradores de Muria\u00e9 foram considerados curados da covid entre ontem e hoje.<\/p>\n<p><!--more--><\/p>\n<p style=\"text-align: justify;\">Nos hospitais, aos poucos a situa\u00e7\u00e3o tamb\u00e9m vai melhorando. Os dados mostram que, nesta sexta-feira, h\u00e1 24 pacientes de covid internados em leitos de UTI (considerando SUS e planos de sa\u00fade). Deste total, somente nove est\u00e3o intubados &#8211; ou seja, necessitando de ventila\u00e7\u00e3o mec\u00e2nica.<\/p>\n<p style=\"text-align: justify;\">Veja os n\u00fameros totais desta sexta-feira (10\/07\/2020):<\/p>\n<p style=\"text-align: justify;\">MORADORES DE MURIA\u00c9&nbsp;<\/p>\n<p style=\"text-align: justify;\">Total de confirma\u00e7\u00f5es: 1.139<br \/>\nPacientes ativos: 421<br \/>\nPacientes curados: 680<br \/>\n\u00d3bitos: 38<br \/>\nEm investiga\u00e7\u00e3o com exame: 48<br \/>\nEm monitoramento sem exame: 652<br \/>\nDescartados: 1.082<\/p>\n<p style=\"text-align: justify;\">MORADORES DE OUTRAS CIDADES<\/p>\n<p style=\"text-align: justify;\">\nTotal de confirma\u00e7\u00f5es: 111<br \/>\nPacientes ativos: 44<br \/>\nPacientes curados: 53<br \/>\n\u00d3bitos: 14<br \/>\nEm investiga\u00e7\u00e3o com exame: 11<br \/>\nEm monitoramento sem exame: 07<\/p>\n<p style=\"text-align: justify;\">Descartados: 273&nbsp;<\/p>\n<p style=\"text-align: justify;\">&nbsp;<\/p>\n","protected":false},"excerpt":{"rendered":"<p>O boletim desta sexta-feira (10) trouxe o registro de mais uma morte e de 21 novos casos de covid-19 entre moradores de Muria\u00e9 nas \u00faltimas 24h. O \u00f3bito foi de um homem de 52 anos que faleceu ontem. Ele tamb\u00e9m era diab\u00e9tico. Se o n\u00famero de mortes e infec\u00e7\u00f5es ainda vem crescendo, a boa not\u00edcia [&hellip;]<\/p>\n","protected":false},"author":6,"featured_media":0,"comment_status":"open","ping_status":"closed","sticky":false,"template":"","format":"standard","meta":{"_joinchat":[],"footnotes":""},"categories":[1],"tags":[],"class_list":["post-71519","post","type-post","status-publish","format-standard","hentry","category-sem-categoria"],"_links":{"self":[{"href":"http:\/\/folhadosudeste.com\/site\/index.php?rest_route=\/wp\/v2\/posts\/71519","targetHints":{"allow":["GET"]}}],"collection":[{"href":"http:\/\/folhadosudeste.com\/site\/index.php?rest_route=\/wp\/v2\/posts"}],"about":[{"href":"http:\/\/folhadosudeste.com\/site\/index.php?rest_route=\/wp\/v2\/types\/post"}],"author":[{"embeddable":true,"href":"http:\/\/folhadosudeste.com\/site\/index.php?rest_route=\/wp\/v2\/users\/6"}],"replies":[{"embeddable":true,"href":"http:\/\/folhadosudeste.com\/site\/index.php?rest_route=%2Fwp%2Fv2%2Fcomments&post=71519"}],"version-history":[{"count":1,"href":"http:\/\/folhadosudeste.com\/site\/index.php?rest_route=\/wp\/v2\/posts\/71519\/revisions"}],"predecessor-version":[{"id":71521,"href":"http:\/\/folhadosudeste.com\/site\/index.php?rest_route=\/wp\/v2\/posts\/71519\/revisions\/71521"}],"wp:attachment":[{"href":"http:\/\/folhadosudeste.com\/site\/index.php?rest_route=%2Fwp%2Fv2%2Fmedia&parent=71519"}],"wp:term":[{"taxonomy":"category","embeddable":true,"href":"http:\/\/folhadosudeste.com\/site\/index.php?rest_route=%2Fwp%2Fv2%2Fcategories&post=71519"},{"taxonomy":"post_tag","embeddable":true,"href":"http:\/\/folhadosudeste.com\/site\/index.php?rest_route=%2Fwp%2Fv2%2Ftags&post=71519"}],"curies":[{"name":"wp","href":"https:\/\/api.w.org\/{rel}","templated":true}]}}