{"id":71526,"date":"2020-07-13T19:46:52","date_gmt":"2020-07-13T19:46:52","guid":{"rendered":"http:\/\/folhadosudeste.com\/site\/?p=71526"},"modified":"2020-07-13T19:46:52","modified_gmt":"2020-07-13T19:46:52","slug":"muriae-ja-tem-quase-mil-curados-mas-ainda-registra-morte-e-novos-casos-de-covid-entre-moradores-locais","status":"publish","type":"post","link":"http:\/\/folhadosudeste.com\/site\/?p=71526","title":{"rendered":"Muria\u00e9 j\u00e1 tem quase mil curados, mas ainda registra morte e novos casos de covid entre moradores locais"},"content":{"rendered":"<p><img decoding=\"async\" src=\"https:\/\/muriae.mg.gov.br\/wp-content\/uploads\/2020\/07\/13072020.jpg\"><\/p>\n<p style=\"text-align: justify;\">O n\u00famero de muriaeenses curados da covid-19 voltou a subir consideravelmente. No fim de semana, mais 293 pessoas foram consideradas como recuperadas da doen\u00e7a, totalizando 973 moradores de Muria\u00e9 que tiveram alta cl\u00ednica do tratamento.<\/p>\n<p style=\"text-align: justify;\">A situa\u00e7\u00e3o, no entanto, ainda requer aten\u00e7\u00e3o. Mesmo com a alta do n\u00famero de curados, ainda v\u00eam sendo registrados novos casos da doen\u00e7a e as mortes tamb\u00e9m ainda ocorrem. No fim de semana, foram confirmadas 85 novas infec\u00e7\u00f5es pelo coronav\u00edrus, al\u00e9m de um \u00f3bito: o de um senhor de 72 anos que tamb\u00e9m tinha press\u00e3o alta.<\/p>\n<p><!--more--><\/p>\n<p style=\"text-align: justify;\">Veja os n\u00fameros completos desta segunda (13\/07\/2020):<\/p>\n<p style=\"text-align: justify;\"><strong>MORADORES DE MURIA\u00c9<\/strong><br \/>\nTotal de confirma\u00e7\u00f5es: 1.225<br \/>\nPacientes ativos: 213<br \/>\nPacientes curados: 973<br \/>\n\u00d3bitos: 39<br \/>\nEm investiga\u00e7\u00e3o (com exame): 73<br \/>\nEm monitoramento (sem exame): 473<br \/>\nDescartados: 1.187<\/p>\n<p style=\"text-align: justify;\"><strong>MORADORES DE OUTRAS CIDADES<\/strong><br \/>\nTotal de confirma\u00e7\u00f5es: 118<br \/>\nPacientes ativos: 27<br \/>\nPacientes curados: 77<br \/>\n\u00d3bitos: 14<br \/>\nEm investiga\u00e7\u00e3o (com exame): 05<br \/>\nEm monitoramento (sem exame): 02<br \/>\nDescartados: 273<\/p>\n","protected":false},"excerpt":{"rendered":"<p>O n\u00famero de muriaeenses curados da covid-19 voltou a subir consideravelmente. No fim de semana, mais 293 pessoas foram consideradas como recuperadas da doen\u00e7a, totalizando 973 moradores de Muria\u00e9 que tiveram alta cl\u00ednica do tratamento. A situa\u00e7\u00e3o, no entanto, ainda requer aten\u00e7\u00e3o. Mesmo com a alta do n\u00famero de curados, ainda v\u00eam sendo registrados novos [&hellip;]<\/p>\n","protected":false},"author":6,"featured_media":0,"comment_status":"open","ping_status":"closed","sticky":false,"template":"","format":"standard","meta":{"_joinchat":[],"footnotes":""},"categories":[1],"tags":[],"class_list":["post-71526","post","type-post","status-publish","format-standard","hentry","category-sem-categoria"],"_links":{"self":[{"href":"http:\/\/folhadosudeste.com\/site\/index.php?rest_route=\/wp\/v2\/posts\/71526","targetHints":{"allow":["GET"]}}],"collection":[{"href":"http:\/\/folhadosudeste.com\/site\/index.php?rest_route=\/wp\/v2\/posts"}],"about":[{"href":"http:\/\/folhadosudeste.com\/site\/index.php?rest_route=\/wp\/v2\/types\/post"}],"author":[{"embeddable":true,"href":"http:\/\/folhadosudeste.com\/site\/index.php?rest_route=\/wp\/v2\/users\/6"}],"replies":[{"embeddable":true,"href":"http:\/\/folhadosudeste.com\/site\/index.php?rest_route=%2Fwp%2Fv2%2Fcomments&post=71526"}],"version-history":[{"count":1,"href":"http:\/\/folhadosudeste.com\/site\/index.php?rest_route=\/wp\/v2\/posts\/71526\/revisions"}],"predecessor-version":[{"id":71527,"href":"http:\/\/folhadosudeste.com\/site\/index.php?rest_route=\/wp\/v2\/posts\/71526\/revisions\/71527"}],"wp:attachment":[{"href":"http:\/\/folhadosudeste.com\/site\/index.php?rest_route=%2Fwp%2Fv2%2Fmedia&parent=71526"}],"wp:term":[{"taxonomy":"category","embeddable":true,"href":"http:\/\/folhadosudeste.com\/site\/index.php?rest_route=%2Fwp%2Fv2%2Fcategories&post=71526"},{"taxonomy":"post_tag","embeddable":true,"href":"http:\/\/folhadosudeste.com\/site\/index.php?rest_route=%2Fwp%2Fv2%2Ftags&post=71526"}],"curies":[{"name":"wp","href":"https:\/\/api.w.org\/{rel}","templated":true}]}}