{"id":71528,"date":"2020-07-14T18:37:28","date_gmt":"2020-07-14T18:37:28","guid":{"rendered":"http:\/\/folhadosudeste.com\/site\/?p=71528"},"modified":"2020-07-14T18:37:28","modified_gmt":"2020-07-14T18:37:28","slug":"com-mais-uma-morte-e-dezenas-de-novos-casos-numero-de-pacientes-ativos-volta-a-subir-em-muriae","status":"publish","type":"post","link":"http:\/\/folhadosudeste.com\/site\/?p=71528","title":{"rendered":"Com mais uma morte e dezenas de novos casos, n\u00famero de pacientes ativos volta a subir em Muria\u00e9"},"content":{"rendered":"<p style=\"text-align: justify;\"><a href=\"http:\/\/folhadosudeste.com\/site\/wp-content\/uploads\/2020\/07\/EFDCB83F-013F-46BD-87D7-8623C5F46523.jpeg\"><img loading=\"lazy\" decoding=\"async\" class=\"alignnone size-full wp-image-71529\" src=\"http:\/\/folhadosudeste.com\/site\/wp-content\/uploads\/2020\/07\/EFDCB83F-013F-46BD-87D7-8623C5F46523.jpeg\" alt=\"\" width=\"768\" height=\"768\" srcset=\"http:\/\/folhadosudeste.com\/site\/wp-content\/uploads\/2020\/07\/EFDCB83F-013F-46BD-87D7-8623C5F46523.jpeg 768w, http:\/\/folhadosudeste.com\/site\/wp-content\/uploads\/2020\/07\/EFDCB83F-013F-46BD-87D7-8623C5F46523-150x150.jpeg 150w, http:\/\/folhadosudeste.com\/site\/wp-content\/uploads\/2020\/07\/EFDCB83F-013F-46BD-87D7-8623C5F46523-300x300.jpeg 300w\" sizes=\"auto, (max-width: 768px) 100vw, 768px\" \/><\/a><br \/>\nNesta ter\u00e7a-feira (14), foi registrada mais uma morte pela doen\u00e7a &#8211; a 40\u00aa entre moradores de Muria\u00e9 desde que a pandemia chegou \u00e0 cidade. O \u00f3bito foi de um homem de 60 anos que tamb\u00e9m era diab\u00e9tico e hipertenso.<\/p>\n<p style=\"text-align: justify;\">Tamb\u00e9m foram confirmados 43 novas infec\u00e7\u00f5es pelo coronav\u00edrus entre cidad\u00e3os muriaeenses, al\u00e9m de outras tr\u00eas entre pessoas de outras cidades.<\/p>\n<p style=\"text-align: justify;\">Com isso, ap\u00f3s dois dias seguidos de queda, o n\u00famero de pacientes ativos (ou seja, aqueles que ainda est\u00e3o em tratamento da doen\u00e7a) voltou a subir.<\/p>\n<p style=\"text-align: justify;\">A Secretaria Municipal de Sa\u00fade ressalta que, mesmo com a melhora observada nos \u00faltimos boletins, a situa\u00e7\u00e3o da covid-19 em Muria\u00e9 ainda requer aten\u00e7\u00e3o e cuidados por parte de todos.<\/p>\n<p style=\"text-align: justify;\">Veja os n\u00fameros completos de hoje (14\/07\/2020):<\/p>\n<p style=\"text-align: justify;\">MORADORES DE MURIA\u00c9<br \/>\nTotal de confirma\u00e7\u00f5es: 1.269<br \/>\nPacientes ativos: 231<br \/>\nPacientes curados: 998<br \/>\n\u00d3bitos: 40<br \/>\nEm investiga\u00e7\u00e3o (com exame): 44<br \/>\nEm monitoramento (sem exame): 456<br \/>\nDescartados: 1.276<\/p>\n<p style=\"text-align: justify;\">MORADORES DE OUTRAS CIDADES<br \/>\nTotal de confirma\u00e7\u00f5es: 121<br \/>\nPacientes ativos: 28<br \/>\nPacientes curados: 79<br \/>\n\u00d3bitos: 14<br \/>\nEm investiga\u00e7\u00e3o (com exame): 15<br \/>\nEm monitoramento (sem exame): 02<br \/>\nDescartados: 282<\/p>\n","protected":false},"excerpt":{"rendered":"<p>Nesta ter\u00e7a-feira (14), foi registrada mais uma morte pela doen\u00e7a &#8211; a 40\u00aa entre moradores de Muria\u00e9 desde que a pandemia chegou \u00e0 cidade. O \u00f3bito foi de um homem de 60 anos que tamb\u00e9m era diab\u00e9tico e hipertenso. Tamb\u00e9m foram confirmados 43 novas infec\u00e7\u00f5es pelo coronav\u00edrus entre cidad\u00e3os muriaeenses, al\u00e9m de outras tr\u00eas entre [&hellip;]<\/p>\n","protected":false},"author":6,"featured_media":0,"comment_status":"open","ping_status":"closed","sticky":false,"template":"","format":"standard","meta":{"_joinchat":[],"footnotes":""},"categories":[1],"tags":[],"class_list":["post-71528","post","type-post","status-publish","format-standard","hentry","category-sem-categoria"],"_links":{"self":[{"href":"http:\/\/folhadosudeste.com\/site\/index.php?rest_route=\/wp\/v2\/posts\/71528","targetHints":{"allow":["GET"]}}],"collection":[{"href":"http:\/\/folhadosudeste.com\/site\/index.php?rest_route=\/wp\/v2\/posts"}],"about":[{"href":"http:\/\/folhadosudeste.com\/site\/index.php?rest_route=\/wp\/v2\/types\/post"}],"author":[{"embeddable":true,"href":"http:\/\/folhadosudeste.com\/site\/index.php?rest_route=\/wp\/v2\/users\/6"}],"replies":[{"embeddable":true,"href":"http:\/\/folhadosudeste.com\/site\/index.php?rest_route=%2Fwp%2Fv2%2Fcomments&post=71528"}],"version-history":[{"count":1,"href":"http:\/\/folhadosudeste.com\/site\/index.php?rest_route=\/wp\/v2\/posts\/71528\/revisions"}],"predecessor-version":[{"id":71530,"href":"http:\/\/folhadosudeste.com\/site\/index.php?rest_route=\/wp\/v2\/posts\/71528\/revisions\/71530"}],"wp:attachment":[{"href":"http:\/\/folhadosudeste.com\/site\/index.php?rest_route=%2Fwp%2Fv2%2Fmedia&parent=71528"}],"wp:term":[{"taxonomy":"category","embeddable":true,"href":"http:\/\/folhadosudeste.com\/site\/index.php?rest_route=%2Fwp%2Fv2%2Fcategories&post=71528"},{"taxonomy":"post_tag","embeddable":true,"href":"http:\/\/folhadosudeste.com\/site\/index.php?rest_route=%2Fwp%2Fv2%2Ftags&post=71528"}],"curies":[{"name":"wp","href":"https:\/\/api.w.org\/{rel}","templated":true}]}}