{"id":71531,"date":"2020-07-14T20:04:28","date_gmt":"2020-07-14T20:04:28","guid":{"rendered":"http:\/\/folhadosudeste.com\/site\/?p=71531"},"modified":"2020-07-14T20:04:28","modified_gmt":"2020-07-14T20:04:28","slug":"prefeitura-decreta-estado-de-calamidade-publica","status":"publish","type":"post","link":"http:\/\/folhadosudeste.com\/site\/?p=71531","title":{"rendered":"Prefeitura Decreta Estado de Calamidade P\u00fablica"},"content":{"rendered":"<p style=\"text-align: justify;\"><a href=\"http:\/\/folhadosudeste.com\/site\/wp-content\/uploads\/2020\/07\/C7FD6F31-0E3C-4B39-A476-7DF9E5208F43.jpeg\"><img loading=\"lazy\" decoding=\"async\" class=\"alignnone size-full wp-image-71532\" src=\"http:\/\/folhadosudeste.com\/site\/wp-content\/uploads\/2020\/07\/C7FD6F31-0E3C-4B39-A476-7DF9E5208F43.jpeg\" alt=\"\" width=\"663\" height=\"530\" srcset=\"http:\/\/folhadosudeste.com\/site\/wp-content\/uploads\/2020\/07\/C7FD6F31-0E3C-4B39-A476-7DF9E5208F43.jpeg 663w, http:\/\/folhadosudeste.com\/site\/wp-content\/uploads\/2020\/07\/C7FD6F31-0E3C-4B39-A476-7DF9E5208F43-300x240.jpeg 300w\" sizes=\"auto, (max-width: 663px) 100vw, 663px\" \/><\/a><br \/>\nA Prefeitura de Muria\u00e9&nbsp;decretou Estado de Calamidade P\u00fablica.&nbsp;A publica\u00e7\u00e3o foi emitida no&nbsp;Di\u00e1rio Oficial dos Munic\u00edpios e segundo o prefeito Grego, o motivo \u00e9 devido \u00e0 Pandemia causada pelo Covid-19, que afetou diretamente a sa\u00fade p\u00fablica e a economia.<\/p>\n<p style=\"text-align: justify;\"><!--more-->O decreto assinado, \u00e9 uma quest\u00e3o t\u00e9cnica jur\u00eddica, uma ratifica\u00e7\u00e3o do Estado de Emerg\u00eancia que j\u00e1 havia sido decretado. \u201cA medida \u00e9 uma exig\u00eancia da Assembleia Legislativa de Minas Gerais (ALMG) e n\u00e3o haver\u00e1 nenhuma mudan\u00e7a no momento\u201d, ressaltou. <em><strong>Fonte: Silvan Alves<\/strong><\/em><\/p>\n","protected":false},"excerpt":{"rendered":"<p>A Prefeitura de Muria\u00e9&nbsp;decretou Estado de Calamidade P\u00fablica.&nbsp;A publica\u00e7\u00e3o foi emitida no&nbsp;Di\u00e1rio Oficial dos Munic\u00edpios e segundo o prefeito Grego, o motivo \u00e9 devido \u00e0 Pandemia causada pelo Covid-19, que afetou diretamente a sa\u00fade p\u00fablica e a economia.<\/p>\n","protected":false},"author":6,"featured_media":0,"comment_status":"open","ping_status":"closed","sticky":false,"template":"","format":"standard","meta":{"_joinchat":[],"footnotes":""},"categories":[1],"tags":[],"class_list":["post-71531","post","type-post","status-publish","format-standard","hentry","category-sem-categoria"],"_links":{"self":[{"href":"http:\/\/folhadosudeste.com\/site\/index.php?rest_route=\/wp\/v2\/posts\/71531","targetHints":{"allow":["GET"]}}],"collection":[{"href":"http:\/\/folhadosudeste.com\/site\/index.php?rest_route=\/wp\/v2\/posts"}],"about":[{"href":"http:\/\/folhadosudeste.com\/site\/index.php?rest_route=\/wp\/v2\/types\/post"}],"author":[{"embeddable":true,"href":"http:\/\/folhadosudeste.com\/site\/index.php?rest_route=\/wp\/v2\/users\/6"}],"replies":[{"embeddable":true,"href":"http:\/\/folhadosudeste.com\/site\/index.php?rest_route=%2Fwp%2Fv2%2Fcomments&post=71531"}],"version-history":[{"count":1,"href":"http:\/\/folhadosudeste.com\/site\/index.php?rest_route=\/wp\/v2\/posts\/71531\/revisions"}],"predecessor-version":[{"id":71533,"href":"http:\/\/folhadosudeste.com\/site\/index.php?rest_route=\/wp\/v2\/posts\/71531\/revisions\/71533"}],"wp:attachment":[{"href":"http:\/\/folhadosudeste.com\/site\/index.php?rest_route=%2Fwp%2Fv2%2Fmedia&parent=71531"}],"wp:term":[{"taxonomy":"category","embeddable":true,"href":"http:\/\/folhadosudeste.com\/site\/index.php?rest_route=%2Fwp%2Fv2%2Fcategories&post=71531"},{"taxonomy":"post_tag","embeddable":true,"href":"http:\/\/folhadosudeste.com\/site\/index.php?rest_route=%2Fwp%2Fv2%2Ftags&post=71531"}],"curies":[{"name":"wp","href":"https:\/\/api.w.org\/{rel}","templated":true}]}}