{"id":71534,"date":"2020-07-14T22:20:59","date_gmt":"2020-07-14T22:20:59","guid":{"rendered":"http:\/\/folhadosudeste.com\/site\/?p=71534"},"modified":"2020-07-14T22:21:50","modified_gmt":"2020-07-14T22:21:50","slug":"4-meses-depois-matriz-sao-paulo-anuncia-retorno-da-santa-missa-diaria-com-130-fieis","status":"publish","type":"post","link":"http:\/\/folhadosudeste.com\/site\/?p=71534","title":{"rendered":"4 meses depois\u2026 Matriz S\u00e3o Paulo anuncia retorno da Santa Missa di\u00e1ria com 130 fi\u00e9is"},"content":{"rendered":"<p style=\"text-align: justify;\"><img loading=\"lazy\" decoding=\"async\" class=\"alignnone size-full wp-image-71535\" src=\"http:\/\/folhadosudeste.com\/site\/wp-content\/uploads\/2020\/07\/AAF16AF8-7C9B-45BE-A31A-0F8D90AF96B1.jpeg\" alt=\"\" width=\"768\" height=\"1024\" srcset=\"http:\/\/folhadosudeste.com\/site\/wp-content\/uploads\/2020\/07\/AAF16AF8-7C9B-45BE-A31A-0F8D90AF96B1.jpeg 768w, http:\/\/folhadosudeste.com\/site\/wp-content\/uploads\/2020\/07\/AAF16AF8-7C9B-45BE-A31A-0F8D90AF96B1-225x300.jpeg 225w\" sizes=\"auto, (max-width: 768px) 100vw, 768px\" \/><br \/>\n<a href=\"https:\/\/youtu.be\/-YMyLbkmVq0\">https:\/\/youtu.be\/-YMyLbkmVq0<\/a>&nbsp;<\/p>\n<p>A Matriz S\u00e3o Paulo, fechada desde o dia 19 de mar\u00e7o, devido a Pandemia do Coronav\u00edrus, que trouxe v\u00e1rias restri\u00e7\u00f5es para eventos que agregavam grande p\u00fablico, estar\u00e1 de volta com as celebra\u00e7\u00f5es religiosas a partir do pr\u00f3ximo domingo (19) quando completam quatro meses de suspens\u00e3o das missas. O an\u00fancio foi feito para nossa reportagem na manh\u00e3 desta segunda-feira (13), pelo Padre \u00c1tila.<\/p>\n<p><!--more--><\/p>\n<p style=\"text-align: justify;\">\u201cConversamos com os padres da cidade de Muria\u00e9, e com autoriza\u00e7\u00e3o do Bispo Dom Edson, vamos voltar a reabrir as igrejas a partir do dia 19 (domingo que vem). Na Matriz S\u00e3o Paulo teremos duas Missas na reabertura, uma \u00e0s 07h30 e outra \u00e0s 19h30, com todas as medidas de higiene, obrigatoriedade do uso de m\u00e1scara, n\u00famero reduzido de p\u00fablico, ser\u00e3o apenas 130 pessoas por Missa, n\u00e3o mais que isso, pois precisamos garantir o distanciamento, e tamb\u00e9m teremos o uso do \u00e1lcool gel. Por enquanto, nossa Par\u00f3quia, celebrar\u00e1 somente na Matriz, depois ser\u00e1 visto sobre as comunidades. A Santa Missa de reabertura ser\u00e3o transmitidas por r\u00e1dios e Facebook. As missas ser\u00e3o di\u00e1rias e continuar\u00e3o tamb\u00e9m sendo transmitidas pelo Facebook da Igreja\u201d disse o Padre \u00c1tila. <em><strong>Fonte: Silvan Alves<\/strong><\/em><\/p>\n<p><a href=\"http:\/\/folhadosudeste.com\/site\/wp-content\/uploads\/2020\/07\/9E770B52-D5E9-46C7-8DE1-64EE65837996.jpeg\"><img loading=\"lazy\" decoding=\"async\" class=\"alignnone size-full wp-image-71538\" src=\"http:\/\/folhadosudeste.com\/site\/wp-content\/uploads\/2020\/07\/9E770B52-D5E9-46C7-8DE1-64EE65837996.jpeg\" alt=\"\" width=\"706\" height=\"530\" srcset=\"http:\/\/folhadosudeste.com\/site\/wp-content\/uploads\/2020\/07\/9E770B52-D5E9-46C7-8DE1-64EE65837996.jpeg 706w, http:\/\/folhadosudeste.com\/site\/wp-content\/uploads\/2020\/07\/9E770B52-D5E9-46C7-8DE1-64EE65837996-300x225.jpeg 300w\" sizes=\"auto, (max-width: 706px) 100vw, 706px\" \/><\/a><\/p>\n<p><a href=\"http:\/\/folhadosudeste.com\/site\/wp-content\/uploads\/2020\/07\/B46AACED-5225-4409-8B20-0A815791DD01.jpeg\"><img loading=\"lazy\" decoding=\"async\" class=\"alignnone size-full wp-image-71537\" src=\"http:\/\/folhadosudeste.com\/site\/wp-content\/uploads\/2020\/07\/B46AACED-5225-4409-8B20-0A815791DD01.jpeg\" alt=\"\" width=\"706\" height=\"530\" srcset=\"http:\/\/folhadosudeste.com\/site\/wp-content\/uploads\/2020\/07\/B46AACED-5225-4409-8B20-0A815791DD01.jpeg 706w, http:\/\/folhadosudeste.com\/site\/wp-content\/uploads\/2020\/07\/B46AACED-5225-4409-8B20-0A815791DD01-300x225.jpeg 300w\" sizes=\"auto, (max-width: 706px) 100vw, 706px\" \/><\/a><\/p>\n<p><a href=\"http:\/\/folhadosudeste.com\/site\/wp-content\/uploads\/2020\/07\/041916B3-2721-4D2E-BBDB-A7E56B996FEF.jpeg\"><img loading=\"lazy\" decoding=\"async\" class=\"alignnone size-full wp-image-71536\" src=\"http:\/\/folhadosudeste.com\/site\/wp-content\/uploads\/2020\/07\/041916B3-2721-4D2E-BBDB-A7E56B996FEF.jpeg\" alt=\"\" width=\"707\" height=\"530\" srcset=\"http:\/\/folhadosudeste.com\/site\/wp-content\/uploads\/2020\/07\/041916B3-2721-4D2E-BBDB-A7E56B996FEF.jpeg 707w, http:\/\/folhadosudeste.com\/site\/wp-content\/uploads\/2020\/07\/041916B3-2721-4D2E-BBDB-A7E56B996FEF-300x225.jpeg 300w\" sizes=\"auto, (max-width: 707px) 100vw, 707px\" \/><\/a><\/p>\n","protected":false},"excerpt":{"rendered":"<p>https:\/\/youtu.be\/-YMyLbkmVq0&nbsp; A Matriz S\u00e3o Paulo, fechada desde o dia 19 de mar\u00e7o, devido a Pandemia do Coronav\u00edrus, que trouxe v\u00e1rias restri\u00e7\u00f5es para eventos que agregavam grande p\u00fablico, estar\u00e1 de volta com as celebra\u00e7\u00f5es religiosas a partir do pr\u00f3ximo domingo (19) quando completam quatro meses de suspens\u00e3o das missas. O an\u00fancio foi feito para nossa reportagem [&hellip;]<\/p>\n","protected":false},"author":6,"featured_media":0,"comment_status":"open","ping_status":"closed","sticky":false,"template":"","format":"standard","meta":{"_joinchat":[],"footnotes":""},"categories":[1],"tags":[],"class_list":["post-71534","post","type-post","status-publish","format-standard","hentry","category-sem-categoria"],"_links":{"self":[{"href":"http:\/\/folhadosudeste.com\/site\/index.php?rest_route=\/wp\/v2\/posts\/71534","targetHints":{"allow":["GET"]}}],"collection":[{"href":"http:\/\/folhadosudeste.com\/site\/index.php?rest_route=\/wp\/v2\/posts"}],"about":[{"href":"http:\/\/folhadosudeste.com\/site\/index.php?rest_route=\/wp\/v2\/types\/post"}],"author":[{"embeddable":true,"href":"http:\/\/folhadosudeste.com\/site\/index.php?rest_route=\/wp\/v2\/users\/6"}],"replies":[{"embeddable":true,"href":"http:\/\/folhadosudeste.com\/site\/index.php?rest_route=%2Fwp%2Fv2%2Fcomments&post=71534"}],"version-history":[{"count":2,"href":"http:\/\/folhadosudeste.com\/site\/index.php?rest_route=\/wp\/v2\/posts\/71534\/revisions"}],"predecessor-version":[{"id":71540,"href":"http:\/\/folhadosudeste.com\/site\/index.php?rest_route=\/wp\/v2\/posts\/71534\/revisions\/71540"}],"wp:attachment":[{"href":"http:\/\/folhadosudeste.com\/site\/index.php?rest_route=%2Fwp%2Fv2%2Fmedia&parent=71534"}],"wp:term":[{"taxonomy":"category","embeddable":true,"href":"http:\/\/folhadosudeste.com\/site\/index.php?rest_route=%2Fwp%2Fv2%2Fcategories&post=71534"},{"taxonomy":"post_tag","embeddable":true,"href":"http:\/\/folhadosudeste.com\/site\/index.php?rest_route=%2Fwp%2Fv2%2Ftags&post=71534"}],"curies":[{"name":"wp","href":"https:\/\/api.w.org\/{rel}","templated":true}]}}