{"id":71550,"date":"2020-07-15T16:39:07","date_gmt":"2020-07-15T16:39:07","guid":{"rendered":"http:\/\/folhadosudeste.com\/site\/?p=71550"},"modified":"2020-07-15T16:39:07","modified_gmt":"2020-07-15T16:39:07","slug":"cdls-envia-um-oficio-para-o-governador-romeu-zema-sugerindo-a-revisao-do-programa-de-retomada-as-atividades-economicas-minas-consciente","status":"publish","type":"post","link":"http:\/\/folhadosudeste.com\/site\/?p=71550","title":{"rendered":"CDLs envia um of\u00edcio para o governador Romeu Zema sugerindo a revis\u00e3o do programa de retomada as atividades econ\u00f4micas &#8220;Minas Consciente&#8221;"},"content":{"rendered":"<p><a href=\"http:\/\/folhadosudeste.com\/site\/wp-content\/uploads\/2020\/07\/86178771-61ef-4f85-b342-de0c56aa4034.jpg\"><img loading=\"lazy\" decoding=\"async\" class=\"alignnone size-full wp-image-71551\" src=\"http:\/\/folhadosudeste.com\/site\/wp-content\/uploads\/2020\/07\/86178771-61ef-4f85-b342-de0c56aa4034.jpg\" alt=\"\" width=\"1280\" height=\"1280\" srcset=\"http:\/\/folhadosudeste.com\/site\/wp-content\/uploads\/2020\/07\/86178771-61ef-4f85-b342-de0c56aa4034.jpg 1280w, http:\/\/folhadosudeste.com\/site\/wp-content\/uploads\/2020\/07\/86178771-61ef-4f85-b342-de0c56aa4034-150x150.jpg 150w, http:\/\/folhadosudeste.com\/site\/wp-content\/uploads\/2020\/07\/86178771-61ef-4f85-b342-de0c56aa4034-300x300.jpg 300w, http:\/\/folhadosudeste.com\/site\/wp-content\/uploads\/2020\/07\/86178771-61ef-4f85-b342-de0c56aa4034-768x768.jpg 768w, http:\/\/folhadosudeste.com\/site\/wp-content\/uploads\/2020\/07\/86178771-61ef-4f85-b342-de0c56aa4034-1024x1024.jpg 1024w\" sizes=\"auto, (max-width: 1280px) 100vw, 1280px\" \/><\/a><\/p>\n<p style=\"text-align: justify;\">\u00c0s CDLs representada pelo presidente da FCDL-MG, Frank Sinatra, enviou ao governador Romeu Zema, um of\u00edcio sugerindo a revis\u00e3o do programa de retomada as atividades econ\u00f4micas \u201cMinas Consciente\u201d.<\/p>\n<p style=\"text-align: justify;\">No documento, o presidente da Federa\u00e7\u00e3o prop\u00f5e que o plano n\u00e3o seja mais por macrorregi\u00f5es, mas sim por microrregi\u00f5es, considerando toda a dimens\u00e3o de Minas Gerais.<\/p>\n<p><!--more--><\/p>\n<p style=\"text-align: justify;\">\u201cNosso estado possui 14 macrorregi\u00f5es e 89 microrregi\u00f5es, ter\u00edamos assim melhores oportunidades para trabalhar cada uma das ondas com mais efici\u00eancia, respeitando, principalmente, as particularidades e as necessidades individuais de cada munic\u00edpio\u201d, avalia trecho do of\u00edcio.<\/p>\n<p style=\"text-align: justify;\">&#x27a1;&#xfe0f; Saiba mais no site: https:\/\/bit.ly\/2OqEQuE<\/p>\n","protected":false},"excerpt":{"rendered":"<p>\u00c0s CDLs representada pelo presidente da FCDL-MG, Frank Sinatra, enviou ao governador Romeu Zema, um of\u00edcio sugerindo a revis\u00e3o do programa de retomada as atividades econ\u00f4micas \u201cMinas Consciente\u201d. No documento, o presidente da Federa\u00e7\u00e3o prop\u00f5e que o plano n\u00e3o seja mais por macrorregi\u00f5es, mas sim por microrregi\u00f5es, considerando toda a dimens\u00e3o de Minas Gerais.<\/p>\n","protected":false},"author":6,"featured_media":0,"comment_status":"open","ping_status":"closed","sticky":false,"template":"","format":"standard","meta":{"_joinchat":[],"footnotes":""},"categories":[1],"tags":[],"class_list":["post-71550","post","type-post","status-publish","format-standard","hentry","category-sem-categoria"],"_links":{"self":[{"href":"http:\/\/folhadosudeste.com\/site\/index.php?rest_route=\/wp\/v2\/posts\/71550","targetHints":{"allow":["GET"]}}],"collection":[{"href":"http:\/\/folhadosudeste.com\/site\/index.php?rest_route=\/wp\/v2\/posts"}],"about":[{"href":"http:\/\/folhadosudeste.com\/site\/index.php?rest_route=\/wp\/v2\/types\/post"}],"author":[{"embeddable":true,"href":"http:\/\/folhadosudeste.com\/site\/index.php?rest_route=\/wp\/v2\/users\/6"}],"replies":[{"embeddable":true,"href":"http:\/\/folhadosudeste.com\/site\/index.php?rest_route=%2Fwp%2Fv2%2Fcomments&post=71550"}],"version-history":[{"count":1,"href":"http:\/\/folhadosudeste.com\/site\/index.php?rest_route=\/wp\/v2\/posts\/71550\/revisions"}],"predecessor-version":[{"id":71552,"href":"http:\/\/folhadosudeste.com\/site\/index.php?rest_route=\/wp\/v2\/posts\/71550\/revisions\/71552"}],"wp:attachment":[{"href":"http:\/\/folhadosudeste.com\/site\/index.php?rest_route=%2Fwp%2Fv2%2Fmedia&parent=71550"}],"wp:term":[{"taxonomy":"category","embeddable":true,"href":"http:\/\/folhadosudeste.com\/site\/index.php?rest_route=%2Fwp%2Fv2%2Fcategories&post=71550"},{"taxonomy":"post_tag","embeddable":true,"href":"http:\/\/folhadosudeste.com\/site\/index.php?rest_route=%2Fwp%2Fv2%2Ftags&post=71550"}],"curies":[{"name":"wp","href":"https:\/\/api.w.org\/{rel}","templated":true}]}}