{"id":71563,"date":"2020-07-16T15:44:01","date_gmt":"2020-07-16T15:44:01","guid":{"rendered":"http:\/\/folhadosudeste.com\/site\/?p=71563"},"modified":"2020-07-16T15:44:01","modified_gmt":"2020-07-16T15:44:01","slug":"servidores-municipais-da-educacao-podem-pedir-alteracao-de-local-de-trabalho","status":"publish","type":"post","link":"http:\/\/folhadosudeste.com\/site\/?p=71563","title":{"rendered":"Servidores municipais da Educa\u00e7\u00e3o podem pedir altera\u00e7\u00e3o de local de trabalho"},"content":{"rendered":"<p><a href=\"http:\/\/folhadosudeste.com\/site\/wp-content\/uploads\/2020\/07\/Educa\u00e7\u00e3o-8.jpg\"><img loading=\"lazy\" decoding=\"async\" class=\"alignnone size-full wp-image-71564\" src=\"http:\/\/folhadosudeste.com\/site\/wp-content\/uploads\/2020\/07\/Educa\u00e7\u00e3o-8.jpg\" alt=\"\" width=\"1280\" height=\"960\" srcset=\"http:\/\/folhadosudeste.com\/site\/wp-content\/uploads\/2020\/07\/Educa\u00e7\u00e3o-8.jpg 1280w, http:\/\/folhadosudeste.com\/site\/wp-content\/uploads\/2020\/07\/Educa\u00e7\u00e3o-8-300x225.jpg 300w, http:\/\/folhadosudeste.com\/site\/wp-content\/uploads\/2020\/07\/Educa\u00e7\u00e3o-8-768x576.jpg 768w, http:\/\/folhadosudeste.com\/site\/wp-content\/uploads\/2020\/07\/Educa\u00e7\u00e3o-8-1024x768.jpg 1024w\" sizes=\"auto, (max-width: 1280px) 100vw, 1280px\" \/><\/a><\/p>\n<p style=\"text-align: justify;\"><i>Requerimento deve ser preenchido pela internet at\u00e9 23 de julho<u><\/u><u><\/u><\/i><\/p>\n<p style=\"text-align: justify;\"><u><\/u>A edi\u00e7\u00e3o desta ter\u00e7a-feira do Di\u00e1rio Oficial Online dos Munic\u00edpios Mineiros trouxe a publica\u00e7\u00e3o da Instru\u00e7\u00e3o Normativa 004\/2020, voltada para servidores do quadro da Educa\u00e7\u00e3o da Prefeitura de Muria\u00e9.<u><\/u><u><\/u><\/p>\n<p style=\"text-align: justify;\"><u><\/u>O documento traz as regras para que os profissionais efetivos possam solicitar mudan\u00e7a de lota\u00e7\u00e3o \u2013 ou seja, altera\u00e7\u00e3o da escola onde desenvolvem suas atividades.<u><\/u><u><\/u><\/p>\n<p><!--more--><\/p>\n<p style=\"text-align: justify;\"><u><\/u>Os interessados devem fazer o requerimento pela internet at\u00e9 o pr\u00f3ximo dia 23 de julho. O formul\u00e1rio pode ser acessado o link&nbsp;<a href=\"https:\/\/docs.google.com\/forms\/d\/e\/1FAIpQLSdfoO4rrKt-0A21KDw6ni0fey0aKHdg7YqfeXI_62WTPSGQhg\/viewform\" target=\"_blank\" rel=\"noopener\" data-saferedirecturl=\"https:\/\/www.google.com\/url?q=https:\/\/docs.google.com\/forms\/d\/e\/1FAIpQLSdfoO4rrKt-0A21KDw6ni0fey0aKHdg7YqfeXI_62WTPSGQhg\/viewform&amp;source=gmail&amp;ust=1595000168886000&amp;usg=AFQjCNG6GZOb2tWQ0xisRgBGvt-oocgyQg\">https:\/\/docs.google.com\/forms\/<wbr>d\/e\/1FAIpQLSdfoO4rrKt-<wbr>0A21KDw6ni0fey0aKHdg7YqfeXI_<wbr>62WTPSGQhg\/viewform<\/a>.<\/p>\n<p><a href=\"http:\/\/folhadosudeste.com\/site\/wp-content\/uploads\/2020\/07\/Instru\u00e7\u00e3o-normativa-n\u00ba-004-2020.pdf\">Instru\u00e7\u00e3o normativa n\u00ba 004-2020<\/a><\/p>\n","protected":false},"excerpt":{"rendered":"<p>Requerimento deve ser preenchido pela internet at\u00e9 23 de julho A edi\u00e7\u00e3o desta ter\u00e7a-feira do Di\u00e1rio Oficial Online dos Munic\u00edpios Mineiros trouxe a publica\u00e7\u00e3o da Instru\u00e7\u00e3o Normativa 004\/2020, voltada para servidores do quadro da Educa\u00e7\u00e3o da Prefeitura de Muria\u00e9. O documento traz as regras para que os profissionais efetivos possam solicitar mudan\u00e7a de lota\u00e7\u00e3o \u2013 [&hellip;]<\/p>\n","protected":false},"author":6,"featured_media":0,"comment_status":"open","ping_status":"closed","sticky":false,"template":"","format":"standard","meta":{"_joinchat":[],"footnotes":""},"categories":[1],"tags":[],"class_list":["post-71563","post","type-post","status-publish","format-standard","hentry","category-sem-categoria"],"_links":{"self":[{"href":"http:\/\/folhadosudeste.com\/site\/index.php?rest_route=\/wp\/v2\/posts\/71563","targetHints":{"allow":["GET"]}}],"collection":[{"href":"http:\/\/folhadosudeste.com\/site\/index.php?rest_route=\/wp\/v2\/posts"}],"about":[{"href":"http:\/\/folhadosudeste.com\/site\/index.php?rest_route=\/wp\/v2\/types\/post"}],"author":[{"embeddable":true,"href":"http:\/\/folhadosudeste.com\/site\/index.php?rest_route=\/wp\/v2\/users\/6"}],"replies":[{"embeddable":true,"href":"http:\/\/folhadosudeste.com\/site\/index.php?rest_route=%2Fwp%2Fv2%2Fcomments&post=71563"}],"version-history":[{"count":1,"href":"http:\/\/folhadosudeste.com\/site\/index.php?rest_route=\/wp\/v2\/posts\/71563\/revisions"}],"predecessor-version":[{"id":71566,"href":"http:\/\/folhadosudeste.com\/site\/index.php?rest_route=\/wp\/v2\/posts\/71563\/revisions\/71566"}],"wp:attachment":[{"href":"http:\/\/folhadosudeste.com\/site\/index.php?rest_route=%2Fwp%2Fv2%2Fmedia&parent=71563"}],"wp:term":[{"taxonomy":"category","embeddable":true,"href":"http:\/\/folhadosudeste.com\/site\/index.php?rest_route=%2Fwp%2Fv2%2Fcategories&post=71563"},{"taxonomy":"post_tag","embeddable":true,"href":"http:\/\/folhadosudeste.com\/site\/index.php?rest_route=%2Fwp%2Fv2%2Ftags&post=71563"}],"curies":[{"name":"wp","href":"https:\/\/api.w.org\/{rel}","templated":true}]}}