{"id":71567,"date":"2020-07-16T15:45:38","date_gmt":"2020-07-16T15:45:38","guid":{"rendered":"http:\/\/folhadosudeste.com\/site\/?p=71567"},"modified":"2020-07-16T15:45:38","modified_gmt":"2020-07-16T15:45:38","slug":"vacinacao-em-drive-thru-acontece-no-proximo-sabado-no-espaco-da-feira","status":"publish","type":"post","link":"http:\/\/folhadosudeste.com\/site\/?p=71567","title":{"rendered":"Vacina\u00e7\u00e3o em drive thru acontece no pr\u00f3ximo s\u00e1bado, no espa\u00e7o da Feira"},"content":{"rendered":"<p><a href=\"http:\/\/folhadosudeste.com\/site\/wp-content\/uploads\/2020\/07\/Vacina\u00e7\u00e3o-em-drive-thru-acontecer\u00e1-no-espa\u00e7o-da-Feira-Livre-na-G\u00e1vea-1.jpg\"><img loading=\"lazy\" decoding=\"async\" class=\"alignnone size-full wp-image-71568\" src=\"http:\/\/folhadosudeste.com\/site\/wp-content\/uploads\/2020\/07\/Vacina\u00e7\u00e3o-em-drive-thru-acontecer\u00e1-no-espa\u00e7o-da-Feira-Livre-na-G\u00e1vea-1.jpg\" alt=\"\" width=\"1500\" height=\"940\" srcset=\"http:\/\/folhadosudeste.com\/site\/wp-content\/uploads\/2020\/07\/Vacina\u00e7\u00e3o-em-drive-thru-acontecer\u00e1-no-espa\u00e7o-da-Feira-Livre-na-G\u00e1vea-1.jpg 1500w, http:\/\/folhadosudeste.com\/site\/wp-content\/uploads\/2020\/07\/Vacina\u00e7\u00e3o-em-drive-thru-acontecer\u00e1-no-espa\u00e7o-da-Feira-Livre-na-G\u00e1vea-1-300x188.jpg 300w, http:\/\/folhadosudeste.com\/site\/wp-content\/uploads\/2020\/07\/Vacina\u00e7\u00e3o-em-drive-thru-acontecer\u00e1-no-espa\u00e7o-da-Feira-Livre-na-G\u00e1vea-1-768x481.jpg 768w, http:\/\/folhadosudeste.com\/site\/wp-content\/uploads\/2020\/07\/Vacina\u00e7\u00e3o-em-drive-thru-acontecer\u00e1-no-espa\u00e7o-da-Feira-Livre-na-G\u00e1vea-1-1024x642.jpg 1024w\" sizes=\"auto, (max-width: 1500px) 100vw, 1500px\" \/><\/a><\/p>\n<p style=\"text-align: justify;\"><i>Equipes da Sa\u00fade v\u00e3o imunizar grupos priorit\u00e1rios contra gripe e sarampo<\/i><\/p>\n<p style=\"text-align: justify;\">Para intensificar a imuniza\u00e7\u00e3o contra a gripe e o sarampo na cidade, a Prefeitura montou um esquema de vacina\u00e7\u00e3o em \u201cdrive thru\u201d, ou seja, n\u00e3o \u00e9 necess\u00e1rio sair do carro para&nbsp;&nbsp;receber a dose. A iniciativa acontecer\u00e1 neste s\u00e1bado (18), das 8h \u00e0s 16h, na Avenida Alfredo Pedro Carneiro, G\u00e1vea (espa\u00e7o da Feira Livre).<\/p>\n<p style=\"text-align: justify;\">Aproximadamente 25 profissionais da Secretaria Municipal de Sa\u00fade v\u00e3o aplicar as doses, a fim de agilizar o servi\u00e7o e evitar engarrafamento. O Demuttran dar\u00e1 apoio na organiza\u00e7\u00e3o do tr\u00e2nsito no local.<\/p>\n<p><!--more--><\/p>\n<p style=\"text-align: justify;\">A vacina contra a gripe ser\u00e1 destinada para pessoas do p\u00fablico-alvo que ainda n\u00e3o alcan\u00e7ou a meta de 90% estipulada pelo Minist\u00e9rio da Sa\u00fade, como gestantes, pu\u00e9rperas (mulheres com 45 dias ap\u00f3s o parto), crian\u00e7as de 6 meses a menores de 6 anos e adultos com idade superior a 55 anos. J\u00e1 a tr\u00edplice viral, que previne o sarampo, tem como grupo eleg\u00edvel pessoas entre 20 e 49 anos.<\/p>\n<p style=\"text-align: justify;\">\u00c9 necess\u00e1rio apresentar cart\u00e3o de vacina (para crian\u00e7as) e comprovante de que pertence ao grupo priorit\u00e1rio (no caso de adultos), com exce\u00e7\u00e3o de gestantes.<\/p>\n<p style=\"text-align: justify;\">Quem comparecer a p\u00e9 tamb\u00e9m ser\u00e1 atendido. Pessoas do p\u00fablico-alvo (como idosos, caminhoneiros, profissionais de seguran\u00e7a p\u00fablica e da sa\u00fade, por exemplo) cujas metas foram alcan\u00e7adas, mas que ainda n\u00e3o receberam a dose, tamb\u00e9m ser\u00e3o imunizadas.<\/p>\n","protected":false},"excerpt":{"rendered":"<p>Equipes da Sa\u00fade v\u00e3o imunizar grupos priorit\u00e1rios contra gripe e sarampo Para intensificar a imuniza\u00e7\u00e3o contra a gripe e o sarampo na cidade, a Prefeitura montou um esquema de vacina\u00e7\u00e3o em \u201cdrive thru\u201d, ou seja, n\u00e3o \u00e9 necess\u00e1rio sair do carro para&nbsp;&nbsp;receber a dose. A iniciativa acontecer\u00e1 neste s\u00e1bado (18), das 8h \u00e0s 16h, na [&hellip;]<\/p>\n","protected":false},"author":6,"featured_media":0,"comment_status":"open","ping_status":"closed","sticky":false,"template":"","format":"standard","meta":{"_joinchat":[],"footnotes":""},"categories":[1],"tags":[],"class_list":["post-71567","post","type-post","status-publish","format-standard","hentry","category-sem-categoria"],"_links":{"self":[{"href":"http:\/\/folhadosudeste.com\/site\/index.php?rest_route=\/wp\/v2\/posts\/71567","targetHints":{"allow":["GET"]}}],"collection":[{"href":"http:\/\/folhadosudeste.com\/site\/index.php?rest_route=\/wp\/v2\/posts"}],"about":[{"href":"http:\/\/folhadosudeste.com\/site\/index.php?rest_route=\/wp\/v2\/types\/post"}],"author":[{"embeddable":true,"href":"http:\/\/folhadosudeste.com\/site\/index.php?rest_route=\/wp\/v2\/users\/6"}],"replies":[{"embeddable":true,"href":"http:\/\/folhadosudeste.com\/site\/index.php?rest_route=%2Fwp%2Fv2%2Fcomments&post=71567"}],"version-history":[{"count":1,"href":"http:\/\/folhadosudeste.com\/site\/index.php?rest_route=\/wp\/v2\/posts\/71567\/revisions"}],"predecessor-version":[{"id":71569,"href":"http:\/\/folhadosudeste.com\/site\/index.php?rest_route=\/wp\/v2\/posts\/71567\/revisions\/71569"}],"wp:attachment":[{"href":"http:\/\/folhadosudeste.com\/site\/index.php?rest_route=%2Fwp%2Fv2%2Fmedia&parent=71567"}],"wp:term":[{"taxonomy":"category","embeddable":true,"href":"http:\/\/folhadosudeste.com\/site\/index.php?rest_route=%2Fwp%2Fv2%2Fcategories&post=71567"},{"taxonomy":"post_tag","embeddable":true,"href":"http:\/\/folhadosudeste.com\/site\/index.php?rest_route=%2Fwp%2Fv2%2Ftags&post=71567"}],"curies":[{"name":"wp","href":"https:\/\/api.w.org\/{rel}","templated":true}]}}