{"id":71570,"date":"2020-07-16T20:16:03","date_gmt":"2020-07-16T20:16:03","guid":{"rendered":"http:\/\/folhadosudeste.com\/site\/?p=71570"},"modified":"2020-07-16T20:16:03","modified_gmt":"2020-07-16T20:16:03","slug":"governo-lanca-consulta-publica-sobre-o-plano-minas-consciente-a-partir-desta-quinta-feira-as-12h","status":"publish","type":"post","link":"http:\/\/folhadosudeste.com\/site\/?p=71570","title":{"rendered":"Governo lan\u00e7a consulta p\u00fablica sobre o plano Minas Consciente a partir desta quinta-feira, \u00e0s 12h"},"content":{"rendered":"<p style=\"text-align: justify;\"><a href=\"http:\/\/folhadosudeste.com\/site\/wp-content\/uploads\/2020\/07\/8105A1A1-90D9-4211-9705-59F65867956F.jpeg\"><img loading=\"lazy\" decoding=\"async\" class=\"alignnone size-full wp-image-71571\" src=\"http:\/\/folhadosudeste.com\/site\/wp-content\/uploads\/2020\/07\/8105A1A1-90D9-4211-9705-59F65867956F.jpeg\" alt=\"\" width=\"1280\" height=\"1280\" srcset=\"http:\/\/folhadosudeste.com\/site\/wp-content\/uploads\/2020\/07\/8105A1A1-90D9-4211-9705-59F65867956F.jpeg 1280w, http:\/\/folhadosudeste.com\/site\/wp-content\/uploads\/2020\/07\/8105A1A1-90D9-4211-9705-59F65867956F-150x150.jpeg 150w, http:\/\/folhadosudeste.com\/site\/wp-content\/uploads\/2020\/07\/8105A1A1-90D9-4211-9705-59F65867956F-300x300.jpeg 300w, http:\/\/folhadosudeste.com\/site\/wp-content\/uploads\/2020\/07\/8105A1A1-90D9-4211-9705-59F65867956F-768x768.jpeg 768w, http:\/\/folhadosudeste.com\/site\/wp-content\/uploads\/2020\/07\/8105A1A1-90D9-4211-9705-59F65867956F-1024x1024.jpeg 1024w\" sizes=\"auto, (max-width: 1280px) 100vw, 1280px\" \/><\/a><br \/>\nO objetivo \u00e9 que a popula\u00e7\u00e3o contribua e envie sugest\u00f5es de aprimoramento para o programa, que passar\u00e1 por altera\u00e7\u00f5es para se adaptar ao novo momento da curva de contamina\u00e7\u00e3o. &#x1f3e5;&#x1f3ea;&#x1f6a6;<\/p>\n<p style=\"text-align: justify;\">A abertura de consulta p\u00fablica acontece ap\u00f3s envio de of\u00edcio da CDL atrav\u00e9s da FCDL-MG, no in\u00edcio dessa semana, ao governador Romeu Zema.<\/p>\n<p><!--more--><\/p>\n<p style=\"text-align: justify;\">A delibera\u00e7\u00e3o do Comit\u00ea Extraordin\u00e1rio do Covid-19 do Governo Estadual tamb\u00e9m determina prazo para que os munic\u00edpios mineiros solicitem a ades\u00e3o ao Plano Minas Consciente.<\/p>\n<p style=\"text-align: justify;\">&#x27a1;&#xfe0f; Saiba mais no nosso site: https:\/\/bit.ly\/3jcW9gG<\/p>\n","protected":false},"excerpt":{"rendered":"<p>O objetivo \u00e9 que a popula\u00e7\u00e3o contribua e envie sugest\u00f5es de aprimoramento para o programa, que passar\u00e1 por altera\u00e7\u00f5es para se adaptar ao novo momento da curva de contamina\u00e7\u00e3o. &#x1f3e5;&#x1f3ea;&#x1f6a6; A abertura de consulta p\u00fablica acontece ap\u00f3s envio de of\u00edcio da CDL atrav\u00e9s da FCDL-MG, no in\u00edcio dessa semana, ao governador Romeu Zema.<\/p>\n","protected":false},"author":6,"featured_media":0,"comment_status":"open","ping_status":"closed","sticky":false,"template":"","format":"standard","meta":{"_joinchat":[],"footnotes":""},"categories":[1],"tags":[],"class_list":["post-71570","post","type-post","status-publish","format-standard","hentry","category-sem-categoria"],"_links":{"self":[{"href":"http:\/\/folhadosudeste.com\/site\/index.php?rest_route=\/wp\/v2\/posts\/71570","targetHints":{"allow":["GET"]}}],"collection":[{"href":"http:\/\/folhadosudeste.com\/site\/index.php?rest_route=\/wp\/v2\/posts"}],"about":[{"href":"http:\/\/folhadosudeste.com\/site\/index.php?rest_route=\/wp\/v2\/types\/post"}],"author":[{"embeddable":true,"href":"http:\/\/folhadosudeste.com\/site\/index.php?rest_route=\/wp\/v2\/users\/6"}],"replies":[{"embeddable":true,"href":"http:\/\/folhadosudeste.com\/site\/index.php?rest_route=%2Fwp%2Fv2%2Fcomments&post=71570"}],"version-history":[{"count":1,"href":"http:\/\/folhadosudeste.com\/site\/index.php?rest_route=\/wp\/v2\/posts\/71570\/revisions"}],"predecessor-version":[{"id":71572,"href":"http:\/\/folhadosudeste.com\/site\/index.php?rest_route=\/wp\/v2\/posts\/71570\/revisions\/71572"}],"wp:attachment":[{"href":"http:\/\/folhadosudeste.com\/site\/index.php?rest_route=%2Fwp%2Fv2%2Fmedia&parent=71570"}],"wp:term":[{"taxonomy":"category","embeddable":true,"href":"http:\/\/folhadosudeste.com\/site\/index.php?rest_route=%2Fwp%2Fv2%2Fcategories&post=71570"},{"taxonomy":"post_tag","embeddable":true,"href":"http:\/\/folhadosudeste.com\/site\/index.php?rest_route=%2Fwp%2Fv2%2Ftags&post=71570"}],"curies":[{"name":"wp","href":"https:\/\/api.w.org\/{rel}","templated":true}]}}