{"id":71577,"date":"2020-07-20T18:06:45","date_gmt":"2020-07-20T18:06:45","guid":{"rendered":"http:\/\/folhadosudeste.com\/site\/?p=71577"},"modified":"2020-07-20T18:06:54","modified_gmt":"2020-07-20T18:06:54","slug":"muriae-tem-mais-tres-mortes-confirmadas-por-covid-19","status":"publish","type":"post","link":"http:\/\/folhadosudeste.com\/site\/?p=71577","title":{"rendered":"Muria\u00e9 tem mais tr\u00eas mortes confirmadas por covid-19"},"content":{"rendered":"<p><a href=\"http:\/\/folhadosudeste.com\/site\/wp-content\/uploads\/2020\/07\/WhatsApp-Image-2020-07-20-at-14.03.06.jpeg\"><img loading=\"lazy\" decoding=\"async\" class=\"alignnone size-full wp-image-71578\" src=\"http:\/\/folhadosudeste.com\/site\/wp-content\/uploads\/2020\/07\/WhatsApp-Image-2020-07-20-at-14.03.06.jpeg\" alt=\"\" width=\"1081\" height=\"1081\" srcset=\"http:\/\/folhadosudeste.com\/site\/wp-content\/uploads\/2020\/07\/WhatsApp-Image-2020-07-20-at-14.03.06.jpeg 1081w, http:\/\/folhadosudeste.com\/site\/wp-content\/uploads\/2020\/07\/WhatsApp-Image-2020-07-20-at-14.03.06-150x150.jpeg 150w, http:\/\/folhadosudeste.com\/site\/wp-content\/uploads\/2020\/07\/WhatsApp-Image-2020-07-20-at-14.03.06-300x300.jpeg 300w, http:\/\/folhadosudeste.com\/site\/wp-content\/uploads\/2020\/07\/WhatsApp-Image-2020-07-20-at-14.03.06-768x768.jpeg 768w, http:\/\/folhadosudeste.com\/site\/wp-content\/uploads\/2020\/07\/WhatsApp-Image-2020-07-20-at-14.03.06-1024x1024.jpeg 1024w\" sizes=\"auto, (max-width: 1081px) 100vw, 1081px\" \/><\/a><\/p>\n<p style=\"text-align: justify;\">A atualiza\u00e7\u00e3o do boletim sobre a situa\u00e7\u00e3o da covid-19 em Muria\u00e9 nesta segunda-feira trouxe a confirma\u00e7\u00e3o de mais tr\u00eas \u00f3bitos em rela\u00e7\u00e3o aos n\u00fameros da \u00faltima sexta-feira.<\/p>\n<p style=\"text-align: justify;\">As mortes provocadas pela doen\u00e7a do novo coronav\u00edrus foram de dois homens (um de 76, que lutava contra um c\u00e2ncer, e outro de 72, que era diab\u00e9tico, hipertenso e tinha problema no cora\u00e7\u00e3o) e de uma mulher (60 anos e sofria de obesidade). Todos eram moradores de Muria\u00e9.<\/p>\n<p style=\"text-align: justify;\">A boa not\u00edcia \u00e9 que o n\u00famero de pessoas recuperadas da covid-19 voltou a subir Com isso, o total de pacientes ativos entre moradores de Muria\u00e9 ficou abaixo de 200 pela primeira vez desde o dia 18 de junho.<\/p>\n<p><!--more--><\/p>\n<p style=\"text-align: justify;\">Veja os n\u00fameros completos de hoje (20\/07\/2020):<\/p>\n<p style=\"text-align: justify;\"><strong>MORADORES DE MURIA\u00c9<\/strong><br \/>\nTotal de confirma\u00e7\u00f5es: 1.403<br \/>\nPacientes ativos: 189<br \/>\nPacientes curados: 1.166<br \/>\n\u00d3bitos: 48<br \/>\nEm investiga\u00e7\u00e3o (com exame): 08<br \/>\nEm monitoramento (sem exame): 322<br \/>\nDescartados: 1.569<\/p>\n<p style=\"text-align: justify;\"><strong>MORADORES DE OUTRAS CIDADES<\/strong><br \/>\nTotal de confirma\u00e7\u00f5es: 127<br \/>\nPacientes ativos: 21<br \/>\nPacientes curados: 92<br \/>\n\u00d3bitos: 14<br \/>\nEm investiga\u00e7\u00e3o (com exame): 03<br \/>\nEm monitoramento (sem exame): 03<br \/>\nDescartados: 307<\/p>\n","protected":false},"excerpt":{"rendered":"<p>A atualiza\u00e7\u00e3o do boletim sobre a situa\u00e7\u00e3o da covid-19 em Muria\u00e9 nesta segunda-feira trouxe a confirma\u00e7\u00e3o de mais tr\u00eas \u00f3bitos em rela\u00e7\u00e3o aos n\u00fameros da \u00faltima sexta-feira. As mortes provocadas pela doen\u00e7a do novo coronav\u00edrus foram de dois homens (um de 76, que lutava contra um c\u00e2ncer, e outro de 72, que era diab\u00e9tico, hipertenso [&hellip;]<\/p>\n","protected":false},"author":6,"featured_media":0,"comment_status":"open","ping_status":"closed","sticky":false,"template":"","format":"standard","meta":{"_joinchat":[],"footnotes":""},"categories":[1],"tags":[],"class_list":["post-71577","post","type-post","status-publish","format-standard","hentry","category-sem-categoria"],"_links":{"self":[{"href":"http:\/\/folhadosudeste.com\/site\/index.php?rest_route=\/wp\/v2\/posts\/71577","targetHints":{"allow":["GET"]}}],"collection":[{"href":"http:\/\/folhadosudeste.com\/site\/index.php?rest_route=\/wp\/v2\/posts"}],"about":[{"href":"http:\/\/folhadosudeste.com\/site\/index.php?rest_route=\/wp\/v2\/types\/post"}],"author":[{"embeddable":true,"href":"http:\/\/folhadosudeste.com\/site\/index.php?rest_route=\/wp\/v2\/users\/6"}],"replies":[{"embeddable":true,"href":"http:\/\/folhadosudeste.com\/site\/index.php?rest_route=%2Fwp%2Fv2%2Fcomments&post=71577"}],"version-history":[{"count":1,"href":"http:\/\/folhadosudeste.com\/site\/index.php?rest_route=\/wp\/v2\/posts\/71577\/revisions"}],"predecessor-version":[{"id":71579,"href":"http:\/\/folhadosudeste.com\/site\/index.php?rest_route=\/wp\/v2\/posts\/71577\/revisions\/71579"}],"wp:attachment":[{"href":"http:\/\/folhadosudeste.com\/site\/index.php?rest_route=%2Fwp%2Fv2%2Fmedia&parent=71577"}],"wp:term":[{"taxonomy":"category","embeddable":true,"href":"http:\/\/folhadosudeste.com\/site\/index.php?rest_route=%2Fwp%2Fv2%2Fcategories&post=71577"},{"taxonomy":"post_tag","embeddable":true,"href":"http:\/\/folhadosudeste.com\/site\/index.php?rest_route=%2Fwp%2Fv2%2Ftags&post=71577"}],"curies":[{"name":"wp","href":"https:\/\/api.w.org\/{rel}","templated":true}]}}