{"id":71590,"date":"2020-07-20T18:23:36","date_gmt":"2020-07-20T18:23:36","guid":{"rendered":"http:\/\/folhadosudeste.com\/site\/?p=71590"},"modified":"2020-07-20T18:23:36","modified_gmt":"2020-07-20T18:23:36","slug":"cdl-ace-muriae-participa-de-videoconferencia-com-o-governador-romeu-zema-representada-pelo-o-presidente-da-fcdl-mg-frank-sinatra","status":"publish","type":"post","link":"http:\/\/folhadosudeste.com\/site\/?p=71590","title":{"rendered":"CDL ACE Muria\u00e9 participa de videoconfer\u00eancia com o Governador Romeu Zema, representada pelo o Presidente da FCDL-MG Frank Sinatra"},"content":{"rendered":"<p><a href=\"http:\/\/folhadosudeste.com\/site\/wp-content\/uploads\/2020\/07\/6a818079-0fc7-4125-84ec-5ed4bbf4ae24.jpg\"><img loading=\"lazy\" decoding=\"async\" class=\"alignnone size-full wp-image-71591\" src=\"http:\/\/folhadosudeste.com\/site\/wp-content\/uploads\/2020\/07\/6a818079-0fc7-4125-84ec-5ed4bbf4ae24.jpg\" alt=\"\" width=\"1280\" height=\"622\" srcset=\"http:\/\/folhadosudeste.com\/site\/wp-content\/uploads\/2020\/07\/6a818079-0fc7-4125-84ec-5ed4bbf4ae24.jpg 1280w, http:\/\/folhadosudeste.com\/site\/wp-content\/uploads\/2020\/07\/6a818079-0fc7-4125-84ec-5ed4bbf4ae24-300x146.jpg 300w, http:\/\/folhadosudeste.com\/site\/wp-content\/uploads\/2020\/07\/6a818079-0fc7-4125-84ec-5ed4bbf4ae24-768x373.jpg 768w, http:\/\/folhadosudeste.com\/site\/wp-content\/uploads\/2020\/07\/6a818079-0fc7-4125-84ec-5ed4bbf4ae24-1024x498.jpg 1024w\" sizes=\"auto, (max-width: 1280px) 100vw, 1280px\" \/><\/a><\/p>\n<p style=\"text-align: justify;\">A CDL ACE Muria\u00e9 foi representada nesta sexta-feira (17), pelo presidente da FCDL-MG, Frank Sinatra, onde participou de uma videoconfer\u00eancia com o Governador do Estado, Romeu Zema e o secreta\u0301rio-adjunto da Secretaria de Estado de Desenvolvimento Econ\u00f4mico de Minas Gerais, Fernando Passalio.<\/p>\n<p style=\"text-align: justify;\">A reuni\u00e3o contou com representantes de entidades do setor de com\u00e9rcio e servi\u00e7os do estado, discutiu o plano Minas Consciente e suas atualiza\u00e7\u00f5es. Com este di\u00e1logo, o governo pretende tomar decis\u00f5es mais assertivas e que tenham menos impacto para todos.<\/p>\n<p style=\"text-align: justify;\">\u201cO Governo est\u00e1 acompanhando de perto as a\u00e7\u00f5es e evolu\u00e7\u00f5es do plano. Consideramos a opini\u00e3o de cada entidade aqui representada e contamos com voc\u00eas para readequar o que for poss\u00edvel, &#8221; afirma Zema.&nbsp;&nbsp; CDL ACE Muria\u00e9, Juntos pelo seu Neg\u00f3cio!<\/p>\n","protected":false},"excerpt":{"rendered":"<p>A CDL ACE Muria\u00e9 foi representada nesta sexta-feira (17), pelo presidente da FCDL-MG, Frank Sinatra, onde participou de uma videoconfer\u00eancia com o Governador do Estado, Romeu Zema e o secreta\u0301rio-adjunto da Secretaria de Estado de Desenvolvimento Econ\u00f4mico de Minas Gerais, Fernando Passalio. A reuni\u00e3o contou com representantes de entidades do setor de com\u00e9rcio e servi\u00e7os [&hellip;]<\/p>\n","protected":false},"author":6,"featured_media":0,"comment_status":"open","ping_status":"closed","sticky":false,"template":"","format":"standard","meta":{"_joinchat":[],"footnotes":""},"categories":[1],"tags":[],"class_list":["post-71590","post","type-post","status-publish","format-standard","hentry","category-sem-categoria"],"_links":{"self":[{"href":"http:\/\/folhadosudeste.com\/site\/index.php?rest_route=\/wp\/v2\/posts\/71590","targetHints":{"allow":["GET"]}}],"collection":[{"href":"http:\/\/folhadosudeste.com\/site\/index.php?rest_route=\/wp\/v2\/posts"}],"about":[{"href":"http:\/\/folhadosudeste.com\/site\/index.php?rest_route=\/wp\/v2\/types\/post"}],"author":[{"embeddable":true,"href":"http:\/\/folhadosudeste.com\/site\/index.php?rest_route=\/wp\/v2\/users\/6"}],"replies":[{"embeddable":true,"href":"http:\/\/folhadosudeste.com\/site\/index.php?rest_route=%2Fwp%2Fv2%2Fcomments&post=71590"}],"version-history":[{"count":1,"href":"http:\/\/folhadosudeste.com\/site\/index.php?rest_route=\/wp\/v2\/posts\/71590\/revisions"}],"predecessor-version":[{"id":71592,"href":"http:\/\/folhadosudeste.com\/site\/index.php?rest_route=\/wp\/v2\/posts\/71590\/revisions\/71592"}],"wp:attachment":[{"href":"http:\/\/folhadosudeste.com\/site\/index.php?rest_route=%2Fwp%2Fv2%2Fmedia&parent=71590"}],"wp:term":[{"taxonomy":"category","embeddable":true,"href":"http:\/\/folhadosudeste.com\/site\/index.php?rest_route=%2Fwp%2Fv2%2Fcategories&post=71590"},{"taxonomy":"post_tag","embeddable":true,"href":"http:\/\/folhadosudeste.com\/site\/index.php?rest_route=%2Fwp%2Fv2%2Ftags&post=71590"}],"curies":[{"name":"wp","href":"https:\/\/api.w.org\/{rel}","templated":true}]}}