{"id":71611,"date":"2020-07-23T15:18:28","date_gmt":"2020-07-23T15:18:28","guid":{"rendered":"http:\/\/folhadosudeste.com\/site\/?p=71611"},"modified":"2020-07-23T15:18:28","modified_gmt":"2020-07-23T15:18:28","slug":"covid-19-numero-de-pacientes-ativos-em-muriae-volta-a-subir","status":"publish","type":"post","link":"http:\/\/folhadosudeste.com\/site\/?p=71611","title":{"rendered":"Covid-19: n\u00famero de pacientes ativos em Muria\u00e9 volta a subir"},"content":{"rendered":"<p style=\"text-align: justify;\"><a href=\"http:\/\/folhadosudeste.com\/site\/wp-content\/uploads\/2020\/07\/AEB8D1DB-D9D9-4C50-9BF8-B0DAAE998D2C.jpeg\"><img loading=\"lazy\" decoding=\"async\" class=\"alignnone size-full wp-image-71612\" src=\"http:\/\/folhadosudeste.com\/site\/wp-content\/uploads\/2020\/07\/AEB8D1DB-D9D9-4C50-9BF8-B0DAAE998D2C.jpeg\" alt=\"\" width=\"768\" height=\"768\" srcset=\"http:\/\/folhadosudeste.com\/site\/wp-content\/uploads\/2020\/07\/AEB8D1DB-D9D9-4C50-9BF8-B0DAAE998D2C.jpeg 768w, http:\/\/folhadosudeste.com\/site\/wp-content\/uploads\/2020\/07\/AEB8D1DB-D9D9-4C50-9BF8-B0DAAE998D2C-150x150.jpeg 150w, http:\/\/folhadosudeste.com\/site\/wp-content\/uploads\/2020\/07\/AEB8D1DB-D9D9-4C50-9BF8-B0DAAE998D2C-300x300.jpeg 300w\" sizes=\"auto, (max-width: 768px) 100vw, 768px\" \/><\/a><br \/>\nO n\u00famero de pessoas em tratamento da covid-19 em Muria\u00e9 voltou a subir nas \u00faltimas 24 horas, passando de 239 para 248. Com isso, o total de pacientes ativos entre moradores locais cresceu pelo segundo dia seguido nesta semana.<\/p>\n<p style=\"text-align: justify;\">Entre pessoas de outras cidades, mas que recebem atendimento em Muria\u00e9, o n\u00famero de pessoas ainda em recupera\u00e7\u00e3o subiu pelo quarto dia seguido &#8211; eram 21 na segunda-feira, 26 na ter\u00e7a e 34 na quarta, passando para 35 nesta quinta.<\/p>\n<p><!--more--><\/p>\n<p style=\"text-align: justify;\">Veja os n\u00fameros completos de hoje (23\/07\/2020):<\/p>\n<p style=\"text-align: justify;\"><strong>MORADORES DE MURIA\u00c9<\/strong><br \/>\nTotal de confirma\u00e7\u00f5es: 1.551 (42 a mais que ontem)<br \/>\nPacientes ativos: 248 (09 a mais que ontem)<br \/>\nPacientes curados: 1.254 (33 a mais que ontem)<br \/>\n\u00d3bitos: 49 (sem altera\u00e7\u00e3o h\u00e1 um dia)<br \/>\nEm investiga\u00e7\u00e3o (com exame): 11<br \/>\nEm monitoramento (sem exame): 354<br \/>\nNegativos: 1.698<\/p>\n<p style=\"text-align: justify;\"><strong>MORADORES DE OUTRAS CIDADES<\/strong><br \/>\nTotal de confirma\u00e7\u00f5es: 146 (03 a mais que ontem)<br \/>\nPacientes ativos: 35 (01 a mais que ontem)<br \/>\nPacientes curados: 96 (02 mais que ontem)<br \/>\n\u00d3bitos: 15 (sem altera\u00e7\u00e3o h\u00e1 um dia)<br \/>\nEm investiga\u00e7\u00e3o (com exame): 06<br \/>\nEm monitoramento (sem exame): 05<br \/>\nNegativos: 323<\/p>\n","protected":false},"excerpt":{"rendered":"<p>O n\u00famero de pessoas em tratamento da covid-19 em Muria\u00e9 voltou a subir nas \u00faltimas 24 horas, passando de 239 para 248. Com isso, o total de pacientes ativos entre moradores locais cresceu pelo segundo dia seguido nesta semana. Entre pessoas de outras cidades, mas que recebem atendimento em Muria\u00e9, o n\u00famero de pessoas ainda [&hellip;]<\/p>\n","protected":false},"author":6,"featured_media":0,"comment_status":"open","ping_status":"closed","sticky":false,"template":"","format":"standard","meta":{"_joinchat":[],"footnotes":""},"categories":[1],"tags":[],"class_list":["post-71611","post","type-post","status-publish","format-standard","hentry","category-sem-categoria"],"_links":{"self":[{"href":"http:\/\/folhadosudeste.com\/site\/index.php?rest_route=\/wp\/v2\/posts\/71611","targetHints":{"allow":["GET"]}}],"collection":[{"href":"http:\/\/folhadosudeste.com\/site\/index.php?rest_route=\/wp\/v2\/posts"}],"about":[{"href":"http:\/\/folhadosudeste.com\/site\/index.php?rest_route=\/wp\/v2\/types\/post"}],"author":[{"embeddable":true,"href":"http:\/\/folhadosudeste.com\/site\/index.php?rest_route=\/wp\/v2\/users\/6"}],"replies":[{"embeddable":true,"href":"http:\/\/folhadosudeste.com\/site\/index.php?rest_route=%2Fwp%2Fv2%2Fcomments&post=71611"}],"version-history":[{"count":1,"href":"http:\/\/folhadosudeste.com\/site\/index.php?rest_route=\/wp\/v2\/posts\/71611\/revisions"}],"predecessor-version":[{"id":71613,"href":"http:\/\/folhadosudeste.com\/site\/index.php?rest_route=\/wp\/v2\/posts\/71611\/revisions\/71613"}],"wp:attachment":[{"href":"http:\/\/folhadosudeste.com\/site\/index.php?rest_route=%2Fwp%2Fv2%2Fmedia&parent=71611"}],"wp:term":[{"taxonomy":"category","embeddable":true,"href":"http:\/\/folhadosudeste.com\/site\/index.php?rest_route=%2Fwp%2Fv2%2Fcategories&post=71611"},{"taxonomy":"post_tag","embeddable":true,"href":"http:\/\/folhadosudeste.com\/site\/index.php?rest_route=%2Fwp%2Fv2%2Ftags&post=71611"}],"curies":[{"name":"wp","href":"https:\/\/api.w.org\/{rel}","templated":true}]}}