{"id":71617,"date":"2020-07-24T02:34:53","date_gmt":"2020-07-24T02:34:53","guid":{"rendered":"http:\/\/folhadosudeste.com\/site\/?p=71617"},"modified":"2020-07-24T02:34:53","modified_gmt":"2020-07-24T02:34:53","slug":"7-novos-respiradores-serao-destinados-para-muriae","status":"publish","type":"post","link":"http:\/\/folhadosudeste.com\/site\/?p=71617","title":{"rendered":"7 novos respiradores ser\u00e3o destinados para Muria\u00e9"},"content":{"rendered":"<p>https:\/\/www.facebook.com\/217846651682506\/posts\/1972415322892288\/?vh=e<\/p>\n<p><span style=\"text-align: justify;\">Mais uma conquista para o combate ao coronav\u00edrus em Muria\u00e9!<\/span><\/p>\n<p style=\"text-align: justify;\">O Secret\u00e1rio Estadual de Sa\u00fade de Minas Gerais garantiu a entrega de 7 novos respiradores para a nossa cidade nos pr\u00f3ximos dias.<\/p>\n<p><!--more--><\/p>\n<p style=\"text-align: justify;\">Agrade\u00e7o ao Governador de Minas, Romeu Zema e ao Secret\u00e1rio Estadual de Sa\u00fade, Carlos Amaral, que atentos aos estudos t\u00e9cnicos, compreenderam que Muria\u00e9 precisa desses respiradores para garantir tratamento aos pacientes.<\/p>\n<p style=\"text-align: justify;\">Parabenizo os profissionais da Secretaria Municipal de Sa\u00fade que muito se empenharam por essa conquista e aos profissionais que atuam na linha de frente de todas as casas de assist\u00eancia hospitalar da cidade, que arriscam suas vidas para salvar tantas pessoas.<\/p>\n<p style=\"text-align: justify;\">Unidos fazemos a diferen\u00e7a! Todos juntos no combate ao coronav\u00edrus!<\/p>\n<p style=\"text-align: justify;\">Grego &#8211;&nbsp;Prefeito de Muria\u00e9<\/p>\n","protected":false},"excerpt":{"rendered":"<p>https:\/\/www.facebook.com\/217846651682506\/posts\/1972415322892288\/?vh=e Mais uma conquista para o combate ao coronav\u00edrus em Muria\u00e9! O Secret\u00e1rio Estadual de Sa\u00fade de Minas Gerais garantiu a entrega de 7 novos respiradores para a nossa cidade nos pr\u00f3ximos dias.<\/p>\n","protected":false},"author":6,"featured_media":0,"comment_status":"open","ping_status":"closed","sticky":false,"template":"","format":"standard","meta":{"_joinchat":[],"footnotes":""},"categories":[1],"tags":[],"class_list":["post-71617","post","type-post","status-publish","format-standard","hentry","category-sem-categoria"],"_links":{"self":[{"href":"http:\/\/folhadosudeste.com\/site\/index.php?rest_route=\/wp\/v2\/posts\/71617","targetHints":{"allow":["GET"]}}],"collection":[{"href":"http:\/\/folhadosudeste.com\/site\/index.php?rest_route=\/wp\/v2\/posts"}],"about":[{"href":"http:\/\/folhadosudeste.com\/site\/index.php?rest_route=\/wp\/v2\/types\/post"}],"author":[{"embeddable":true,"href":"http:\/\/folhadosudeste.com\/site\/index.php?rest_route=\/wp\/v2\/users\/6"}],"replies":[{"embeddable":true,"href":"http:\/\/folhadosudeste.com\/site\/index.php?rest_route=%2Fwp%2Fv2%2Fcomments&post=71617"}],"version-history":[{"count":1,"href":"http:\/\/folhadosudeste.com\/site\/index.php?rest_route=\/wp\/v2\/posts\/71617\/revisions"}],"predecessor-version":[{"id":71618,"href":"http:\/\/folhadosudeste.com\/site\/index.php?rest_route=\/wp\/v2\/posts\/71617\/revisions\/71618"}],"wp:attachment":[{"href":"http:\/\/folhadosudeste.com\/site\/index.php?rest_route=%2Fwp%2Fv2%2Fmedia&parent=71617"}],"wp:term":[{"taxonomy":"category","embeddable":true,"href":"http:\/\/folhadosudeste.com\/site\/index.php?rest_route=%2Fwp%2Fv2%2Fcategories&post=71617"},{"taxonomy":"post_tag","embeddable":true,"href":"http:\/\/folhadosudeste.com\/site\/index.php?rest_route=%2Fwp%2Fv2%2Ftags&post=71617"}],"curies":[{"name":"wp","href":"https:\/\/api.w.org\/{rel}","templated":true}]}}