{"id":71619,"date":"2020-07-24T16:27:17","date_gmt":"2020-07-24T16:27:17","guid":{"rendered":"http:\/\/folhadosudeste.com\/site\/?p=71619"},"modified":"2020-07-24T16:27:17","modified_gmt":"2020-07-24T16:27:17","slug":"operadoras-comecam-testes-no-brasil-da-tecnologia-5g","status":"publish","type":"post","link":"http:\/\/folhadosudeste.com\/site\/?p=71619","title":{"rendered":"Operadoras come\u00e7am testes no Brasil da tecnologia 5G"},"content":{"rendered":"<figure id=\"attachment_71620\" aria-describedby=\"caption-attachment-71620\" style=\"width: 1170px\" class=\"wp-caption alignnone\"><a href=\"http:\/\/folhadosudeste.com\/site\/wp-content\/uploads\/2020\/07\/mca_abr_2407182208.jpg\"><img loading=\"lazy\" decoding=\"async\" class=\"size-full wp-image-71620\" src=\"http:\/\/folhadosudeste.com\/site\/wp-content\/uploads\/2020\/07\/mca_abr_2407182208.jpg\" alt=\"\" width=\"1170\" height=\"700\" srcset=\"http:\/\/folhadosudeste.com\/site\/wp-content\/uploads\/2020\/07\/mca_abr_2407182208.jpg 1170w, http:\/\/folhadosudeste.com\/site\/wp-content\/uploads\/2020\/07\/mca_abr_2407182208-300x179.jpg 300w, http:\/\/folhadosudeste.com\/site\/wp-content\/uploads\/2020\/07\/mca_abr_2407182208-768x459.jpg 768w, http:\/\/folhadosudeste.com\/site\/wp-content\/uploads\/2020\/07\/mca_abr_2407182208-1024x613.jpg 1024w\" sizes=\"auto, (max-width: 1170px) 100vw, 1170px\" \/><\/a><figcaption id=\"caption-attachment-71620\" class=\"wp-caption-text\"><em style=\"text-align: justify; font-size: 16px;\">Leil\u00e3o do espa\u00e7o destinado ao 5G deve ocorrer no in\u00edcio de 2021<\/em><\/figcaption><\/figure>\n<p style=\"text-align: justify;\">As maiores operadoras do pa\u00eds de telefonia celular iniciaram neste m\u00eas de julho o funcionamento, em car\u00e1ter experimental, da tecnologia de quinta gera\u00e7\u00e3o (5G) para os aparelhos m\u00f3veis. Neste primeiro momento, o 5G compartilhar\u00e1 as faixas de transmiss\u00e3o j\u00e1 existentes do 3G e do 4G, com o uso da tecnologia chamada DSS (compartilhamento din\u00e2mico de espectro, na sigla em ingl\u00eas).<\/p>\n<p style=\"text-align: justify;\">Isso ocorre porque o leil\u00e3o do espa\u00e7o do espectro, destinado exclusivamente ao 5G (a faixa de 3,5GHz), s\u00f3 dever\u00e1 ocorrer no in\u00edcio de 2021. Com a tecnologia DSS \u00e9 poss\u00edvel compartilhar, com o 5G, a faixa do 3G e 4G n\u00e3o utilizada. No entanto, como esse espectro n\u00e3o possui uma banda cont\u00ednua e dedicada, a experi\u00eancia do 5G ainda n\u00e3o poder\u00e1 ser utilizada em sua totalidade.<\/p>\n<p><!--more--><\/p>\n<p style=\"text-align: justify;\">O 5G, em sua m\u00e1xima pot\u00eancia, dever\u00e1 oferecer alt\u00edssimas velocidades de internet, maior confiabilidade e disponibilidade, al\u00e9m da capacidade para conectar massivamente um n\u00famero significativo de aparelhos ao mesmo tempo.<\/p>\n<p style=\"text-align: justify;\">Para poder utilizar o servi\u00e7o, por\u00e9m, o usu\u00e1rio ter\u00e1 de ter em m\u00e3os um aparelho celular que seja compat\u00edvel com a tecnologia 5G. Hoje, no mercado brasileiro, h\u00e1 apenas um modelo dispon\u00edvel com a tecnologia, o Motorola Edge, com valor acima de R$ 4,9 mil na loja oficial da fabricante.<\/p>\n<p style=\"text-align: justify;\">Locais com cobertura 5G<br \/>\nA operadora Vivo est\u00e1 ativando, no m\u00eas de julho, o funcionamento do 5G DSS em oito cidades brasileiras: S\u00e3o Paulo (regi\u00f5es da Avenida Paulista, Vila Ol\u00edmpia e Berrini), Bras\u00edlia (regi\u00f5es do Eixo Monumental, Esplanada dos Minist\u00e9rios e shoppings), Belo Horizonte (regi\u00f5es da Savassi e Afonso Pena), Salvador (regi\u00f5es da Pituba e Itaigara), Rio de Janeiro (Copacabana, Ipanema e Leblon), Goi\u00e2nia (regi\u00e3o central da cidade), Curitiba (regi\u00f5es do Centro C\u00edvico\/Alto da Gl\u00f3ria e Batel\/\u00c1gua Verde), Porto Alegre (regi\u00f5es do Moinhos de Vento, Avenida Carlos Gomes e Shopping Iguatemi).<\/p>\n<p style=\"text-align: justify;\">J\u00e1 a o 5G DSS da operadora Claro est\u00e1 dispon\u00edvel inicialmente em S\u00e3o Paulo, desde a \u00faltima semana, na regi\u00e3o da Avenida Paulista e Jardins. Em seguida, vai gradativamente estender-se pelos bairros Campo Belo, Vila Madalena, Pinheiros, Itaim, Moema, Brooklin, Vila Ol\u00edmpia, Cerqueira C\u00e9sar, Para\u00edso, Ibirapuera, al\u00e9m da regi\u00e3o da Avenida Berrini e tamb\u00e9m de Santo Amaro.<\/p>\n<p style=\"text-align: justify;\">O servi\u00e7o ser\u00e1 instalado tamb\u00e9m na Central \u00danica das Favelas (CUFA) e no Instituto Pr\u00f3-Saber SP, ambos na comunidade de Parais\u00f3polis, onde a operadora desenvolve trabalhos sociais.<\/p>\n<p style=\"text-align: justify;\">No Rio de Janeiro, os primeiros pontos de cobertura estar\u00e3o em Ipanema, Leblon e na Lagoa. Devem se expandir por toda a orla, do Leme at\u00e9 a Barra da Tijuca, passando pelo Jardim Oce\u00e2nico, Jo\u00e1, S\u00e3o Conrado e Copacabana.<\/p>\n<p style=\"text-align: justify;\">A cobertura do 5G DSS da operadora TIM ter\u00e1 in\u00edcio em setembro, em tr\u00eas cidades: Bento Gon\u00e7alves (RS), Itajub\u00e1 (MG), e Tr\u00eas Lagoas (MS). J\u00e1 a Oi informou que est\u00e1 avaliando iniciar a opera\u00e7\u00e3o comercial da tecnologia 5G no pa\u00eds antes da realiza\u00e7\u00e3o do leil\u00e3o de frequ\u00eancias. A operadora disse que j\u00e1 instalou experimentalmente a tecnologia 5G no pa\u00eds, de forma pontual, no ano passado, no munic\u00edpio de B\u00fazios (RJ) e em grandes eventos, como na Confer\u00eancia Rio2C, GameXP, Rock in Rio e Comic Con Experience (CCXP). <strong>Fonte:&nbsp;agenciabrasil.ebc.com.br<\/strong><\/p>\n","protected":false},"excerpt":{"rendered":"<p>As maiores operadoras do pa\u00eds de telefonia celular iniciaram neste m\u00eas de julho o funcionamento, em car\u00e1ter experimental, da tecnologia de quinta gera\u00e7\u00e3o (5G) para os aparelhos m\u00f3veis. Neste primeiro momento, o 5G compartilhar\u00e1 as faixas de transmiss\u00e3o j\u00e1 existentes do 3G e do 4G, com o uso da tecnologia chamada DSS (compartilhamento din\u00e2mico de [&hellip;]<\/p>\n","protected":false},"author":6,"featured_media":0,"comment_status":"open","ping_status":"closed","sticky":false,"template":"","format":"standard","meta":{"_joinchat":[],"footnotes":""},"categories":[1],"tags":[],"class_list":["post-71619","post","type-post","status-publish","format-standard","hentry","category-sem-categoria"],"_links":{"self":[{"href":"http:\/\/folhadosudeste.com\/site\/index.php?rest_route=\/wp\/v2\/posts\/71619","targetHints":{"allow":["GET"]}}],"collection":[{"href":"http:\/\/folhadosudeste.com\/site\/index.php?rest_route=\/wp\/v2\/posts"}],"about":[{"href":"http:\/\/folhadosudeste.com\/site\/index.php?rest_route=\/wp\/v2\/types\/post"}],"author":[{"embeddable":true,"href":"http:\/\/folhadosudeste.com\/site\/index.php?rest_route=\/wp\/v2\/users\/6"}],"replies":[{"embeddable":true,"href":"http:\/\/folhadosudeste.com\/site\/index.php?rest_route=%2Fwp%2Fv2%2Fcomments&post=71619"}],"version-history":[{"count":1,"href":"http:\/\/folhadosudeste.com\/site\/index.php?rest_route=\/wp\/v2\/posts\/71619\/revisions"}],"predecessor-version":[{"id":71621,"href":"http:\/\/folhadosudeste.com\/site\/index.php?rest_route=\/wp\/v2\/posts\/71619\/revisions\/71621"}],"wp:attachment":[{"href":"http:\/\/folhadosudeste.com\/site\/index.php?rest_route=%2Fwp%2Fv2%2Fmedia&parent=71619"}],"wp:term":[{"taxonomy":"category","embeddable":true,"href":"http:\/\/folhadosudeste.com\/site\/index.php?rest_route=%2Fwp%2Fv2%2Fcategories&post=71619"},{"taxonomy":"post_tag","embeddable":true,"href":"http:\/\/folhadosudeste.com\/site\/index.php?rest_route=%2Fwp%2Fv2%2Ftags&post=71619"}],"curies":[{"name":"wp","href":"https:\/\/api.w.org\/{rel}","templated":true}]}}