{"id":71654,"date":"2020-07-28T22:43:56","date_gmt":"2020-07-28T22:43:56","guid":{"rendered":"http:\/\/folhadosudeste.com\/site\/?p=71654"},"modified":"2020-07-28T22:43:56","modified_gmt":"2020-07-28T22:43:56","slug":"nota-do-comite-gestor-covid-19","status":"publish","type":"post","link":"http:\/\/folhadosudeste.com\/site\/?p=71654","title":{"rendered":"Nota do Comit\u00ea Gestor Covid-19"},"content":{"rendered":"<p><img decoding=\"async\" src=\"https:\/\/s2.glbimg.com\/CJl3uMQW9I2kA5wcDHXeZZxkw58=\/0x0:900x600\/984x0\/smart\/filters:strip_icc()\/i.s3.glbimg.com\/v1\/AUTH_59edd422c0c84a879bd37670ae4f538a\/internal_photos\/bs\/2018\/U\/q\/AIePPJTbqefLBy98XTew\/prefeitura-inicia-operacao-cidade-limpa-para-melhorar-limpeza-e-conservacao-urbana-em-muriae.jpg\" alt=\"Prefeitura de Muria\u00e9 anuncia medidas restritivas e 'lockdown' para ...\"><\/p>\n<p style=\"text-align: justify;\">O Comit\u00ea Gestor Covid-19 de Muria\u00e9 informa que o ac\u00f3rd\u00e3o contendo as determina\u00e7\u00f5es relativas ao enfrentamento do coronav\u00edrus ainda n\u00e3o foi publicado pelo Tribunal de Justi\u00e7a de Minas Gerais. A previs\u00e3o \u00e9 que o documento seja liberado amanh\u00e3, dia 29 de julho.<\/p>\n<p style=\"text-align: justify;\">Desta forma, o Comit\u00ea Gestor continua aguardando a publica\u00e7\u00e3o do ac\u00f3rd\u00e3o judicial e tamb\u00e9m de eventuais altera\u00e7\u00f5es do programa Minas Consciente.<\/p>\n<p style=\"text-align: justify;\">Permanecemos atentos \u00e0s quest\u00f5es que envolvem o caso, para que possamos continuar atuando em prol tanto da preserva\u00e7\u00e3o da sa\u00fade p\u00fablica, quanto dos interesses econ\u00f4micos do setor comercial de Muria\u00e9.<\/p>\n","protected":false},"excerpt":{"rendered":"<p>O Comit\u00ea Gestor Covid-19 de Muria\u00e9 informa que o ac\u00f3rd\u00e3o contendo as determina\u00e7\u00f5es relativas ao enfrentamento do coronav\u00edrus ainda n\u00e3o foi publicado pelo Tribunal de Justi\u00e7a de Minas Gerais. A previs\u00e3o \u00e9 que o documento seja liberado amanh\u00e3, dia 29 de julho. Desta forma, o Comit\u00ea Gestor continua aguardando a publica\u00e7\u00e3o do ac\u00f3rd\u00e3o judicial e [&hellip;]<\/p>\n","protected":false},"author":6,"featured_media":0,"comment_status":"open","ping_status":"closed","sticky":false,"template":"","format":"standard","meta":{"_joinchat":[],"footnotes":""},"categories":[1],"tags":[],"class_list":["post-71654","post","type-post","status-publish","format-standard","hentry","category-sem-categoria"],"_links":{"self":[{"href":"http:\/\/folhadosudeste.com\/site\/index.php?rest_route=\/wp\/v2\/posts\/71654","targetHints":{"allow":["GET"]}}],"collection":[{"href":"http:\/\/folhadosudeste.com\/site\/index.php?rest_route=\/wp\/v2\/posts"}],"about":[{"href":"http:\/\/folhadosudeste.com\/site\/index.php?rest_route=\/wp\/v2\/types\/post"}],"author":[{"embeddable":true,"href":"http:\/\/folhadosudeste.com\/site\/index.php?rest_route=\/wp\/v2\/users\/6"}],"replies":[{"embeddable":true,"href":"http:\/\/folhadosudeste.com\/site\/index.php?rest_route=%2Fwp%2Fv2%2Fcomments&post=71654"}],"version-history":[{"count":1,"href":"http:\/\/folhadosudeste.com\/site\/index.php?rest_route=\/wp\/v2\/posts\/71654\/revisions"}],"predecessor-version":[{"id":71655,"href":"http:\/\/folhadosudeste.com\/site\/index.php?rest_route=\/wp\/v2\/posts\/71654\/revisions\/71655"}],"wp:attachment":[{"href":"http:\/\/folhadosudeste.com\/site\/index.php?rest_route=%2Fwp%2Fv2%2Fmedia&parent=71654"}],"wp:term":[{"taxonomy":"category","embeddable":true,"href":"http:\/\/folhadosudeste.com\/site\/index.php?rest_route=%2Fwp%2Fv2%2Fcategories&post=71654"},{"taxonomy":"post_tag","embeddable":true,"href":"http:\/\/folhadosudeste.com\/site\/index.php?rest_route=%2Fwp%2Fv2%2Ftags&post=71654"}],"curies":[{"name":"wp","href":"https:\/\/api.w.org\/{rel}","templated":true}]}}