{"id":71656,"date":"2020-07-28T22:45:00","date_gmt":"2020-07-28T22:45:00","guid":{"rendered":"http:\/\/folhadosudeste.com\/site\/?p=71656"},"modified":"2020-07-28T22:45:00","modified_gmt":"2020-07-28T22:45:00","slug":"muriae-tem-mais-mortes-confirmadas-por-covid-19","status":"publish","type":"post","link":"http:\/\/folhadosudeste.com\/site\/?p=71656","title":{"rendered":"Muria\u00e9 tem mais mortes confirmadas por covid-19"},"content":{"rendered":"<p><a href=\"http:\/\/folhadosudeste.com\/site\/wp-content\/uploads\/2020\/07\/AE703546-CDE5-49FD-9EA5-2F7230154A49.jpeg\"><img loading=\"lazy\" decoding=\"async\" class=\"alignnone size-full wp-image-71657\" src=\"http:\/\/folhadosudeste.com\/site\/wp-content\/uploads\/2020\/07\/AE703546-CDE5-49FD-9EA5-2F7230154A49.jpeg\" alt=\"\" width=\"1081\" height=\"1081\" srcset=\"http:\/\/folhadosudeste.com\/site\/wp-content\/uploads\/2020\/07\/AE703546-CDE5-49FD-9EA5-2F7230154A49.jpeg 1081w, http:\/\/folhadosudeste.com\/site\/wp-content\/uploads\/2020\/07\/AE703546-CDE5-49FD-9EA5-2F7230154A49-150x150.jpeg 150w, http:\/\/folhadosudeste.com\/site\/wp-content\/uploads\/2020\/07\/AE703546-CDE5-49FD-9EA5-2F7230154A49-300x300.jpeg 300w, http:\/\/folhadosudeste.com\/site\/wp-content\/uploads\/2020\/07\/AE703546-CDE5-49FD-9EA5-2F7230154A49-768x768.jpeg 768w, http:\/\/folhadosudeste.com\/site\/wp-content\/uploads\/2020\/07\/AE703546-CDE5-49FD-9EA5-2F7230154A49-1024x1024.jpeg 1024w\" sizes=\"auto, (max-width: 1081px) 100vw, 1081px\" \/><\/a><\/p>\n<p style=\"text-align: justify;\">Mais tr\u00eas mortes em decorr\u00eancia da covid-19 foram confirmadas em Muria\u00e9 nas \u00faltimas 24 horas. Todos os pacientes eram homens.<\/p>\n<p style=\"text-align: justify;\">Dois deles moravam em Muria\u00e9: um de 67 anos, que era obeso, hipertenso e diab\u00e9tico, e outro de 59 anos, que n\u00e3o tinha problemas de sa\u00fade. J\u00e1 o paciente de fora tinha 75 anos e lutava contra um c\u00e2ncer.<\/p>\n<p style=\"text-align: justify;\"><strong>Novos casos &#8211;<\/strong>&nbsp;Foram registradas 72 novas infec\u00e7\u00f5es pelo coronav\u00edrus nas \u00faltimas 24 horas (67 entre muriaeenses e 5 entre pessoas de fora). Com isso, o n\u00famero de moradores locais que ainda est\u00e3o em tratamento voltou a subir, passando de 167 para 204 entre ontem e hoje.<\/p>\n<p><!--more--><\/p>\n<p style=\"text-align: justify;\">Veja os n\u00fameros completos de hoje (28\/07\/2020):<\/p>\n<p style=\"text-align: justify;\"><strong>MORADORES DE MURIA\u00c9<\/strong><br \/>\nTotal de confirma\u00e7\u00f5es: 1.688 (eram 1.621)<br \/>\nPacientes ativos: 204 (eram 167)<br \/>\nPacientes curados: 1.430 (eram 1.402)<br \/>\n\u00d3bitos: 54 (eram 52)<br \/>\nEm investiga\u00e7\u00e3o (com exame): 30<br \/>\nEm monitoramento (sem exame): 359<br \/>\nNegativos: 1.836<\/p>\n<p style=\"text-align: justify;\"><strong>MORADORES DE OUTRAS CIDADES<\/strong><br \/>\nTotal de confirma\u00e7\u00f5es: 162 (eram 157)<br \/>\nPacientes ativos: 38 (eram 35)<br \/>\nPacientes curados: 104 (eram 103)<br \/>\n\u00d3bitos: 20 (eram 19)<br \/>\nEm investiga\u00e7\u00e3o (com exame): 08<br \/>\nEm monitoramento (sem exame): 06<br \/>\nNegativos: 348<\/p>\n","protected":false},"excerpt":{"rendered":"<p>Mais tr\u00eas mortes em decorr\u00eancia da covid-19 foram confirmadas em Muria\u00e9 nas \u00faltimas 24 horas. Todos os pacientes eram homens. Dois deles moravam em Muria\u00e9: um de 67 anos, que era obeso, hipertenso e diab\u00e9tico, e outro de 59 anos, que n\u00e3o tinha problemas de sa\u00fade. J\u00e1 o paciente de fora tinha 75 anos e [&hellip;]<\/p>\n","protected":false},"author":6,"featured_media":0,"comment_status":"open","ping_status":"closed","sticky":false,"template":"","format":"standard","meta":{"_joinchat":[],"footnotes":""},"categories":[1],"tags":[],"class_list":["post-71656","post","type-post","status-publish","format-standard","hentry","category-sem-categoria"],"_links":{"self":[{"href":"http:\/\/folhadosudeste.com\/site\/index.php?rest_route=\/wp\/v2\/posts\/71656","targetHints":{"allow":["GET"]}}],"collection":[{"href":"http:\/\/folhadosudeste.com\/site\/index.php?rest_route=\/wp\/v2\/posts"}],"about":[{"href":"http:\/\/folhadosudeste.com\/site\/index.php?rest_route=\/wp\/v2\/types\/post"}],"author":[{"embeddable":true,"href":"http:\/\/folhadosudeste.com\/site\/index.php?rest_route=\/wp\/v2\/users\/6"}],"replies":[{"embeddable":true,"href":"http:\/\/folhadosudeste.com\/site\/index.php?rest_route=%2Fwp%2Fv2%2Fcomments&post=71656"}],"version-history":[{"count":1,"href":"http:\/\/folhadosudeste.com\/site\/index.php?rest_route=\/wp\/v2\/posts\/71656\/revisions"}],"predecessor-version":[{"id":71658,"href":"http:\/\/folhadosudeste.com\/site\/index.php?rest_route=\/wp\/v2\/posts\/71656\/revisions\/71658"}],"wp:attachment":[{"href":"http:\/\/folhadosudeste.com\/site\/index.php?rest_route=%2Fwp%2Fv2%2Fmedia&parent=71656"}],"wp:term":[{"taxonomy":"category","embeddable":true,"href":"http:\/\/folhadosudeste.com\/site\/index.php?rest_route=%2Fwp%2Fv2%2Fcategories&post=71656"},{"taxonomy":"post_tag","embeddable":true,"href":"http:\/\/folhadosudeste.com\/site\/index.php?rest_route=%2Fwp%2Fv2%2Ftags&post=71656"}],"curies":[{"name":"wp","href":"https:\/\/api.w.org\/{rel}","templated":true}]}}