{"id":71721,"date":"2020-07-31T17:25:06","date_gmt":"2020-07-31T17:25:06","guid":{"rendered":"http:\/\/folhadosudeste.com\/site\/?p=71721"},"modified":"2020-07-31T17:25:06","modified_gmt":"2020-07-31T17:25:06","slug":"em-conformidade-com-o-minas-consciente-feira-livre-retorna-no-proximo-domingo","status":"publish","type":"post","link":"http:\/\/folhadosudeste.com\/site\/?p=71721","title":{"rendered":"Em conformidade com o Minas Consciente, Feira Livre retorna no pr\u00f3ximo domingo"},"content":{"rendered":"<div>\n<p><a href=\"http:\/\/folhadosudeste.com\/site\/wp-content\/uploads\/2020\/07\/01-3-1.jpg\"><img loading=\"lazy\" decoding=\"async\" class=\"alignnone size-full wp-image-71725\" src=\"http:\/\/folhadosudeste.com\/site\/wp-content\/uploads\/2020\/07\/01-3-1.jpg\" alt=\"\" width=\"1500\" height=\"948\" srcset=\"http:\/\/folhadosudeste.com\/site\/wp-content\/uploads\/2020\/07\/01-3-1.jpg 1500w, http:\/\/folhadosudeste.com\/site\/wp-content\/uploads\/2020\/07\/01-3-1-300x190.jpg 300w, http:\/\/folhadosudeste.com\/site\/wp-content\/uploads\/2020\/07\/01-3-1-768x485.jpg 768w, http:\/\/folhadosudeste.com\/site\/wp-content\/uploads\/2020\/07\/01-3-1-1024x647.jpg 1024w\" sizes=\"auto, (max-width: 1500px) 100vw, 1500px\" \/><\/a><\/p>\n<p style=\"text-align: justify;\"><i>Acesso ao espa\u00e7o ter\u00e1 medi\u00e7\u00e3o de temperatura corporal, uso de m\u00e1scara e de \u00e1lcool em gel<u><\/u><u><\/u><\/i><u><\/u>&nbsp;<u><\/u><\/p>\n<p style=\"text-align: justify;\">A Feira Livre retorna neste domingo, 2 de agosto, em Muria\u00e9. A libera\u00e7\u00e3o do funcionamento para esta categoria est\u00e1 prevista nas novas normas do Programa Minas Consciente, do estado de Minas.<u><\/u><u><\/u><u><\/u>&nbsp;<u><\/u><\/p>\n<p style=\"text-align: justify;\">A fim de preservar a sa\u00fade tanto de feirantes quando do p\u00fablico, com a preven\u00e7\u00e3o ao coronav\u00edrus, o acesso ao local da feira seguir\u00e1 os mesmos moldes do que estava acontecendo anteriormente: haver\u00e1 medi\u00e7\u00e3o de temperatura corporal na entrada, disponibiliza\u00e7\u00e3o de \u00e1lcool em gel e uso obrigat\u00f3rio de m\u00e1scaras por todos.&nbsp;<em><strong>Fotos: Arquivo Prefeitura de Muria\u00e9<\/strong><\/em><\/p>\n<\/div>\n<p><!--more--><\/p>\n<p><a href=\"http:\/\/folhadosudeste.com\/site\/wp-content\/uploads\/2020\/07\/03-2.jpg\"><img loading=\"lazy\" decoding=\"async\" class=\"alignnone size-full wp-image-71727\" src=\"http:\/\/folhadosudeste.com\/site\/wp-content\/uploads\/2020\/07\/03-2.jpg\" alt=\"\" width=\"1500\" height=\"1065\" srcset=\"http:\/\/folhadosudeste.com\/site\/wp-content\/uploads\/2020\/07\/03-2.jpg 1500w, http:\/\/folhadosudeste.com\/site\/wp-content\/uploads\/2020\/07\/03-2-300x213.jpg 300w, http:\/\/folhadosudeste.com\/site\/wp-content\/uploads\/2020\/07\/03-2-768x545.jpg 768w, http:\/\/folhadosudeste.com\/site\/wp-content\/uploads\/2020\/07\/03-2-1024x727.jpg 1024w\" sizes=\"auto, (max-width: 1500px) 100vw, 1500px\" \/><\/a><\/p>\n","protected":false},"excerpt":{"rendered":"<p>Acesso ao espa\u00e7o ter\u00e1 medi\u00e7\u00e3o de temperatura corporal, uso de m\u00e1scara e de \u00e1lcool em gel&nbsp; A Feira Livre retorna neste domingo, 2 de agosto, em Muria\u00e9. A libera\u00e7\u00e3o do funcionamento para esta categoria est\u00e1 prevista nas novas normas do Programa Minas Consciente, do estado de Minas.&nbsp; A fim de preservar a sa\u00fade tanto de [&hellip;]<\/p>\n","protected":false},"author":6,"featured_media":0,"comment_status":"open","ping_status":"closed","sticky":false,"template":"","format":"standard","meta":{"_joinchat":[],"footnotes":""},"categories":[1],"tags":[],"class_list":["post-71721","post","type-post","status-publish","format-standard","hentry","category-sem-categoria"],"_links":{"self":[{"href":"http:\/\/folhadosudeste.com\/site\/index.php?rest_route=\/wp\/v2\/posts\/71721","targetHints":{"allow":["GET"]}}],"collection":[{"href":"http:\/\/folhadosudeste.com\/site\/index.php?rest_route=\/wp\/v2\/posts"}],"about":[{"href":"http:\/\/folhadosudeste.com\/site\/index.php?rest_route=\/wp\/v2\/types\/post"}],"author":[{"embeddable":true,"href":"http:\/\/folhadosudeste.com\/site\/index.php?rest_route=\/wp\/v2\/users\/6"}],"replies":[{"embeddable":true,"href":"http:\/\/folhadosudeste.com\/site\/index.php?rest_route=%2Fwp%2Fv2%2Fcomments&post=71721"}],"version-history":[{"count":1,"href":"http:\/\/folhadosudeste.com\/site\/index.php?rest_route=\/wp\/v2\/posts\/71721\/revisions"}],"predecessor-version":[{"id":71728,"href":"http:\/\/folhadosudeste.com\/site\/index.php?rest_route=\/wp\/v2\/posts\/71721\/revisions\/71728"}],"wp:attachment":[{"href":"http:\/\/folhadosudeste.com\/site\/index.php?rest_route=%2Fwp%2Fv2%2Fmedia&parent=71721"}],"wp:term":[{"taxonomy":"category","embeddable":true,"href":"http:\/\/folhadosudeste.com\/site\/index.php?rest_route=%2Fwp%2Fv2%2Fcategories&post=71721"},{"taxonomy":"post_tag","embeddable":true,"href":"http:\/\/folhadosudeste.com\/site\/index.php?rest_route=%2Fwp%2Fv2%2Ftags&post=71721"}],"curies":[{"name":"wp","href":"https:\/\/api.w.org\/{rel}","templated":true}]}}