{"id":71743,"date":"2020-07-31T18:08:41","date_gmt":"2020-07-31T18:08:41","guid":{"rendered":"http:\/\/folhadosudeste.com\/site\/?p=71743"},"modified":"2020-07-31T18:11:12","modified_gmt":"2020-07-31T18:11:12","slug":"mutirao-de-castracao-de-animais-acontecera-em-novo-local","status":"publish","type":"post","link":"http:\/\/folhadosudeste.com\/site\/?p=71743","title":{"rendered":"Mutir\u00e3o de Castra\u00e7\u00e3o de Animais acontecer\u00e1 em novo local"},"content":{"rendered":"<p><a href=\"http:\/\/folhadosudeste.com\/site\/wp-content\/uploads\/2020\/07\/05-1.jpg\"><img loading=\"lazy\" decoding=\"async\" class=\"alignnone size-full wp-image-71744\" src=\"http:\/\/folhadosudeste.com\/site\/wp-content\/uploads\/2020\/07\/05-1.jpg\" alt=\"\" width=\"1000\" height=\"658\" srcset=\"http:\/\/folhadosudeste.com\/site\/wp-content\/uploads\/2020\/07\/05-1.jpg 1000w, http:\/\/folhadosudeste.com\/site\/wp-content\/uploads\/2020\/07\/05-1-300x197.jpg 300w, http:\/\/folhadosudeste.com\/site\/wp-content\/uploads\/2020\/07\/05-1-768x505.jpg 768w, http:\/\/folhadosudeste.com\/site\/wp-content\/uploads\/2020\/07\/05-1-120x80.jpg 120w\" sizes=\"auto, (max-width: 1000px) 100vw, 1000px\" \/><\/a><\/p>\n<p style=\"text-align: justify;\"><i>Castram\u00f3vel estar\u00e1 no Rodrig\u00e3o entre 3 e 13 de agosto. N\u00famero de cirurgias foi ampliado para cerca de 500<u><\/u><u><\/u><\/i><u><\/u>&nbsp;<u><\/u><\/p>\n<p style=\"text-align: justify;\">Devido \u00e0 amplia\u00e7\u00e3o no n\u00famero de cirurgias, o Mutir\u00e3o de Castra\u00e7\u00e3o de Animais acontecer\u00e1 em novo local. A terceira edi\u00e7\u00e3o do evento ser\u00e1 realizada no Rodrig\u00e3o, onde o castram\u00f3vel ficar\u00e1 instalado entre 3 e 13 de agosto \u2013 n\u00e3o mais na \u00danica, como estava previsto anteriormente. Ao todo, cerca de 500 c\u00e3es e gatos, ou seja, mais 140 caninos e felinos, j\u00e1 cadastrados e que estavam na fila de espera passar\u00e3o pelo procedimento.<u><\/u><u><\/u><u><\/u>&nbsp;<u><\/u><\/p>\n<p style=\"text-align: justify;\">Os hor\u00e1rios agendados de cada cirurgia continuam mantidos. Para evitar aglomera\u00e7\u00f5es e, consequentemente, prevenir o coronav\u00edrus, haver\u00e1 controle de entrada. Somente respons\u00e1veis pelos c\u00e3es e gatos a serem submetidos \u00e0 castra\u00e7\u00e3o poder\u00e3o permanecer no local.<u><\/u><u><\/u><u><\/u>&nbsp;<u><\/u><\/p>\n<p><!--more--><\/p>\n<p style=\"text-align: justify;\">Vale frisar que todas as medidas de higiene ser\u00e3o tomadas, como medi\u00e7\u00e3o de temperatura corporal e oferta de \u00e1lcool em gel. O uso de m\u00e1scara tamb\u00e9m \u00e9 obrigat\u00f3rio.<u><\/u><u><\/u><u><\/u>&nbsp;<u><\/u><\/p>\n<p style=\"text-align: justify;\">O Mutir\u00e3o de Castra\u00e7\u00e3o de Animais \u00e9 uma a\u00e7\u00e3o da Prefeitura de Muria\u00e9, por meio da Secretaria Municipal de Sa\u00fade\/Setor de Vigil\u00e2ncia Ambiental, em parceria com a ONG Ajuda Alian\u00e7a Juizforana pela Defesa dos Animais, atrav\u00e9s de recursos viabilizados por emenda parlamentar. O castram\u00f3vel j\u00e1 esteve na cidade em janeiro de 2018 e no mesmo m\u00eas em 2020.<u><\/u><u><\/u><u><\/u>&nbsp;<u><\/u><\/p>\n<p style=\"text-align: justify;\">A iniciativa \u00e9 fundamental para evitar gravidez indesejada e prevenir problemas de sa\u00fade, al\u00e9m de reduzir o abandono.<u><\/u><u><\/u><\/p>\n<p><a href=\"http:\/\/folhadosudeste.com\/site\/wp-content\/uploads\/2020\/07\/04-1-1.jpg\"><img loading=\"lazy\" decoding=\"async\" class=\"alignnone size-full wp-image-71745\" src=\"http:\/\/folhadosudeste.com\/site\/wp-content\/uploads\/2020\/07\/04-1-1.jpg\" alt=\"\" width=\"1000\" height=\"658\" srcset=\"http:\/\/folhadosudeste.com\/site\/wp-content\/uploads\/2020\/07\/04-1-1.jpg 1000w, http:\/\/folhadosudeste.com\/site\/wp-content\/uploads\/2020\/07\/04-1-1-300x197.jpg 300w, http:\/\/folhadosudeste.com\/site\/wp-content\/uploads\/2020\/07\/04-1-1-768x505.jpg 768w, http:\/\/folhadosudeste.com\/site\/wp-content\/uploads\/2020\/07\/04-1-1-120x80.jpg 120w\" sizes=\"auto, (max-width: 1000px) 100vw, 1000px\" \/><\/a><\/p>\n","protected":false},"excerpt":{"rendered":"<p>Castram\u00f3vel estar\u00e1 no Rodrig\u00e3o entre 3 e 13 de agosto. N\u00famero de cirurgias foi ampliado para cerca de 500&nbsp; Devido \u00e0 amplia\u00e7\u00e3o no n\u00famero de cirurgias, o Mutir\u00e3o de Castra\u00e7\u00e3o de Animais acontecer\u00e1 em novo local. A terceira edi\u00e7\u00e3o do evento ser\u00e1 realizada no Rodrig\u00e3o, onde o castram\u00f3vel ficar\u00e1 instalado entre 3 e 13 de [&hellip;]<\/p>\n","protected":false},"author":6,"featured_media":0,"comment_status":"open","ping_status":"closed","sticky":false,"template":"","format":"standard","meta":{"_joinchat":[],"footnotes":""},"categories":[1],"tags":[],"class_list":["post-71743","post","type-post","status-publish","format-standard","hentry","category-sem-categoria"],"_links":{"self":[{"href":"http:\/\/folhadosudeste.com\/site\/index.php?rest_route=\/wp\/v2\/posts\/71743","targetHints":{"allow":["GET"]}}],"collection":[{"href":"http:\/\/folhadosudeste.com\/site\/index.php?rest_route=\/wp\/v2\/posts"}],"about":[{"href":"http:\/\/folhadosudeste.com\/site\/index.php?rest_route=\/wp\/v2\/types\/post"}],"author":[{"embeddable":true,"href":"http:\/\/folhadosudeste.com\/site\/index.php?rest_route=\/wp\/v2\/users\/6"}],"replies":[{"embeddable":true,"href":"http:\/\/folhadosudeste.com\/site\/index.php?rest_route=%2Fwp%2Fv2%2Fcomments&post=71743"}],"version-history":[{"count":1,"href":"http:\/\/folhadosudeste.com\/site\/index.php?rest_route=\/wp\/v2\/posts\/71743\/revisions"}],"predecessor-version":[{"id":71746,"href":"http:\/\/folhadosudeste.com\/site\/index.php?rest_route=\/wp\/v2\/posts\/71743\/revisions\/71746"}],"wp:attachment":[{"href":"http:\/\/folhadosudeste.com\/site\/index.php?rest_route=%2Fwp%2Fv2%2Fmedia&parent=71743"}],"wp:term":[{"taxonomy":"category","embeddable":true,"href":"http:\/\/folhadosudeste.com\/site\/index.php?rest_route=%2Fwp%2Fv2%2Fcategories&post=71743"},{"taxonomy":"post_tag","embeddable":true,"href":"http:\/\/folhadosudeste.com\/site\/index.php?rest_route=%2Fwp%2Fv2%2Ftags&post=71743"}],"curies":[{"name":"wp","href":"https:\/\/api.w.org\/{rel}","templated":true}]}}