{"id":71752,"date":"2020-08-04T17:03:02","date_gmt":"2020-08-04T17:03:02","guid":{"rendered":"http:\/\/folhadosudeste.com\/site\/?p=71752"},"modified":"2020-08-04T17:03:32","modified_gmt":"2020-08-04T17:03:32","slug":"jovens-passam-por-selecao-geral-no-tg-entre-17-e-21-de-agosto","status":"publish","type":"post","link":"http:\/\/folhadosudeste.com\/site\/?p=71752","title":{"rendered":"Jovens passam por sele\u00e7\u00e3o geral no TG entre 17 e 21 de agosto"},"content":{"rendered":"<p><a href=\"http:\/\/folhadosudeste.com\/site\/wp-content\/uploads\/2020\/08\/DSC_1254.jpg\"><img loading=\"lazy\" decoding=\"async\" class=\"alignnone size-full wp-image-71755\" src=\"http:\/\/folhadosudeste.com\/site\/wp-content\/uploads\/2020\/08\/DSC_1254.jpg\" alt=\"\" width=\"1500\" height=\"1068\" srcset=\"http:\/\/folhadosudeste.com\/site\/wp-content\/uploads\/2020\/08\/DSC_1254.jpg 1500w, http:\/\/folhadosudeste.com\/site\/wp-content\/uploads\/2020\/08\/DSC_1254-300x214.jpg 300w, http:\/\/folhadosudeste.com\/site\/wp-content\/uploads\/2020\/08\/DSC_1254-768x547.jpg 768w, http:\/\/folhadosudeste.com\/site\/wp-content\/uploads\/2020\/08\/DSC_1254-1024x729.jpg 1024w\" sizes=\"auto, (max-width: 1500px) 100vw, 1500px\" \/><\/a><\/p>\n<p style=\"text-align: justify;\"><i>Inspe\u00e7\u00e3o militar ter\u00e1 medidas de preven\u00e7\u00e3o \u00e0 covid-19<u><\/u><u><\/u><\/i><u><\/u>&nbsp;<u><\/u><\/p>\n<p style=\"text-align: justify;\">Os 462 jovens de Muria\u00e9 que se alistaram este ano para o Tiro de Guerra 04-016 v\u00e3o participar da sele\u00e7\u00e3o geral no TG entre 17 e 21 de agosto. Para preven\u00e7\u00e3o da covid-19, ser\u00e3o adotadas medidas de higiene e de preven\u00e7\u00e3o ao coronav\u00edrus, como atendimento de 50 jovens por turno, uso de m\u00e1scara por todos, al\u00e9m do oferecimento de \u00e1lcool em gel ou \u00e1lcool 70%.<u><\/u><u><\/u><u><\/u>&nbsp;<u><\/u><\/p>\n<p><!--more--><\/p>\n<p style=\"text-align: justify;\">A rela\u00e7\u00e3o com nome completo, local, data e hor\u00e1rio de apresenta\u00e7\u00e3o dos jovens est\u00e1 afixada na entrada da C\u00e2mara de Vereadores (Rua Gabriel Oliveira, Centro). Os inscritos tamb\u00e9m poder\u00e3o acessar o site&nbsp;<a href=\"http:\/\/www.alistamento.eb.mil.br\/\" target=\"_blank\" rel=\"noopener\" data-saferedirecturl=\"https:\/\/www.google.com\/url?q=http:\/\/www.alistamento.eb.mil.br\/&amp;source=gmail&amp;ust=1596646914864000&amp;usg=AFQjCNEVOOREyId6NDQn-UhsMCkaVOuTSw\">www.alistamento.eb.mil.br<\/a><wbr>&nbsp;para obter tais informa\u00e7\u00f5es ou, ainda, entrarem em contato com o Tiro de Guerra 04-016 pelo telefone (32) 3729-1220.<u><\/u><u><\/u><\/p>\n<p style=\"text-align: justify;\">Apenas jovens que est\u00e3o em dia com o alistamento &#8211; ou seja, sem nenhuma multa pendente &#8211; dever\u00e3o comparecer na sele\u00e7\u00e3o geral<u><\/u><\/p>\n<p style=\"text-align: justify;\"><u><\/u>&nbsp;<u><\/u>O procedimento ser\u00e1 realizado de segunda a quinta-feira durante os turnos da manh\u00e3 e tarde, \u00e0s 7h e \u00e0s 13h. Na sexta-feira, o atendimento ser\u00e1 apenas pela manh\u00e3, \u00e0s 7h. Para isso, o jovem deve apresentar o Certificado de Alistamento Militar (CAM) e Carteira de identidade ou documento equivalente. Recomenda-se, tamb\u00e9m, que o alistado evite comparecer usando chinelo, bermuda ou camiseta cavada.<u><\/u><u><\/u><u><\/u>&nbsp;<u><\/u><\/p>\n<p style=\"text-align: justify;\"><b>A sele\u00e7\u00e3o geral &#8211;<\/b>&nbsp;O processo de sele\u00e7\u00e3o geral \u00e9 a fase em que o jovem se apresenta a uma comiss\u00e3o a fim de concorrer \u00e0 incorpora\u00e7\u00e3o na unidade do Tiro de Guerra. O alistado que n\u00e3o se apresentar durante a \u00e9poca de sua classe ou que, tendo feito, ausentar-se sem a ter completado, estar\u00e1 em d\u00e9bito com o Servi\u00e7o Militar na situa\u00e7\u00e3o de \u201crefrat\u00e1rio\u201d. Desta forma, o mesmo deve retornar \u00e0 Junta de Servi\u00e7o Militar e realizar o pagamento de multa para ser encaminhado novamente \u00e0 inspe\u00e7\u00e3o.<u><\/u><u><\/u><u><\/u>&nbsp;<u><\/u><\/p>\n<p style=\"text-align: justify;\">A sele\u00e7\u00e3o \u00e9 composta por testes como entrevista e inspe\u00e7\u00e3o de sa\u00fade, em que s\u00e3o realizados exame dent\u00e1rio, m\u00e9dico e de esfor\u00e7o f\u00edsico &#8211; neste momento, o jovem poder\u00e1 apresentar ao m\u00e9dico militar o laudo caso tenha algum problema de sa\u00fade.<u><\/u><u><\/u><u><\/u>&nbsp;<u><\/u><\/p>\n<p style=\"text-align: justify;\">Quem n\u00e3o tiver aproveitamento satisfat\u00f3rio \u00e9 dispensado do servi\u00e7o militar. J\u00e1 os adolescentes aptos poder\u00e3o ser distribu\u00eddos para uma sele\u00e7\u00e3o complementar no TG, ou, caso exceda a necessidade, ser dispensados.&nbsp;&nbsp;<\/p>\n<p style=\"text-align: justify;\"><em><strong>Fotos: Arquivo Prefeitura de Muria\u00e9<\/strong><\/em><\/p>\n","protected":false},"excerpt":{"rendered":"<p>Inspe\u00e7\u00e3o militar ter\u00e1 medidas de preven\u00e7\u00e3o \u00e0 covid-19&nbsp; Os 462 jovens de Muria\u00e9 que se alistaram este ano para o Tiro de Guerra 04-016 v\u00e3o participar da sele\u00e7\u00e3o geral no TG entre 17 e 21 de agosto. Para preven\u00e7\u00e3o da covid-19, ser\u00e3o adotadas medidas de higiene e de preven\u00e7\u00e3o ao coronav\u00edrus, como atendimento de 50 [&hellip;]<\/p>\n","protected":false},"author":6,"featured_media":0,"comment_status":"open","ping_status":"closed","sticky":false,"template":"","format":"standard","meta":{"_joinchat":[],"footnotes":""},"categories":[1],"tags":[],"class_list":["post-71752","post","type-post","status-publish","format-standard","hentry","category-sem-categoria"],"_links":{"self":[{"href":"http:\/\/folhadosudeste.com\/site\/index.php?rest_route=\/wp\/v2\/posts\/71752","targetHints":{"allow":["GET"]}}],"collection":[{"href":"http:\/\/folhadosudeste.com\/site\/index.php?rest_route=\/wp\/v2\/posts"}],"about":[{"href":"http:\/\/folhadosudeste.com\/site\/index.php?rest_route=\/wp\/v2\/types\/post"}],"author":[{"embeddable":true,"href":"http:\/\/folhadosudeste.com\/site\/index.php?rest_route=\/wp\/v2\/users\/6"}],"replies":[{"embeddable":true,"href":"http:\/\/folhadosudeste.com\/site\/index.php?rest_route=%2Fwp%2Fv2%2Fcomments&post=71752"}],"version-history":[{"count":2,"href":"http:\/\/folhadosudeste.com\/site\/index.php?rest_route=\/wp\/v2\/posts\/71752\/revisions"}],"predecessor-version":[{"id":71758,"href":"http:\/\/folhadosudeste.com\/site\/index.php?rest_route=\/wp\/v2\/posts\/71752\/revisions\/71758"}],"wp:attachment":[{"href":"http:\/\/folhadosudeste.com\/site\/index.php?rest_route=%2Fwp%2Fv2%2Fmedia&parent=71752"}],"wp:term":[{"taxonomy":"category","embeddable":true,"href":"http:\/\/folhadosudeste.com\/site\/index.php?rest_route=%2Fwp%2Fv2%2Fcategories&post=71752"},{"taxonomy":"post_tag","embeddable":true,"href":"http:\/\/folhadosudeste.com\/site\/index.php?rest_route=%2Fwp%2Fv2%2Ftags&post=71752"}],"curies":[{"name":"wp","href":"https:\/\/api.w.org\/{rel}","templated":true}]}}