{"id":71771,"date":"2020-08-06T19:22:04","date_gmt":"2020-08-06T19:22:04","guid":{"rendered":"http:\/\/folhadosudeste.com\/site\/?p=71771"},"modified":"2020-08-06T19:22:16","modified_gmt":"2020-08-06T19:22:16","slug":"camara-de-muriae-aprova-mais-r-35-milhoes-para-combate-ao-covid-19","status":"publish","type":"post","link":"http:\/\/folhadosudeste.com\/site\/?p=71771","title":{"rendered":"C\u00e2mara de Muria\u00e9 aprova mais R$ 3,5 milh\u00f5es para combate ao Covid-19"},"content":{"rendered":"<p><a href=\"http:\/\/folhadosudeste.com\/site\/wp-content\/uploads\/2020\/08\/01-sess\u00e3o-05-08.png\"><img loading=\"lazy\" decoding=\"async\" class=\"alignnone size-full wp-image-71772\" src=\"http:\/\/folhadosudeste.com\/site\/wp-content\/uploads\/2020\/08\/01-sess\u00e3o-05-08.png\" alt=\"\" width=\"1005\" height=\"615\" srcset=\"http:\/\/folhadosudeste.com\/site\/wp-content\/uploads\/2020\/08\/01-sess\u00e3o-05-08.png 1005w, http:\/\/folhadosudeste.com\/site\/wp-content\/uploads\/2020\/08\/01-sess\u00e3o-05-08-300x184.png 300w, http:\/\/folhadosudeste.com\/site\/wp-content\/uploads\/2020\/08\/01-sess\u00e3o-05-08-768x470.png 768w\" sizes=\"auto, (max-width: 1005px) 100vw, 1005px\" \/><\/a><\/p>\n<p style=\"font-weight: 400; text-align: justify;\">A primeira sess\u00e3o da C\u00e2mara Municipal de Muria\u00e9 deste segundo semestre de 2020 aconteceu de forma on-line na manh\u00e3 desta quarta-feira, dia 5 de agosto. Presidida pelo 1\u00ba Vice-Presidente Ciso (PL), j\u00e1 que o presidente Carlos Delfim (PDT) precisou se ausentar por quest\u00f5es pessoais, a reuni\u00e3o teve v\u00e1rios projetos discutidos e aprovados, destacando-se o que destina cr\u00e9dito adicional especial de&nbsp; R$ 3.5 milh\u00f5es para a\u00e7\u00f5es de enfrentamento da Emerg\u00eancia de Sa\u00fade Nacional (Covid-19) e o que institui o Dia do Doador de Sangue, em Muria\u00e9.<\/p>\n<p><!--more--><\/p>\n<p style=\"font-weight: 400; text-align: justify;\"><strong>Mais R$ 3,5 milh\u00f5es s\u00e3o disponibilizados ao coronav\u00edrus<\/strong><\/p>\n<p style=\"font-weight: 400; text-align: justify;\">Na sess\u00e3o desta quarta, 05\/08, foi aprovada a destina\u00e7\u00e3o de mais R$ 3,5 milh\u00f5es para a\u00e7\u00f5es de combate \u00e0 contamina\u00e7\u00e3o pelo coronav\u00edrus Covid-19, em Muria\u00e9. Com estes recursos, j\u00e1 foram aprovados na C\u00e2mara de Muria\u00e9 este ano R$ 9,8 milh\u00f5es especificamente para este fim e mais de R$ 27 milh\u00f5es para a \u00e1rea de sa\u00fade por meio de projetos de autoriza\u00e7\u00e3o de cr\u00e9ditos adicionais especiais ou suplementares.<\/p>\n<p style=\"font-weight: 400; text-align: justify;\"><strong>Muria\u00e9 ganha dia especial para os doadores de sangue<\/strong><\/p>\n<p style=\"font-weight: 400; text-align: justify;\">A fim de valorizar o ato de doa\u00e7\u00e3o de sangue, t\u00e3o necess\u00e1rio para salvar vidas no munic\u00edpio,&nbsp; o vereador Manoel Carvalho (MDB) prop\u00f4s a cria\u00e7\u00e3o do dia do Doador de Sangue no munic\u00edpio, a ser comemorado anualmente em 14 de julho. O projeto foi aprovado por todos os vereadores que participaram da sess\u00e3o.<\/p>\n","protected":false},"excerpt":{"rendered":"<p>A primeira sess\u00e3o da C\u00e2mara Municipal de Muria\u00e9 deste segundo semestre de 2020 aconteceu de forma on-line na manh\u00e3 desta quarta-feira, dia 5 de agosto. Presidida pelo 1\u00ba Vice-Presidente Ciso (PL), j\u00e1 que o presidente Carlos Delfim (PDT) precisou se ausentar por quest\u00f5es pessoais, a reuni\u00e3o teve v\u00e1rios projetos discutidos e aprovados, destacando-se o que [&hellip;]<\/p>\n","protected":false},"author":6,"featured_media":0,"comment_status":"open","ping_status":"closed","sticky":false,"template":"","format":"standard","meta":{"_joinchat":[],"footnotes":""},"categories":[1],"tags":[],"class_list":["post-71771","post","type-post","status-publish","format-standard","hentry","category-sem-categoria"],"_links":{"self":[{"href":"http:\/\/folhadosudeste.com\/site\/index.php?rest_route=\/wp\/v2\/posts\/71771","targetHints":{"allow":["GET"]}}],"collection":[{"href":"http:\/\/folhadosudeste.com\/site\/index.php?rest_route=\/wp\/v2\/posts"}],"about":[{"href":"http:\/\/folhadosudeste.com\/site\/index.php?rest_route=\/wp\/v2\/types\/post"}],"author":[{"embeddable":true,"href":"http:\/\/folhadosudeste.com\/site\/index.php?rest_route=\/wp\/v2\/users\/6"}],"replies":[{"embeddable":true,"href":"http:\/\/folhadosudeste.com\/site\/index.php?rest_route=%2Fwp%2Fv2%2Fcomments&post=71771"}],"version-history":[{"count":2,"href":"http:\/\/folhadosudeste.com\/site\/index.php?rest_route=\/wp\/v2\/posts\/71771\/revisions"}],"predecessor-version":[{"id":71774,"href":"http:\/\/folhadosudeste.com\/site\/index.php?rest_route=\/wp\/v2\/posts\/71771\/revisions\/71774"}],"wp:attachment":[{"href":"http:\/\/folhadosudeste.com\/site\/index.php?rest_route=%2Fwp%2Fv2%2Fmedia&parent=71771"}],"wp:term":[{"taxonomy":"category","embeddable":true,"href":"http:\/\/folhadosudeste.com\/site\/index.php?rest_route=%2Fwp%2Fv2%2Fcategories&post=71771"},{"taxonomy":"post_tag","embeddable":true,"href":"http:\/\/folhadosudeste.com\/site\/index.php?rest_route=%2Fwp%2Fv2%2Ftags&post=71771"}],"curies":[{"name":"wp","href":"https:\/\/api.w.org\/{rel}","templated":true}]}}