{"id":71808,"date":"2020-08-07T13:55:38","date_gmt":"2020-08-07T13:55:38","guid":{"rendered":"http:\/\/folhadosudeste.com\/site\/?p=71808"},"modified":"2020-08-07T13:55:38","modified_gmt":"2020-08-07T13:55:38","slug":"queda-no-numero-de-casos-tranquiliza-autoridades-e-classifica-muriae-na-onda-amarela","status":"publish","type":"post","link":"http:\/\/folhadosudeste.com\/site\/?p=71808","title":{"rendered":"Queda no n\u00famero de casos tranquiliza autoridades e classifica Muria\u00e9 na Onda Amarela"},"content":{"rendered":"<p><a href=\"http:\/\/folhadosudeste.com\/site\/wp-content\/uploads\/2020\/08\/GREGO.jpg\"><img loading=\"lazy\" decoding=\"async\" class=\"alignnone size-full wp-image-71809\" src=\"http:\/\/folhadosudeste.com\/site\/wp-content\/uploads\/2020\/08\/GREGO.jpg\" alt=\"\" width=\"1761\" height=\"990\" srcset=\"http:\/\/folhadosudeste.com\/site\/wp-content\/uploads\/2020\/08\/GREGO.jpg 1761w, http:\/\/folhadosudeste.com\/site\/wp-content\/uploads\/2020\/08\/GREGO-300x169.jpg 300w, http:\/\/folhadosudeste.com\/site\/wp-content\/uploads\/2020\/08\/GREGO-768x432.jpg 768w, http:\/\/folhadosudeste.com\/site\/wp-content\/uploads\/2020\/08\/GREGO-1024x576.jpg 1024w\" sizes=\"auto, (max-width: 1761px) 100vw, 1761px\" \/><\/a><\/p>\n<p style=\"text-align: justify;\">&nbsp; &nbsp; &nbsp; &nbsp; &nbsp;Com um tom mais aliviado, o prefeito Grego voltou a usar as redes sociais para informar a popula\u00e7\u00e3o sobre as decis\u00f5es abordadas para conter a propaga\u00e7\u00e3o da Covid-19 em Muria\u00e9. Nesta quinta-feira (06) a live contou com a presen\u00e7a do Procurador Geral do Munic\u00edpio, Luciano Bandeira, com o Promotor de Justi\u00e7a, F\u00e1bio Laureano e com o infectologista do munic\u00edpio, Daniel Licy. O Procurador de Justi\u00e7a explicou sobre os trabalhos realizados pelo Comit\u00ea e disse que a partir desta quinta-feira, o governo do estado acrescentou Muria\u00e9 na Onda Amarela. A decis\u00e3o foi proferida pela Procuradoria Geral do Estado e acatada pelo poder judici\u00e1rio. Ao todo, 360 munic\u00edpios fazem parte da onda amarela, enquanto 47% das cidades mineiras seguem na onda vermelha.<br \/>\n&nbsp; &nbsp; &nbsp; &nbsp; &nbsp;Ainda segundo Bandeira, nos pr\u00f3ximos dias, a procuradoria geral do munic\u00edpio estar\u00e1 se debru\u00e7ando nas novas regras e informando a popula\u00e7\u00e3o sobre as poss\u00edveis mudan\u00e7as.<\/p>\n<p style=\"text-align: justify;\"><strong>Queda no n\u00famero de casos<\/strong><br \/>\nDurante a conversa, o infectologista Daniel Licy foi enf\u00e1tico em dizer que nas \u00faltimas semanas, houve uma queda consider\u00e1vel no n\u00famero de casos e afirmou ser resultado das decis\u00f5es tomadas pelo comit\u00ea nos \u00faltimos cinco meses e do comprometimento da popula\u00e7\u00e3o em seguir as recomenda\u00e7\u00f5es estipuladas pelas autoridades de sa\u00fade.<!--more-->Licy afirmou que houve uma redu\u00e7\u00e3o nas interna\u00e7\u00f5es, no n\u00famero de novos casos, nos casos ativos, na realiza\u00e7\u00e3o de exames e no n\u00famero de pacientes nos hospitais. Entretanto o infectologista refor\u00e7ou que o risco de contamina\u00e7\u00e3o ainda \u00e9 alto, principalmente para aqueles que n\u00e3o contra\u00edram a doen\u00e7a. Licy tamb\u00e9m informou que as pessoas que fazem parte do grupo de risco devem continuar tomando todos os cuidados necess\u00e1rios.<\/p>\n<p style=\"text-align: justify;\"><strong>Hor\u00e1rio estendido para o com\u00e9rcio no S\u00e1bado<\/strong><br \/>\nO prefeito Grego tamb\u00e9m informou que o comit\u00ea gestor atendeu a solicita\u00e7\u00e3o da C\u00e2mara dos Dirigentes Lojistas (CDL) e neste s\u00e1bado, em virtude de ser v\u00e9spera de Dia dos pais, o com\u00e9rcio funcionar\u00e1 de 8h \u00e0s 18h. Ainda segundo o prefeito, nesta segunda-feira (10) haver\u00e1 um novo pronunciamento para informar a popula\u00e7\u00e3o sobre a adequa\u00e7\u00e3o do munic\u00edpio com as novas normas de funcionamento do com\u00e9rcio. De acordo com o documento emitido pelo estado, al\u00e9m dos servi\u00e7os essenciais, com a onda amarela, fica autorizado o funcionamento de;<\/p>\n<p style=\"text-align: justify;\">&#8211; Bares (consumo no local)<br \/>\n&#8211; Autoescola e cursos de pilotagem<br \/>\n&#8211; Sal\u00e3o de beleza e atividades de est\u00e9tica<br \/>\n&#8211; Com\u00e9rcio de eletrodom\u00e9sticos e equipamentos de \u00e1udio e v\u00eddeo<br \/>\n&#8211; Papelaria, lojas de livros, discos e revistas,<br \/>\n&#8211; Lojas de roupas, bijuterias, joias, cal\u00e7ados, e artigos de viagem<br \/>\n&#8211; Com\u00e9rcio de itens de cama, mesa e banho<br \/>\n&#8211; Lojas de m\u00f3veis e lustres<br \/>\n&#8211; Imobili\u00e1rias<br \/>\n&#8211; Lojas de departamento e duty free<br \/>\n&#8211; Lojas de brinquedos<\/p>\n","protected":false},"excerpt":{"rendered":"<p>&nbsp; &nbsp; &nbsp; &nbsp; &nbsp;Com um tom mais aliviado, o prefeito Grego voltou a usar as redes sociais para informar a popula\u00e7\u00e3o sobre as decis\u00f5es abordadas para conter a propaga\u00e7\u00e3o da Covid-19 em Muria\u00e9. Nesta quinta-feira (06) a live contou com a presen\u00e7a do Procurador Geral do Munic\u00edpio, Luciano Bandeira, com o Promotor de Justi\u00e7a, [&hellip;]<\/p>\n","protected":false},"author":6,"featured_media":0,"comment_status":"open","ping_status":"closed","sticky":false,"template":"","format":"standard","meta":{"_joinchat":[],"footnotes":""},"categories":[1],"tags":[],"class_list":["post-71808","post","type-post","status-publish","format-standard","hentry","category-sem-categoria"],"_links":{"self":[{"href":"http:\/\/folhadosudeste.com\/site\/index.php?rest_route=\/wp\/v2\/posts\/71808","targetHints":{"allow":["GET"]}}],"collection":[{"href":"http:\/\/folhadosudeste.com\/site\/index.php?rest_route=\/wp\/v2\/posts"}],"about":[{"href":"http:\/\/folhadosudeste.com\/site\/index.php?rest_route=\/wp\/v2\/types\/post"}],"author":[{"embeddable":true,"href":"http:\/\/folhadosudeste.com\/site\/index.php?rest_route=\/wp\/v2\/users\/6"}],"replies":[{"embeddable":true,"href":"http:\/\/folhadosudeste.com\/site\/index.php?rest_route=%2Fwp%2Fv2%2Fcomments&post=71808"}],"version-history":[{"count":1,"href":"http:\/\/folhadosudeste.com\/site\/index.php?rest_route=\/wp\/v2\/posts\/71808\/revisions"}],"predecessor-version":[{"id":71810,"href":"http:\/\/folhadosudeste.com\/site\/index.php?rest_route=\/wp\/v2\/posts\/71808\/revisions\/71810"}],"wp:attachment":[{"href":"http:\/\/folhadosudeste.com\/site\/index.php?rest_route=%2Fwp%2Fv2%2Fmedia&parent=71808"}],"wp:term":[{"taxonomy":"category","embeddable":true,"href":"http:\/\/folhadosudeste.com\/site\/index.php?rest_route=%2Fwp%2Fv2%2Fcategories&post=71808"},{"taxonomy":"post_tag","embeddable":true,"href":"http:\/\/folhadosudeste.com\/site\/index.php?rest_route=%2Fwp%2Fv2%2Ftags&post=71808"}],"curies":[{"name":"wp","href":"https:\/\/api.w.org\/{rel}","templated":true}]}}