{"id":71830,"date":"2020-08-11T14:37:51","date_gmt":"2020-08-11T14:37:51","guid":{"rendered":"http:\/\/folhadosudeste.com\/site\/?p=71830"},"modified":"2020-08-11T14:37:51","modified_gmt":"2020-08-11T14:37:51","slug":"prefeito-de-muriae-faz-novo-pronunciamento-comercio-com-novos-setores-e-novos-horarios","status":"publish","type":"post","link":"http:\/\/folhadosudeste.com\/site\/?p=71830","title":{"rendered":"Prefeito de Muria\u00e9 faz novo pronunciamento. Com\u00e9rcio com novos setores e novos hor\u00e1rios"},"content":{"rendered":"<p>https:\/\/www.facebook.com\/gregomuriae\/videos\/1009269232852909<\/p>\n<p style=\"text-align: justify;\">O prefeito de Muria\u00e9, Grego, fez novo pronunciamento na noite desta segunda-feira (10), conforme anunciado na semana passada para falar com mais detalhes sobre o Coronav\u00edrus em Muria\u00e9 e ainda do processo de reabertura do com\u00e9rcio da cidade, que se encaixa na ONDA AMARELA, de acordo com o programa \u201cNovo Minas Consciente\u201d do Governo de Minas.<\/p>\n<p style=\"text-align: justify;\">O prefeito estava acompanhado do secret\u00e1rio de Sa\u00fade, Dr. Paulo C\u00e9sar de Oliveira e do comandante do 47\u00ba Batalh\u00e3o da Pol\u00edcia Militar de Muria\u00e9, Ten. Cel. M\u00e1rcio.&nbsp;O prefeito come\u00e7ou falando sobre o \u00eaxito da cidade est\u00e1 enquadrado na \u201cONDA AMARELA\u201d e vai permanecer nos pr\u00f3ximos 28 dias para posterior avalia\u00e7\u00e3o do estado. \u201cN\u00e3o \u00e9 hora de baixar a guarda\u201d.<\/p>\n<p><!--more--><\/p>\n<p style=\"text-align: justify;\">Dr. Paulo C\u00e9sar disse que n\u00e3o se pode relaxar, pois est\u00e1 recebendo nova flexibiliza\u00e7\u00e3o, mas pode tamb\u00e9m voltar atr\u00e1s, por isso o importante o cuidado para que possamos passar para a ONDA VERDE, lembrando que os crit\u00e9rios s\u00e3o do \u201cMinas Consciente do Estado de Minas Gerais\u201d. Usar m\u00e1scaras, \u00e1lcool gel, cuidado com os idosos e pessoas de grupo de risco, distanciamento social, ficar em casa e sair somente em caso necessidade, evitar aglomera\u00e7\u00f5es, para que possa caminhar para uma classifica\u00e7\u00e3o melhor do Novo Minas Consciente, ou seja a \u201cONDA VERDE\u201d. O munic\u00edpio est\u00e1 submetido as regras do Comit\u00ea Estadual.<\/p>\n<p style=\"text-align: justify;\">Prefeito disse que Muria\u00e9 est\u00e1 com a menor taxa de ocupa\u00e7\u00e3o de leitos. Solidarizou com os familiares das pessoas que tiveram suas vidas ceifadas pelo coronav\u00edrus, sendo que o Brasil ultrapassou a marca das 100 mil.<\/p>\n<p style=\"text-align: justify;\"><strong>O que altera na Onda Amarela, os benef\u00edcios:<\/strong><\/p>\n<p style=\"text-align: justify;\">\u2013 Com\u00e9rcio passa a funcionar a partir desta ter\u00e7a-feira (11)&nbsp; 11h \u00e0s 20h, s\u00e1bados: 8h \u00e0s 14h.<\/p>\n<p style=\"text-align: justify;\">\u2013 Aqueles que estavam abrindo as 12h, agora est\u00e3o hor\u00e1rio livre de in\u00edcio de abertura e vai at\u00e9 23h: lavajato, centro forma\u00e7\u00e3o de condutores, cursos de ensino extracurriculares; bares e restaurantes, se unem aos outros que estavam abertos.<\/p>\n<p style=\"text-align: justify;\">\u2013 A Onda Amarela pro\u00edbe coloca\u00e7\u00e3o de mesas do lado de fora dos bares, e suspenso o sistema self-service, e venda bebida alco\u00f3lica para consumo no interior. Proibido bar e restaurante com entretenimento, m\u00fasica ao vivo.<\/p>\n<p style=\"text-align: justify;\">\u2013 Prefeitura est\u00e1 vendo sobre o consumo de bebida nos bares, para uso no local e aguarda resultado da consulta.<\/p>\n<ul>\n<li style=\"text-align: justify;\">Proibido academias e centros similares deste setor.<\/li>\n<\/ul>\n<p><em>Fonte: Silvan Alves<\/em><\/p>\n","protected":false},"excerpt":{"rendered":"<p>https:\/\/www.facebook.com\/gregomuriae\/videos\/1009269232852909 O prefeito de Muria\u00e9, Grego, fez novo pronunciamento na noite desta segunda-feira (10), conforme anunciado na semana passada para falar com mais detalhes sobre o Coronav\u00edrus em Muria\u00e9 e ainda do processo de reabertura do com\u00e9rcio da cidade, que se encaixa na ONDA AMARELA, de acordo com o programa \u201cNovo Minas Consciente\u201d do Governo [&hellip;]<\/p>\n","protected":false},"author":6,"featured_media":0,"comment_status":"open","ping_status":"closed","sticky":false,"template":"","format":"standard","meta":{"_joinchat":[],"footnotes":""},"categories":[1],"tags":[],"class_list":["post-71830","post","type-post","status-publish","format-standard","hentry","category-sem-categoria"],"_links":{"self":[{"href":"http:\/\/folhadosudeste.com\/site\/index.php?rest_route=\/wp\/v2\/posts\/71830","targetHints":{"allow":["GET"]}}],"collection":[{"href":"http:\/\/folhadosudeste.com\/site\/index.php?rest_route=\/wp\/v2\/posts"}],"about":[{"href":"http:\/\/folhadosudeste.com\/site\/index.php?rest_route=\/wp\/v2\/types\/post"}],"author":[{"embeddable":true,"href":"http:\/\/folhadosudeste.com\/site\/index.php?rest_route=\/wp\/v2\/users\/6"}],"replies":[{"embeddable":true,"href":"http:\/\/folhadosudeste.com\/site\/index.php?rest_route=%2Fwp%2Fv2%2Fcomments&post=71830"}],"version-history":[{"count":1,"href":"http:\/\/folhadosudeste.com\/site\/index.php?rest_route=\/wp\/v2\/posts\/71830\/revisions"}],"predecessor-version":[{"id":71831,"href":"http:\/\/folhadosudeste.com\/site\/index.php?rest_route=\/wp\/v2\/posts\/71830\/revisions\/71831"}],"wp:attachment":[{"href":"http:\/\/folhadosudeste.com\/site\/index.php?rest_route=%2Fwp%2Fv2%2Fmedia&parent=71830"}],"wp:term":[{"taxonomy":"category","embeddable":true,"href":"http:\/\/folhadosudeste.com\/site\/index.php?rest_route=%2Fwp%2Fv2%2Fcategories&post=71830"},{"taxonomy":"post_tag","embeddable":true,"href":"http:\/\/folhadosudeste.com\/site\/index.php?rest_route=%2Fwp%2Fv2%2Ftags&post=71830"}],"curies":[{"name":"wp","href":"https:\/\/api.w.org\/{rel}","templated":true}]}}