{"id":71832,"date":"2020-08-11T14:40:13","date_gmt":"2020-08-11T14:40:13","guid":{"rendered":"http:\/\/folhadosudeste.com\/site\/?p=71832"},"modified":"2020-08-11T14:40:13","modified_gmt":"2020-08-11T14:40:13","slug":"prefeitura-de-muriae-elabora-curriculo-referencial-para-escolas-municipais","status":"publish","type":"post","link":"http:\/\/folhadosudeste.com\/site\/?p=71832","title":{"rendered":"Prefeitura de Muria\u00e9 elabora curr\u00edculo referencial para escolas municipais"},"content":{"rendered":"<div><a href=\"http:\/\/folhadosudeste.com\/site\/wp-content\/uploads\/2020\/08\/IMG_0644.jpg\"><img loading=\"lazy\" decoding=\"async\" class=\"alignnone size-full wp-image-71833\" src=\"http:\/\/folhadosudeste.com\/site\/wp-content\/uploads\/2020\/08\/IMG_0644.jpg\" alt=\"\" width=\"2048\" height=\"1536\" srcset=\"http:\/\/folhadosudeste.com\/site\/wp-content\/uploads\/2020\/08\/IMG_0644.jpg 2048w, http:\/\/folhadosudeste.com\/site\/wp-content\/uploads\/2020\/08\/IMG_0644-300x225.jpg 300w, http:\/\/folhadosudeste.com\/site\/wp-content\/uploads\/2020\/08\/IMG_0644-768x576.jpg 768w, http:\/\/folhadosudeste.com\/site\/wp-content\/uploads\/2020\/08\/IMG_0644-1024x768.jpg 1024w\" sizes=\"auto, (max-width: 2048px) 100vw, 2048px\" \/><\/a><\/div>\n<div style=\"text-align: justify;\">Foram dois anos de um minucioso trabalho cuidadosamente desenvolvido a v\u00e1rias m\u00e3os. Mas a dedica\u00e7\u00e3o valeu a pena: ap\u00f3s in\u00fameros estudos e debates entre a equipe profissional envolvida, o Curr\u00edculo Referencial da Educa\u00e7\u00e3o de Muria\u00e9 ganhou forma.<\/div>\n<div style=\"text-align: justify;\">&nbsp;<\/div>\n<div style=\"text-align: justify;\">O lan\u00e7amento aconteceu na \u00faltima semana, com a entrega do material compilado para todos os diretores das escolas que formam a rede municipal de ensino.<\/div>\n<div style=\"text-align: justify;\">&nbsp;<\/div>\n<div style=\"text-align: justify;\">Na pr\u00e1tica, o Curr\u00edculo Referencial \u00e9 a reuni\u00e3o de todas as estrat\u00e9gias, normas e objetivos para a educa\u00e7\u00e3o p\u00fablica em Muria\u00e9, no que diz tange \u00e0 Educa\u00e7\u00e3o Infantil e ao Ensino Fundamental. A ideia \u00e9 que as habilidades e orienta\u00e7\u00f5es indicadas contribuam de maneira efetiva para uma aprendizagem cada vez melhor pelos alunos.<\/div>\n<p><!--more--><\/p>\n<div style=\"text-align: justify;\">De acordo com a Secretaria Municipal de Educa\u00e7\u00e3o, o documento \u00e9 uma orienta\u00e7\u00e3o b\u00e1sica para os caminhos a serem seguidos pelos professores em sala de aula &#8211; sendo necess\u00e1rio, por\u00e9m, que esteja sempre em constante atualiza\u00e7\u00e3o tanto pelos gestores quanto pelos pr\u00f3prios educadores.<\/div>\n<div style=\"text-align: justify;\">&nbsp;<\/div>\n<div style=\"text-align: justify;\">&#8220;\u00c9 atrav\u00e9s da constru\u00e7\u00e3o coletiva, dialogada e colaborativa que se alcan\u00e7a um ensino mais inclusivo, igualit\u00e1rio e democr\u00e1tico&#8221;, afirma a secret\u00e1ria de Educa\u00e7\u00e3o de Muria\u00e9.<\/div>\n","protected":false},"excerpt":{"rendered":"<p>Foram dois anos de um minucioso trabalho cuidadosamente desenvolvido a v\u00e1rias m\u00e3os. Mas a dedica\u00e7\u00e3o valeu a pena: ap\u00f3s in\u00fameros estudos e debates entre a equipe profissional envolvida, o Curr\u00edculo Referencial da Educa\u00e7\u00e3o de Muria\u00e9 ganhou forma. &nbsp; O lan\u00e7amento aconteceu na \u00faltima semana, com a entrega do material compilado para todos os diretores das [&hellip;]<\/p>\n","protected":false},"author":6,"featured_media":0,"comment_status":"open","ping_status":"closed","sticky":false,"template":"","format":"standard","meta":{"_joinchat":[],"footnotes":""},"categories":[1],"tags":[],"class_list":["post-71832","post","type-post","status-publish","format-standard","hentry","category-sem-categoria"],"_links":{"self":[{"href":"http:\/\/folhadosudeste.com\/site\/index.php?rest_route=\/wp\/v2\/posts\/71832","targetHints":{"allow":["GET"]}}],"collection":[{"href":"http:\/\/folhadosudeste.com\/site\/index.php?rest_route=\/wp\/v2\/posts"}],"about":[{"href":"http:\/\/folhadosudeste.com\/site\/index.php?rest_route=\/wp\/v2\/types\/post"}],"author":[{"embeddable":true,"href":"http:\/\/folhadosudeste.com\/site\/index.php?rest_route=\/wp\/v2\/users\/6"}],"replies":[{"embeddable":true,"href":"http:\/\/folhadosudeste.com\/site\/index.php?rest_route=%2Fwp%2Fv2%2Fcomments&post=71832"}],"version-history":[{"count":1,"href":"http:\/\/folhadosudeste.com\/site\/index.php?rest_route=\/wp\/v2\/posts\/71832\/revisions"}],"predecessor-version":[{"id":71834,"href":"http:\/\/folhadosudeste.com\/site\/index.php?rest_route=\/wp\/v2\/posts\/71832\/revisions\/71834"}],"wp:attachment":[{"href":"http:\/\/folhadosudeste.com\/site\/index.php?rest_route=%2Fwp%2Fv2%2Fmedia&parent=71832"}],"wp:term":[{"taxonomy":"category","embeddable":true,"href":"http:\/\/folhadosudeste.com\/site\/index.php?rest_route=%2Fwp%2Fv2%2Fcategories&post=71832"},{"taxonomy":"post_tag","embeddable":true,"href":"http:\/\/folhadosudeste.com\/site\/index.php?rest_route=%2Fwp%2Fv2%2Ftags&post=71832"}],"curies":[{"name":"wp","href":"https:\/\/api.w.org\/{rel}","templated":true}]}}