{"id":71838,"date":"2020-08-11T17:02:40","date_gmt":"2020-08-11T17:02:40","guid":{"rendered":"http:\/\/folhadosudeste.com\/site\/?p=71838"},"modified":"2020-08-11T17:12:38","modified_gmt":"2020-08-11T17:12:38","slug":"paulo-emilio-e-douglas-fazem-profissao-de-fe-e-juramento-antes-da-ordenacao-diaconal","status":"publish","type":"post","link":"http:\/\/folhadosudeste.com\/site\/?p=71838","title":{"rendered":"PAULO EM\u00cdLIO E DOUGLAS FAZEM PROFISS\u00c3O DE F\u00c9 E JURAMENTO ANTES DA ORDENA\u00c7\u00c3O DIACONAL"},"content":{"rendered":"<p><a href=\"http:\/\/folhadosudeste.com\/site\/wp-content\/uploads\/2020\/08\/DSC_0036.jpg\"><img loading=\"lazy\" decoding=\"async\" class=\"alignnone size-full wp-image-71839\" src=\"http:\/\/folhadosudeste.com\/site\/wp-content\/uploads\/2020\/08\/DSC_0036.jpg\" alt=\"\" width=\"1000\" height=\"665\" srcset=\"http:\/\/folhadosudeste.com\/site\/wp-content\/uploads\/2020\/08\/DSC_0036.jpg 1000w, http:\/\/folhadosudeste.com\/site\/wp-content\/uploads\/2020\/08\/DSC_0036-300x200.jpg 300w, http:\/\/folhadosudeste.com\/site\/wp-content\/uploads\/2020\/08\/DSC_0036-768x511.jpg 768w, http:\/\/folhadosudeste.com\/site\/wp-content\/uploads\/2020\/08\/DSC_0036-120x80.jpg 120w, http:\/\/folhadosudeste.com\/site\/wp-content\/uploads\/2020\/08\/DSC_0036-345x230.jpg 345w\" sizes=\"auto, (max-width: 1000px) 100vw, 1000px\" \/><\/a><\/p>\n<p><a href=\"http:\/\/folhadosudeste.com\/site\/wp-content\/uploads\/2020\/08\/DSC_0030.jpg\"><img loading=\"lazy\" decoding=\"async\" class=\"alignnone size-full wp-image-71840\" src=\"http:\/\/folhadosudeste.com\/site\/wp-content\/uploads\/2020\/08\/DSC_0030.jpg\" alt=\"\" width=\"1000\" height=\"665\" srcset=\"http:\/\/folhadosudeste.com\/site\/wp-content\/uploads\/2020\/08\/DSC_0030.jpg 1000w, http:\/\/folhadosudeste.com\/site\/wp-content\/uploads\/2020\/08\/DSC_0030-300x200.jpg 300w, http:\/\/folhadosudeste.com\/site\/wp-content\/uploads\/2020\/08\/DSC_0030-768x511.jpg 768w, http:\/\/folhadosudeste.com\/site\/wp-content\/uploads\/2020\/08\/DSC_0030-120x80.jpg 120w, http:\/\/folhadosudeste.com\/site\/wp-content\/uploads\/2020\/08\/DSC_0030-345x230.jpg 345w\" sizes=\"auto, (max-width: 1000px) 100vw, 1000px\" \/><\/a><\/p>\n<p><a href=\"http:\/\/folhadosudeste.com\/site\/wp-content\/uploads\/2020\/08\/DSC_0028.jpg\"><img loading=\"lazy\" decoding=\"async\" class=\"alignnone size-full wp-image-71841\" src=\"http:\/\/folhadosudeste.com\/site\/wp-content\/uploads\/2020\/08\/DSC_0028.jpg\" alt=\"\" width=\"1000\" height=\"665\" srcset=\"http:\/\/folhadosudeste.com\/site\/wp-content\/uploads\/2020\/08\/DSC_0028.jpg 1000w, http:\/\/folhadosudeste.com\/site\/wp-content\/uploads\/2020\/08\/DSC_0028-300x200.jpg 300w, http:\/\/folhadosudeste.com\/site\/wp-content\/uploads\/2020\/08\/DSC_0028-768x511.jpg 768w, http:\/\/folhadosudeste.com\/site\/wp-content\/uploads\/2020\/08\/DSC_0028-120x80.jpg 120w, http:\/\/folhadosudeste.com\/site\/wp-content\/uploads\/2020\/08\/DSC_0028-345x230.jpg 345w\" sizes=\"auto, (max-width: 1000px) 100vw, 1000px\" \/><\/a><\/p>\n<p><a href=\"http:\/\/folhadosudeste.com\/site\/wp-content\/uploads\/2020\/08\/Convite-Final-2-1536x1038.jpg\"><img loading=\"lazy\" decoding=\"async\" class=\"alignnone size-full wp-image-71842\" src=\"http:\/\/folhadosudeste.com\/site\/wp-content\/uploads\/2020\/08\/Convite-Final-2-1536x1038.jpg\" alt=\"\" width=\"1536\" height=\"1038\" srcset=\"http:\/\/folhadosudeste.com\/site\/wp-content\/uploads\/2020\/08\/Convite-Final-2-1536x1038.jpg 1536w, http:\/\/folhadosudeste.com\/site\/wp-content\/uploads\/2020\/08\/Convite-Final-2-1536x1038-300x203.jpg 300w, http:\/\/folhadosudeste.com\/site\/wp-content\/uploads\/2020\/08\/Convite-Final-2-1536x1038-768x519.jpg 768w, http:\/\/folhadosudeste.com\/site\/wp-content\/uploads\/2020\/08\/Convite-Final-2-1536x1038-1024x692.jpg 1024w, http:\/\/folhadosudeste.com\/site\/wp-content\/uploads\/2020\/08\/Convite-Final-2-1536x1038-120x80.jpg 120w, http:\/\/folhadosudeste.com\/site\/wp-content\/uploads\/2020\/08\/Convite-Final-2-1536x1038-220x150.jpg 220w\" sizes=\"auto, (max-width: 1536px) 100vw, 1536px\" \/><\/a><\/p>\n<p>O bispo diocesano, dom Edson Oriolo, presidiu o rito de profiss\u00e3o de f\u00e9 e juramento de fidelidade dos candidatos ao sacramento da ordem do grau de diaconado, Paulo Em\u00edlio Carneiro Xavier e Douglas Pereira Paul, na tarde desta segunda-feira, 10 de agosto de 2020, na Capela Santa Terezinha, localizada no interior da resid\u00eancia episcopal, em Leopoldina (MG).<\/p>\n<p>Estiveram presentes o padre Ant\u00f4nio M\u00e1rcio Marques de Queiroz, vice-chanceler do bispado, os seminaristas M\u00e1rcio J\u00fanior e Maycon Zeny. A declara\u00e7\u00e3o p\u00fablica denominada \u2018Rito da Profiss\u00e3o de F\u00e9\u2019, reafirma a f\u00e9 e o compromisso de Douglas e Paulo Em\u00edlio com a Igreja; J\u00e1 no Juramento de Fidelidade, eles declararam os seus bons prop\u00f3sitos quanto ao exerc\u00edcio do minist\u00e9rio.<\/p>\n<p><!--more--><\/p>\n<p>Ambos ser\u00e3o ordenados di\u00e1conos neste s\u00e1bado, 15 de agosto, \u00e0s 16:00 horas, na Catedral de S\u00e3o Sebasti\u00e3o, em Leopoldina (MG), pela imposi\u00e7\u00e3o das m\u00e3os de dom Edson Oriolo.<\/p>\n<p>&nbsp;A Solene Celebra\u00e7\u00e3o Eucar\u00edstica ser\u00e1 transmitida ao vivo pelas redes sociais da Diocese de Leopoldina. Em raz\u00f5es da pandemia, a participa\u00e7\u00e3o presencial est\u00e1 restrita a parte do clero e aos pais dos ordenandos.<\/p>\n<p>Fonte: Diocese de Leopoldina&nbsp;&nbsp;<\/p>\n","protected":false},"excerpt":{"rendered":"<p>O bispo diocesano, dom Edson Oriolo, presidiu o rito de profiss\u00e3o de f\u00e9 e juramento de fidelidade dos candidatos ao sacramento da ordem do grau de diaconado, Paulo Em\u00edlio Carneiro Xavier e Douglas Pereira Paul, na tarde desta segunda-feira, 10 de agosto de 2020, na Capela Santa Terezinha, localizada no interior da resid\u00eancia episcopal, em [&hellip;]<\/p>\n","protected":false},"author":6,"featured_media":0,"comment_status":"open","ping_status":"closed","sticky":false,"template":"","format":"standard","meta":{"_joinchat":[],"footnotes":""},"categories":[1],"tags":[],"class_list":["post-71838","post","type-post","status-publish","format-standard","hentry","category-sem-categoria"],"_links":{"self":[{"href":"http:\/\/folhadosudeste.com\/site\/index.php?rest_route=\/wp\/v2\/posts\/71838","targetHints":{"allow":["GET"]}}],"collection":[{"href":"http:\/\/folhadosudeste.com\/site\/index.php?rest_route=\/wp\/v2\/posts"}],"about":[{"href":"http:\/\/folhadosudeste.com\/site\/index.php?rest_route=\/wp\/v2\/types\/post"}],"author":[{"embeddable":true,"href":"http:\/\/folhadosudeste.com\/site\/index.php?rest_route=\/wp\/v2\/users\/6"}],"replies":[{"embeddable":true,"href":"http:\/\/folhadosudeste.com\/site\/index.php?rest_route=%2Fwp%2Fv2%2Fcomments&post=71838"}],"version-history":[{"count":2,"href":"http:\/\/folhadosudeste.com\/site\/index.php?rest_route=\/wp\/v2\/posts\/71838\/revisions"}],"predecessor-version":[{"id":71844,"href":"http:\/\/folhadosudeste.com\/site\/index.php?rest_route=\/wp\/v2\/posts\/71838\/revisions\/71844"}],"wp:attachment":[{"href":"http:\/\/folhadosudeste.com\/site\/index.php?rest_route=%2Fwp%2Fv2%2Fmedia&parent=71838"}],"wp:term":[{"taxonomy":"category","embeddable":true,"href":"http:\/\/folhadosudeste.com\/site\/index.php?rest_route=%2Fwp%2Fv2%2Fcategories&post=71838"},{"taxonomy":"post_tag","embeddable":true,"href":"http:\/\/folhadosudeste.com\/site\/index.php?rest_route=%2Fwp%2Fv2%2Ftags&post=71838"}],"curies":[{"name":"wp","href":"https:\/\/api.w.org\/{rel}","templated":true}]}}