{"id":71857,"date":"2020-08-11T18:23:58","date_gmt":"2020-08-11T18:23:58","guid":{"rendered":"http:\/\/folhadosudeste.com\/site\/?p=71857"},"modified":"2020-08-11T18:23:58","modified_gmt":"2020-08-11T18:23:58","slug":"vacinacao-contra-sarampo-prossegue-ate-dia-31-em-muriae","status":"publish","type":"post","link":"http:\/\/folhadosudeste.com\/site\/?p=71857","title":{"rendered":"Vacina\u00e7\u00e3o contra sarampo prossegue at\u00e9 dia 31 em Muria\u00e9"},"content":{"rendered":"<p><a href=\"http:\/\/folhadosudeste.com\/site\/wp-content\/uploads\/2020\/08\/DSC_0450.jpg\"><img loading=\"lazy\" decoding=\"async\" class=\"alignnone size-full wp-image-71859\" src=\"http:\/\/folhadosudeste.com\/site\/wp-content\/uploads\/2020\/08\/DSC_0450.jpg\" alt=\"\" width=\"580\" height=\"450\" srcset=\"http:\/\/folhadosudeste.com\/site\/wp-content\/uploads\/2020\/08\/DSC_0450.jpg 580w, http:\/\/folhadosudeste.com\/site\/wp-content\/uploads\/2020\/08\/DSC_0450-300x233.jpg 300w\" sizes=\"auto, (max-width: 580px) 100vw, 580px\" \/><\/a><\/p>\n<p style=\"text-align: justify;\"><i>P\u00fablico-alvo compreende pessoas de 20 a 49 anos. Doses est\u00e3o dispon\u00edveis em todas unidades de sa\u00fade de segunda a sexta-feira, das 8h \u00e0s 16h30min<u><\/u><u><\/u><\/i><u><\/u>&nbsp;<u><\/u><\/p>\n<p style=\"text-align: justify;\">Pessoas com idade entre 20 e 49 anos t\u00eam at\u00e9 31 deste m\u00eas para se imunizar contra o sarampo. Este \u00e9 o prazo final que o Minist\u00e9rio da Sa\u00fade estipulou para a realiza\u00e7\u00e3o da campanha nacional de vacina\u00e7\u00e3o contra a doen\u00e7a em 2020.<u><\/u><u><\/u><u><\/u>&nbsp;<u><\/u><\/p>\n<p style=\"text-align: justify;\">As doses est\u00e3o dispon\u00edveis em todas as unidades de sa\u00fade da cidade e distritos de segunda a sexta-feira, das 8h \u00e0s 16h30min. Al\u00e9m do pr\u00f3prio sarampo, a tr\u00edplice viral protege ainda contra rub\u00e9ola e caxumba.<u><\/u><u><\/u><u><\/u>&nbsp;<u><\/u><\/p>\n<p style=\"text-align: justify;\">At\u00e9 o momento, 11.929 pessoas foram imunizadas \u2013 a meta \u00e9 vacinar 90% do grupo priorit\u00e1rio, ou seja, um total de 47.904 doses a serem aplicadas.<u><\/u><u><\/u><u><\/u>&nbsp;<u><\/u><\/p>\n<p style=\"text-align: justify;\">A \u201cDose Zero\u201d \u00e9 uma estrat\u00e9gia imediata do Minist\u00e9rio da Sa\u00fade para barrar a transmiss\u00e3o do v\u00edrus do sarampo que foi reintroduzido no pa\u00eds em 2019.<u><\/u><u><\/u><\/p>\n<p style=\"text-align: justify;\"><em><strong>Foto: Arquivo Prefeitura de Muria\u00e9<\/strong><\/em><\/p>\n","protected":false},"excerpt":{"rendered":"<p>P\u00fablico-alvo compreende pessoas de 20 a 49 anos. Doses est\u00e3o dispon\u00edveis em todas unidades de sa\u00fade de segunda a sexta-feira, das 8h \u00e0s 16h30min&nbsp; Pessoas com idade entre 20 e 49 anos t\u00eam at\u00e9 31 deste m\u00eas para se imunizar contra o sarampo. Este \u00e9 o prazo final que o Minist\u00e9rio da Sa\u00fade estipulou para [&hellip;]<\/p>\n","protected":false},"author":6,"featured_media":0,"comment_status":"open","ping_status":"closed","sticky":false,"template":"","format":"standard","meta":{"_joinchat":[],"footnotes":""},"categories":[1],"tags":[],"class_list":["post-71857","post","type-post","status-publish","format-standard","hentry","category-sem-categoria"],"_links":{"self":[{"href":"http:\/\/folhadosudeste.com\/site\/index.php?rest_route=\/wp\/v2\/posts\/71857","targetHints":{"allow":["GET"]}}],"collection":[{"href":"http:\/\/folhadosudeste.com\/site\/index.php?rest_route=\/wp\/v2\/posts"}],"about":[{"href":"http:\/\/folhadosudeste.com\/site\/index.php?rest_route=\/wp\/v2\/types\/post"}],"author":[{"embeddable":true,"href":"http:\/\/folhadosudeste.com\/site\/index.php?rest_route=\/wp\/v2\/users\/6"}],"replies":[{"embeddable":true,"href":"http:\/\/folhadosudeste.com\/site\/index.php?rest_route=%2Fwp%2Fv2%2Fcomments&post=71857"}],"version-history":[{"count":1,"href":"http:\/\/folhadosudeste.com\/site\/index.php?rest_route=\/wp\/v2\/posts\/71857\/revisions"}],"predecessor-version":[{"id":71860,"href":"http:\/\/folhadosudeste.com\/site\/index.php?rest_route=\/wp\/v2\/posts\/71857\/revisions\/71860"}],"wp:attachment":[{"href":"http:\/\/folhadosudeste.com\/site\/index.php?rest_route=%2Fwp%2Fv2%2Fmedia&parent=71857"}],"wp:term":[{"taxonomy":"category","embeddable":true,"href":"http:\/\/folhadosudeste.com\/site\/index.php?rest_route=%2Fwp%2Fv2%2Fcategories&post=71857"},{"taxonomy":"post_tag","embeddable":true,"href":"http:\/\/folhadosudeste.com\/site\/index.php?rest_route=%2Fwp%2Fv2%2Ftags&post=71857"}],"curies":[{"name":"wp","href":"https:\/\/api.w.org\/{rel}","templated":true}]}}