{"id":71884,"date":"2020-08-12T22:52:20","date_gmt":"2020-08-12T22:52:20","guid":{"rendered":"http:\/\/folhadosudeste.com\/site\/?p=71884"},"modified":"2020-08-12T22:52:20","modified_gmt":"2020-08-12T22:52:20","slug":"em-reuniao-por-video-muriae-comeca-a-elaborar-novo-plano-de-desenvolvimento-economico-local","status":"publish","type":"post","link":"http:\/\/folhadosudeste.com\/site\/?p=71884","title":{"rendered":"Em reuni\u00e3o por v\u00eddeo, Muria\u00e9 come\u00e7a a elaborar novo plano de desenvolvimento econ\u00f4mico local"},"content":{"rendered":"<div id=\":o0\" class=\"ii gt\">\n<div id=\":nz\" class=\"a3s aXjCH \">\n<div>\n<div>\n<div>\n<div style=\"text-align: justify;\"><a href=\"http:\/\/folhadosudeste.com\/site\/wp-content\/uploads\/2020\/08\/WhatsApp-Image-2020-08-11-at-09.40.53.jpeg\"><img loading=\"lazy\" decoding=\"async\" class=\"alignnone size-full wp-image-71885\" src=\"http:\/\/folhadosudeste.com\/site\/wp-content\/uploads\/2020\/08\/WhatsApp-Image-2020-08-11-at-09.40.53.jpeg\" alt=\"\" width=\"1280\" height=\"719\" srcset=\"http:\/\/folhadosudeste.com\/site\/wp-content\/uploads\/2020\/08\/WhatsApp-Image-2020-08-11-at-09.40.53.jpeg 1280w, http:\/\/folhadosudeste.com\/site\/wp-content\/uploads\/2020\/08\/WhatsApp-Image-2020-08-11-at-09.40.53-300x169.jpeg 300w, http:\/\/folhadosudeste.com\/site\/wp-content\/uploads\/2020\/08\/WhatsApp-Image-2020-08-11-at-09.40.53-768x431.jpeg 768w, http:\/\/folhadosudeste.com\/site\/wp-content\/uploads\/2020\/08\/WhatsApp-Image-2020-08-11-at-09.40.53-1024x575.jpeg 1024w\" sizes=\"auto, (max-width: 1280px) 100vw, 1280px\" \/><\/a><\/div>\n<div style=\"text-align: justify;\">Primeiro \u00e9 preciso saber onde se est\u00e1, para depois planejar para onde ir e de que forma caminhar. Foi com base neste conceito que diversas institui\u00e7\u00f5es muriaeenses participaram, em reuni\u00e3o por videoconfer\u00eancia realizada na noite de segunda-feira (10), da primeira de oito oficinas para elabora\u00e7\u00e3o do novo Plano de Desenvolvimento Econ\u00f4mico Local.<\/div>\n<div style=\"text-align: justify;\">&nbsp;<\/div>\n<div style=\"text-align: justify;\">O plano, que \u00e9 uma iniciativa promovida pelo Sebrae em parceria com a Prefeitura de Muria\u00e9 (atrav\u00e9s da Secretaria de Desenvolvimento Econ\u00f4mico e da Fundarte), tem o objetivo de ajudar as empresas a recuperaram a competitividade, especialmente com o cen\u00e1rio de incertezas provocado pela crise da covid-19.<\/div>\n<\/div>\n<\/div>\n<\/div>\n<\/div>\n<\/div>\n<p style=\"text-align: justify;\"><!--more--><\/p>\n<div style=\"text-align: justify;\">Neste primeiro encontro, o consultor Marcos Ferreira, do Sebrae, que ser\u00e1 respons\u00e1vel por conduzir todas as reuni\u00f5es, buscou estipular uma metodologia padr\u00e3o a ser seguida pelos participantes, a fim de que todos possam &#8220;falar a mesma l\u00edngua&#8221;. O entendimento foi que Muria\u00e9 conta com diversas institui\u00e7\u00f5es envolvidas com a causa do desenvolvimento local, mas que \u00e9 preciso que os trabalhos ocorram de maneira integrada.<\/div>\n<div style=\"text-align: justify;\">&nbsp;<\/div>\n<div style=\"text-align: justify;\">&#8220;Foi como se todos tivessem assinado um termo de responsabilidade se comprometendo a trabalhar de forma coletiva&#8221;, informou a representante da Secretaria Municipal de Desenvolvimento Econ\u00f4mico.<\/div>\n<div style=\"text-align: justify;\">&nbsp;<\/div>\n<div style=\"text-align: justify;\">As demais oficinas v\u00e3o acontecer ao longo das pr\u00f3ximas semanas &#8211; sempre de maneira virtual, em raz\u00e3o da pandemia. O cronograma prev\u00ea que o documento contendo todas as propostas que dever\u00e3o nortear as atividades econ\u00f4micas em Muria\u00e9 nos pr\u00f3ximos anos esteja \u00e0 disposi\u00e7\u00e3o dos empres\u00e1rios j\u00e1 a partir de 26 de outubro.<\/div>\n<div style=\"text-align: justify;\">&nbsp;<\/div>\n<div style=\"text-align: justify;\">Al\u00e9m da Prefeitura e do Sebrae, tamb\u00e9m participam da elabora\u00e7\u00e3o do Plano de Desenvolvimento Econ\u00f4mico Local as seguintes institui\u00e7\u00f5es: CDL \/ Associa\u00e7\u00e3o Comercial e Industrial de Muria\u00e9; CDL Jovem; Senai; Sindivest; Unifaminas; Faculdade Santa Marcelina; e Instituto Federal.<\/div>\n","protected":false},"excerpt":{"rendered":"<p>Primeiro \u00e9 preciso saber onde se est\u00e1, para depois planejar para onde ir e de que forma caminhar. Foi com base neste conceito que diversas institui\u00e7\u00f5es muriaeenses participaram, em reuni\u00e3o por videoconfer\u00eancia realizada na noite de segunda-feira (10), da primeira de oito oficinas para elabora\u00e7\u00e3o do novo Plano de Desenvolvimento Econ\u00f4mico Local. &nbsp; O plano, [&hellip;]<\/p>\n","protected":false},"author":6,"featured_media":0,"comment_status":"open","ping_status":"closed","sticky":false,"template":"","format":"standard","meta":{"_joinchat":[],"footnotes":""},"categories":[1],"tags":[],"class_list":["post-71884","post","type-post","status-publish","format-standard","hentry","category-sem-categoria"],"_links":{"self":[{"href":"http:\/\/folhadosudeste.com\/site\/index.php?rest_route=\/wp\/v2\/posts\/71884","targetHints":{"allow":["GET"]}}],"collection":[{"href":"http:\/\/folhadosudeste.com\/site\/index.php?rest_route=\/wp\/v2\/posts"}],"about":[{"href":"http:\/\/folhadosudeste.com\/site\/index.php?rest_route=\/wp\/v2\/types\/post"}],"author":[{"embeddable":true,"href":"http:\/\/folhadosudeste.com\/site\/index.php?rest_route=\/wp\/v2\/users\/6"}],"replies":[{"embeddable":true,"href":"http:\/\/folhadosudeste.com\/site\/index.php?rest_route=%2Fwp%2Fv2%2Fcomments&post=71884"}],"version-history":[{"count":1,"href":"http:\/\/folhadosudeste.com\/site\/index.php?rest_route=\/wp\/v2\/posts\/71884\/revisions"}],"predecessor-version":[{"id":71886,"href":"http:\/\/folhadosudeste.com\/site\/index.php?rest_route=\/wp\/v2\/posts\/71884\/revisions\/71886"}],"wp:attachment":[{"href":"http:\/\/folhadosudeste.com\/site\/index.php?rest_route=%2Fwp%2Fv2%2Fmedia&parent=71884"}],"wp:term":[{"taxonomy":"category","embeddable":true,"href":"http:\/\/folhadosudeste.com\/site\/index.php?rest_route=%2Fwp%2Fv2%2Fcategories&post=71884"},{"taxonomy":"post_tag","embeddable":true,"href":"http:\/\/folhadosudeste.com\/site\/index.php?rest_route=%2Fwp%2Fv2%2Ftags&post=71884"}],"curies":[{"name":"wp","href":"https:\/\/api.w.org\/{rel}","templated":true}]}}