{"id":71887,"date":"2020-08-12T22:54:24","date_gmt":"2020-08-12T22:54:24","guid":{"rendered":"http:\/\/folhadosudeste.com\/site\/?p=71887"},"modified":"2020-08-12T22:54:24","modified_gmt":"2020-08-12T22:54:24","slug":"camara-de-muriae-aprova-projetos-sobre-cobrancas-e-isencoes-de-taxa-no-demsur-e-de-incentivo-a-caminhada","status":"publish","type":"post","link":"http:\/\/folhadosudeste.com\/site\/?p=71887","title":{"rendered":"C\u00e2mara de Muria\u00e9 aprova projetos sobre cobran\u00e7as e isen\u00e7\u00f5es de taxa no Demsur e de incentivo \u00e0 caminhada"},"content":{"rendered":"<p><a href=\"http:\/\/folhadosudeste.com\/site\/wp-content\/uploads\/2020\/08\/Presidente-Carlos-Delfim-presidindo-a-sess\u00e3o-on-line.jpg\"><img loading=\"lazy\" decoding=\"async\" class=\"alignnone size-full wp-image-71888\" src=\"http:\/\/folhadosudeste.com\/site\/wp-content\/uploads\/2020\/08\/Presidente-Carlos-Delfim-presidindo-a-sess\u00e3o-on-line.jpg\" alt=\"\" width=\"1280\" height=\"829\" srcset=\"http:\/\/folhadosudeste.com\/site\/wp-content\/uploads\/2020\/08\/Presidente-Carlos-Delfim-presidindo-a-sess\u00e3o-on-line.jpg 1280w, http:\/\/folhadosudeste.com\/site\/wp-content\/uploads\/2020\/08\/Presidente-Carlos-Delfim-presidindo-a-sess\u00e3o-on-line-300x194.jpg 300w, http:\/\/folhadosudeste.com\/site\/wp-content\/uploads\/2020\/08\/Presidente-Carlos-Delfim-presidindo-a-sess\u00e3o-on-line-768x497.jpg 768w, http:\/\/folhadosudeste.com\/site\/wp-content\/uploads\/2020\/08\/Presidente-Carlos-Delfim-presidindo-a-sess\u00e3o-on-line-1024x663.jpg 1024w\" sizes=\"auto, (max-width: 1280px) 100vw, 1280px\" \/><\/a><\/p>\n<p style=\"text-align: justify;\"><strong>Incentivo \u00e0 pr\u00e1tica de caminhada, formas de cobran\u00e7a e isen\u00e7\u00e3o de tarifas do Demsur s\u00e3o temas dos projetos aprovados na sess\u00e3o da C\u00e2mara de Muria\u00e9<\/strong><\/p>\n<p style=\"text-align: justify;\">A sess\u00e3o da C\u00e2mara de Muria\u00e9 desta semana (11\/08) foi realizada de forma&nbsp;<em>on-line<\/em>&nbsp;onde foram discutidos oito projetos, sendo que tr\u00eas foram orientados pelas respectivas comiss\u00f5es para se tornarem indica\u00e7\u00f5es, por se tratar de atribui\u00e7\u00e3o do Executivo, e cinco foram aprovados, sendo que um deles, do Executivo, teve tamb\u00e9m uma emenda feita pelo vereador Jair Abreu (PT) aprovada.<\/p>\n<p style=\"text-align: justify;\">Dentre os projetos aprovados estavam o que determina a instala\u00e7\u00e3o de placas de incentivo a caminhada neste momento de pandemia em tr\u00eas pontos da via sa\u00fade, o que define a forma de cobran\u00e7a das tarifas de \u00e1gua e esgoto em casos de n\u00e3o medi\u00e7\u00e3o do consumo e a autoriza\u00e7\u00e3o para que o Demsur isente a Prefeitura, seus \u00f3rg\u00e3os e autarquias do pagamento de suas tarifas durante a pandemia. Esta sess\u00e3o j\u00e1 voltou a ser comandada pelo presidente, vereador Carlos Delfim (PDT), que precisou se ausentar da primeira sess\u00e3o do segundo semestre por motivos pessoais.<\/p>\n<p><!--more--><\/p>\n<p style=\"text-align: justify;\"><strong>Projeto incentiva a caminhada na Via Sa\u00fade neste momento de pandemia<\/strong><\/p>\n<p style=\"text-align: justify;\">O projeto apresentado pelo vereador Dr. Jos\u00e9 Carlos (PSD) que estabelece como uma das medidas de enfrentamento \u00e0 pandemia do Covid-19 a coloca\u00e7\u00e3o de placas em frente a rotat\u00f3ria da L\u00edder Chevrolet, nas proximidades a academia ao ar livre e fronte a ponte do bairro do porto incentivando a caminha na via sa\u00fade, com a seguinte recomenda\u00e7\u00e3o: \u201cCaminhe. Faz bem \u00e0 sa\u00fade. Mas, use m\u00e1scara!<\/p>\n<p style=\"text-align: justify;\">Segundo o vereador, o projeto promove a import\u00e2ncia das pr\u00e1ticas f\u00edsicas seguras, principalmente neste momento, j\u00e1 que j\u00e1 \u00e9 de conhecimento de todos que uma pessoa com obesidade, doen\u00e7as como hipertens\u00e3o e diabetes, enquadram-se no grupo de risco e o exerc\u00edcio \u00e9 um importante instrumento de combate a estes males.<\/p>\n<p style=\"text-align: justify;\"><strong>Demsur estabelece medida para cobran\u00e7a sem medi\u00e7\u00e3o de hidr\u00f4metro<\/strong><\/p>\n<p style=\"text-align: justify;\">O projeto do Executivo aprovado, acrescentou \u00e0 Lei N\u00ba 4.389\/2012, que institui a pol\u00edtica de saneamento b\u00e1sico de Muria\u00e9, no que diz respeito \u00e0s taxas, tarifas e outros pre\u00e7os p\u00fablicos a l\u00ednea que estabelece que, quando n\u00e3o for poss\u00edvel os servidores do Demsur realizar a medi\u00e7\u00e3o do hidr\u00f4metro e, o consumo excessivo, de causa n\u00e3o determinada, tiver excedido tr\u00eas vezes a m\u00e9dia da unidade consumidora dos \u00faltimos tr\u00eas meses, constatado pela fiscaliza\u00e7\u00e3o do Demsur, deve-se o volume medido ser refaturado com redu\u00e7\u00e3o de 50% do que exceder \u00e0 m\u00e9dia, desde que n\u00e3o evidenciada o dolo, culpa, m\u00e1-f\u00e9 ou reincid\u00eancia por parte da mesma unidade consumidora nos \u00faltimos dois anos.<\/p>\n<p style=\"text-align: justify;\"><strong>Prefeitura e demais \u00f3rg\u00e3os municipais est\u00e3o isentos de pagar conta de \u00e1gua<\/strong><\/p>\n<p style=\"text-align: justify;\">O projeto do Executivo que autoriza o Demsur a conceder isen\u00e7\u00e3o das tarifas de fornecimento de \u00e1gua e esgoto \u00e0 Prefeitura, seus \u00f3rg\u00e3os e autarquias municipais, foi aprovado pela C\u00e2mara de Muria\u00e9 com a emenda do vereador Jair Abreu (PT), restringindo esta isen\u00e7\u00e3o apenas ao per\u00edodo de exce\u00e7\u00e3o, devido \u00e0 pandemia. \u201cAcredito que o munic\u00edpio deva ter as mesmas obriga\u00e7\u00f5es que as pessoas comuns possuem, pagando pelo seu consumo de \u00e1gua e pelo tratamento do esgoto quando a situa\u00e7\u00e3o se regularizar e a arrecada\u00e7\u00e3o voltar ao normal\u201d, explica o vereador. &nbsp;<\/p>\n<p><a href=\"http:\/\/folhadosudeste.com\/site\/wp-content\/uploads\/2020\/08\/vereador-Jos\u00e9-Carlos-autor-do-projeto-de-incentivo-\u00e0-caminha-na-via-sa\u00fade-participando-da-sess\u00e3o.jpg\"><img loading=\"lazy\" decoding=\"async\" class=\"alignnone size-full wp-image-71889\" src=\"http:\/\/folhadosudeste.com\/site\/wp-content\/uploads\/2020\/08\/vereador-Jos\u00e9-Carlos-autor-do-projeto-de-incentivo-\u00e0-caminha-na-via-sa\u00fade-participando-da-sess\u00e3o.jpg\" alt=\"\" width=\"1280\" height=\"829\" srcset=\"http:\/\/folhadosudeste.com\/site\/wp-content\/uploads\/2020\/08\/vereador-Jos\u00e9-Carlos-autor-do-projeto-de-incentivo-\u00e0-caminha-na-via-sa\u00fade-participando-da-sess\u00e3o.jpg 1280w, http:\/\/folhadosudeste.com\/site\/wp-content\/uploads\/2020\/08\/vereador-Jos\u00e9-Carlos-autor-do-projeto-de-incentivo-\u00e0-caminha-na-via-sa\u00fade-participando-da-sess\u00e3o-300x194.jpg 300w, http:\/\/folhadosudeste.com\/site\/wp-content\/uploads\/2020\/08\/vereador-Jos\u00e9-Carlos-autor-do-projeto-de-incentivo-\u00e0-caminha-na-via-sa\u00fade-participando-da-sess\u00e3o-768x497.jpg 768w, http:\/\/folhadosudeste.com\/site\/wp-content\/uploads\/2020\/08\/vereador-Jos\u00e9-Carlos-autor-do-projeto-de-incentivo-\u00e0-caminha-na-via-sa\u00fade-participando-da-sess\u00e3o-1024x663.jpg 1024w\" sizes=\"auto, (max-width: 1280px) 100vw, 1280px\" \/><\/a> <a href=\"http:\/\/folhadosudeste.com\/site\/wp-content\/uploads\/2020\/08\/vereador-Jair-Abreu-autor-da-emenda-aprovada-participando-da-sess\u00e3o-on-line.jpg\"><img loading=\"lazy\" decoding=\"async\" class=\"alignnone size-full wp-image-71890\" src=\"http:\/\/folhadosudeste.com\/site\/wp-content\/uploads\/2020\/08\/vereador-Jair-Abreu-autor-da-emenda-aprovada-participando-da-sess\u00e3o-on-line.jpg\" alt=\"\" width=\"1280\" height=\"829\" srcset=\"http:\/\/folhadosudeste.com\/site\/wp-content\/uploads\/2020\/08\/vereador-Jair-Abreu-autor-da-emenda-aprovada-participando-da-sess\u00e3o-on-line.jpg 1280w, http:\/\/folhadosudeste.com\/site\/wp-content\/uploads\/2020\/08\/vereador-Jair-Abreu-autor-da-emenda-aprovada-participando-da-sess\u00e3o-on-line-300x194.jpg 300w, http:\/\/folhadosudeste.com\/site\/wp-content\/uploads\/2020\/08\/vereador-Jair-Abreu-autor-da-emenda-aprovada-participando-da-sess\u00e3o-on-line-768x497.jpg 768w, http:\/\/folhadosudeste.com\/site\/wp-content\/uploads\/2020\/08\/vereador-Jair-Abreu-autor-da-emenda-aprovada-participando-da-sess\u00e3o-on-line-1024x663.jpg 1024w\" sizes=\"auto, (max-width: 1280px) 100vw, 1280px\" \/><\/a><\/p>\n","protected":false},"excerpt":{"rendered":"<p>Incentivo \u00e0 pr\u00e1tica de caminhada, formas de cobran\u00e7a e isen\u00e7\u00e3o de tarifas do Demsur s\u00e3o temas dos projetos aprovados na sess\u00e3o da C\u00e2mara de Muria\u00e9 A sess\u00e3o da C\u00e2mara de Muria\u00e9 desta semana (11\/08) foi realizada de forma&nbsp;on-line&nbsp;onde foram discutidos oito projetos, sendo que tr\u00eas foram orientados pelas respectivas comiss\u00f5es para se tornarem indica\u00e7\u00f5es, por [&hellip;]<\/p>\n","protected":false},"author":6,"featured_media":0,"comment_status":"open","ping_status":"closed","sticky":false,"template":"","format":"standard","meta":{"_joinchat":[],"footnotes":""},"categories":[1],"tags":[],"class_list":["post-71887","post","type-post","status-publish","format-standard","hentry","category-sem-categoria"],"_links":{"self":[{"href":"http:\/\/folhadosudeste.com\/site\/index.php?rest_route=\/wp\/v2\/posts\/71887","targetHints":{"allow":["GET"]}}],"collection":[{"href":"http:\/\/folhadosudeste.com\/site\/index.php?rest_route=\/wp\/v2\/posts"}],"about":[{"href":"http:\/\/folhadosudeste.com\/site\/index.php?rest_route=\/wp\/v2\/types\/post"}],"author":[{"embeddable":true,"href":"http:\/\/folhadosudeste.com\/site\/index.php?rest_route=\/wp\/v2\/users\/6"}],"replies":[{"embeddable":true,"href":"http:\/\/folhadosudeste.com\/site\/index.php?rest_route=%2Fwp%2Fv2%2Fcomments&post=71887"}],"version-history":[{"count":1,"href":"http:\/\/folhadosudeste.com\/site\/index.php?rest_route=\/wp\/v2\/posts\/71887\/revisions"}],"predecessor-version":[{"id":71891,"href":"http:\/\/folhadosudeste.com\/site\/index.php?rest_route=\/wp\/v2\/posts\/71887\/revisions\/71891"}],"wp:attachment":[{"href":"http:\/\/folhadosudeste.com\/site\/index.php?rest_route=%2Fwp%2Fv2%2Fmedia&parent=71887"}],"wp:term":[{"taxonomy":"category","embeddable":true,"href":"http:\/\/folhadosudeste.com\/site\/index.php?rest_route=%2Fwp%2Fv2%2Fcategories&post=71887"},{"taxonomy":"post_tag","embeddable":true,"href":"http:\/\/folhadosudeste.com\/site\/index.php?rest_route=%2Fwp%2Fv2%2Ftags&post=71887"}],"curies":[{"name":"wp","href":"https:\/\/api.w.org\/{rel}","templated":true}]}}