{"id":71892,"date":"2020-08-12T22:55:57","date_gmt":"2020-08-12T22:55:57","guid":{"rendered":"http:\/\/folhadosudeste.com\/site\/?p=71892"},"modified":"2020-08-12T22:55:57","modified_gmt":"2020-08-12T22:55:57","slug":"prefeitura-entrega-pracas-a-moradores-do-cardoso-de-melo-e-porto-belo","status":"publish","type":"post","link":"http:\/\/folhadosudeste.com\/site\/?p=71892","title":{"rendered":"Prefeitura &#8220;entrega&#8221; pra\u00e7as a moradores do Cardoso de Melo e Porto Belo"},"content":{"rendered":"<p><a href=\"http:\/\/folhadosudeste.com\/site\/wp-content\/uploads\/2020\/08\/Espa\u00e7os-de-lazer-contam-com-brinquedos-infantis-e-academia-ao-ar-livre.jpg\"><img loading=\"lazy\" decoding=\"async\" class=\"alignnone size-full wp-image-71893\" src=\"http:\/\/folhadosudeste.com\/site\/wp-content\/uploads\/2020\/08\/Espa\u00e7os-de-lazer-contam-com-brinquedos-infantis-e-academia-ao-ar-livre.jpg\" alt=\"\" width=\"1500\" height=\"850\" srcset=\"http:\/\/folhadosudeste.com\/site\/wp-content\/uploads\/2020\/08\/Espa\u00e7os-de-lazer-contam-com-brinquedos-infantis-e-academia-ao-ar-livre.jpg 1500w, http:\/\/folhadosudeste.com\/site\/wp-content\/uploads\/2020\/08\/Espa\u00e7os-de-lazer-contam-com-brinquedos-infantis-e-academia-ao-ar-livre-300x170.jpg 300w, http:\/\/folhadosudeste.com\/site\/wp-content\/uploads\/2020\/08\/Espa\u00e7os-de-lazer-contam-com-brinquedos-infantis-e-academia-ao-ar-livre-768x435.jpg 768w, http:\/\/folhadosudeste.com\/site\/wp-content\/uploads\/2020\/08\/Espa\u00e7os-de-lazer-contam-com-brinquedos-infantis-e-academia-ao-ar-livre-1024x580.jpg 1024w\" sizes=\"auto, (max-width: 1500px) 100vw, 1500px\" \/><\/a><\/p>\n<p style=\"text-align: justify;\"><i>Espa\u00e7os contam com brinquedos infantis, aparelhos de gin\u00e1stica e bancos<\/i><\/p>\n<p style=\"text-align: justify;\">Moradores do Cardoso de Melo II e do Porto Belo ganharam novos espa\u00e7os de lazer e de conviv\u00eancia. A Prefeitura inaugurou na \u00faltima&nbsp;<span style=\"color: #006400;\">semana&nbsp;<\/span>uma pra\u00e7a em cada um destes bairros, proporcionando lazer e divers\u00e3o \u00e0s fam\u00edlias.<\/p>\n<p style=\"text-align: justify;\">As pra\u00e7as contam com academia ao ar livre, assentos e parque infantil, como escorrega, balan\u00e7o, entre outros.<\/p>\n<p style=\"text-align: justify;\">A pra\u00e7a do Cardoso de Melo recebeu o nome de Milson Fel\u00edcio da Silva. J\u00e1 a do Porto Belo foi denominada Vereador Jo\u00e3o C\u00e2ndido da Silva.&nbsp;<\/p>\n<p><!--more--><\/p>\n<p><a href=\"http:\/\/folhadosudeste.com\/site\/wp-content\/uploads\/2020\/08\/Pra\u00e7a-do-bairro-Cardoso-de-Melo-II.jpg\"><img loading=\"lazy\" decoding=\"async\" class=\"alignnone size-full wp-image-71894\" src=\"http:\/\/folhadosudeste.com\/site\/wp-content\/uploads\/2020\/08\/Pra\u00e7a-do-bairro-Cardoso-de-Melo-II.jpg\" alt=\"\" width=\"1500\" height=\"908\" srcset=\"http:\/\/folhadosudeste.com\/site\/wp-content\/uploads\/2020\/08\/Pra\u00e7a-do-bairro-Cardoso-de-Melo-II.jpg 1500w, http:\/\/folhadosudeste.com\/site\/wp-content\/uploads\/2020\/08\/Pra\u00e7a-do-bairro-Cardoso-de-Melo-II-300x182.jpg 300w, http:\/\/folhadosudeste.com\/site\/wp-content\/uploads\/2020\/08\/Pra\u00e7a-do-bairro-Cardoso-de-Melo-II-768x465.jpg 768w, http:\/\/folhadosudeste.com\/site\/wp-content\/uploads\/2020\/08\/Pra\u00e7a-do-bairro-Cardoso-de-Melo-II-1024x620.jpg 1024w\" sizes=\"auto, (max-width: 1500px) 100vw, 1500px\" \/><\/a> <a href=\"http:\/\/folhadosudeste.com\/site\/wp-content\/uploads\/2020\/08\/Pra\u00e7a-do-Porto-Belo.jpg\"><img loading=\"lazy\" decoding=\"async\" class=\"alignnone size-full wp-image-71895\" src=\"http:\/\/folhadosudeste.com\/site\/wp-content\/uploads\/2020\/08\/Pra\u00e7a-do-Porto-Belo.jpg\" alt=\"\" width=\"1500\" height=\"922\" srcset=\"http:\/\/folhadosudeste.com\/site\/wp-content\/uploads\/2020\/08\/Pra\u00e7a-do-Porto-Belo.jpg 1500w, http:\/\/folhadosudeste.com\/site\/wp-content\/uploads\/2020\/08\/Pra\u00e7a-do-Porto-Belo-300x184.jpg 300w, http:\/\/folhadosudeste.com\/site\/wp-content\/uploads\/2020\/08\/Pra\u00e7a-do-Porto-Belo-768x472.jpg 768w, http:\/\/folhadosudeste.com\/site\/wp-content\/uploads\/2020\/08\/Pra\u00e7a-do-Porto-Belo-1024x629.jpg 1024w\" sizes=\"auto, (max-width: 1500px) 100vw, 1500px\" \/><\/a><\/p>\n","protected":false},"excerpt":{"rendered":"<p>Espa\u00e7os contam com brinquedos infantis, aparelhos de gin\u00e1stica e bancos Moradores do Cardoso de Melo II e do Porto Belo ganharam novos espa\u00e7os de lazer e de conviv\u00eancia. A Prefeitura inaugurou na \u00faltima&nbsp;semana&nbsp;uma pra\u00e7a em cada um destes bairros, proporcionando lazer e divers\u00e3o \u00e0s fam\u00edlias. As pra\u00e7as contam com academia ao ar livre, assentos e [&hellip;]<\/p>\n","protected":false},"author":6,"featured_media":0,"comment_status":"open","ping_status":"closed","sticky":false,"template":"","format":"standard","meta":{"_joinchat":[],"footnotes":""},"categories":[1],"tags":[],"class_list":["post-71892","post","type-post","status-publish","format-standard","hentry","category-sem-categoria"],"_links":{"self":[{"href":"http:\/\/folhadosudeste.com\/site\/index.php?rest_route=\/wp\/v2\/posts\/71892","targetHints":{"allow":["GET"]}}],"collection":[{"href":"http:\/\/folhadosudeste.com\/site\/index.php?rest_route=\/wp\/v2\/posts"}],"about":[{"href":"http:\/\/folhadosudeste.com\/site\/index.php?rest_route=\/wp\/v2\/types\/post"}],"author":[{"embeddable":true,"href":"http:\/\/folhadosudeste.com\/site\/index.php?rest_route=\/wp\/v2\/users\/6"}],"replies":[{"embeddable":true,"href":"http:\/\/folhadosudeste.com\/site\/index.php?rest_route=%2Fwp%2Fv2%2Fcomments&post=71892"}],"version-history":[{"count":1,"href":"http:\/\/folhadosudeste.com\/site\/index.php?rest_route=\/wp\/v2\/posts\/71892\/revisions"}],"predecessor-version":[{"id":71896,"href":"http:\/\/folhadosudeste.com\/site\/index.php?rest_route=\/wp\/v2\/posts\/71892\/revisions\/71896"}],"wp:attachment":[{"href":"http:\/\/folhadosudeste.com\/site\/index.php?rest_route=%2Fwp%2Fv2%2Fmedia&parent=71892"}],"wp:term":[{"taxonomy":"category","embeddable":true,"href":"http:\/\/folhadosudeste.com\/site\/index.php?rest_route=%2Fwp%2Fv2%2Fcategories&post=71892"},{"taxonomy":"post_tag","embeddable":true,"href":"http:\/\/folhadosudeste.com\/site\/index.php?rest_route=%2Fwp%2Fv2%2Ftags&post=71892"}],"curies":[{"name":"wp","href":"https:\/\/api.w.org\/{rel}","templated":true}]}}