{"id":71928,"date":"2020-08-17T18:12:45","date_gmt":"2020-08-17T18:12:45","guid":{"rendered":"http:\/\/folhadosudeste.com\/site\/?p=71928"},"modified":"2020-08-17T18:12:45","modified_gmt":"2020-08-17T18:12:45","slug":"soares-de-azevedo-esta-apto-para-receber-o-var","status":"publish","type":"post","link":"http:\/\/folhadosudeste.com\/site\/?p=71928","title":{"rendered":"Soares de Azevedo est\u00e1 apto para receber o VAR"},"content":{"rendered":"<p style=\"text-align: justify;\"><a href=\"http:\/\/folhadosudeste.com\/site\/wp-content\/uploads\/2020\/08\/C25D4480-FE77-49F4-BCC5-56E59ED3ACA1.jpeg\"><img loading=\"lazy\" decoding=\"async\" class=\"alignnone size-full wp-image-71929\" src=\"http:\/\/folhadosudeste.com\/site\/wp-content\/uploads\/2020\/08\/C25D4480-FE77-49F4-BCC5-56E59ED3ACA1.jpeg\" alt=\"\" width=\"1280\" height=\"1036\" srcset=\"http:\/\/folhadosudeste.com\/site\/wp-content\/uploads\/2020\/08\/C25D4480-FE77-49F4-BCC5-56E59ED3ACA1.jpeg 1280w, http:\/\/folhadosudeste.com\/site\/wp-content\/uploads\/2020\/08\/C25D4480-FE77-49F4-BCC5-56E59ED3ACA1-300x243.jpeg 300w, http:\/\/folhadosudeste.com\/site\/wp-content\/uploads\/2020\/08\/C25D4480-FE77-49F4-BCC5-56E59ED3ACA1-768x622.jpeg 768w, http:\/\/folhadosudeste.com\/site\/wp-content\/uploads\/2020\/08\/C25D4480-FE77-49F4-BCC5-56E59ED3ACA1-1024x829.jpeg 1024w\" sizes=\"auto, (max-width: 1280px) 100vw, 1280px\" \/><\/a> <a href=\"http:\/\/folhadosudeste.com\/site\/wp-content\/uploads\/2020\/08\/333A3A9F-A231-4F74-8EBF-4B39372C6FC7.jpeg\"><img loading=\"lazy\" decoding=\"async\" class=\"alignnone size-full wp-image-71930\" src=\"http:\/\/folhadosudeste.com\/site\/wp-content\/uploads\/2020\/08\/333A3A9F-A231-4F74-8EBF-4B39372C6FC7.jpeg\" alt=\"\" width=\"1280\" height=\"853\" srcset=\"http:\/\/folhadosudeste.com\/site\/wp-content\/uploads\/2020\/08\/333A3A9F-A231-4F74-8EBF-4B39372C6FC7.jpeg 1280w, http:\/\/folhadosudeste.com\/site\/wp-content\/uploads\/2020\/08\/333A3A9F-A231-4F74-8EBF-4B39372C6FC7-300x200.jpeg 300w, http:\/\/folhadosudeste.com\/site\/wp-content\/uploads\/2020\/08\/333A3A9F-A231-4F74-8EBF-4B39372C6FC7-768x512.jpeg 768w, http:\/\/folhadosudeste.com\/site\/wp-content\/uploads\/2020\/08\/333A3A9F-A231-4F74-8EBF-4B39372C6FC7-1024x682.jpeg 1024w, http:\/\/folhadosudeste.com\/site\/wp-content\/uploads\/2020\/08\/333A3A9F-A231-4F74-8EBF-4B39372C6FC7-120x80.jpeg 120w, http:\/\/folhadosudeste.com\/site\/wp-content\/uploads\/2020\/08\/333A3A9F-A231-4F74-8EBF-4B39372C6FC7-345x230.jpeg 345w\" sizes=\"auto, (max-width: 1280px) 100vw, 1280px\" \/><\/a><br \/>\nNa \u00faltima semana, um representante da empresa Hawk-Eye, que gerencia o VAR no futebol brasileiro, esteve no Soares de Azevedo para uma visita t\u00e9cnica com a finalidade consultar a possibilidade de o est\u00e1dio receber jogos que exigem a arbitragem por v\u00eddeo.<\/p>\n<p><!--more--><\/p>\n<p style=\"text-align: justify;\">E o est\u00e1dio foi considerado apto, apresentando as condi\u00e7\u00f5es necess\u00e1rias para a montagem da sala de v\u00eddeo e dos equipamentos, ensejando apenas algumas adapta\u00e7\u00f5es, consideradas f\u00e1ceis de serem executadas.<\/p>\n<p style=\"text-align: justify;\">A visita t\u00e9cnica foi solicitada pelo Tombense, que tinha o Soares de Azevedo como uma alternativa para mandar o jogo da final do Campeonato Mineiro contra o Atl\u00e9tico. No entanto, a partida est\u00e1 confirmada para Belo Horizonte, pois o regulamento da competi\u00e7\u00e3o prev\u00ea que a habilita\u00e7\u00e3o do VAR deveria ser feita at\u00e9 o fim da primeira fase.<\/p>\n<p style=\"text-align: justify;\">Apesar de n\u00e3o ser poss\u00edvel receber o jogo final do Mineiro, a diretoria do Nacional, que esteve representada pelo presidente Irineu J\u00fanior e pelo vice Jos\u00e9 Geraldo Pimentel durante a visita, ficou satisfeita ao tomar conhecimento que o est\u00e1dio Soares de Azevedo re\u00fane condi\u00e7\u00f5es de receber partidas com VAR, se colocando como op\u00e7\u00e3o futura para jogos que exijam o \u00e1rbitro de v\u00eddeo.<\/p>\n","protected":false},"excerpt":{"rendered":"<p>Na \u00faltima semana, um representante da empresa Hawk-Eye, que gerencia o VAR no futebol brasileiro, esteve no Soares de Azevedo para uma visita t\u00e9cnica com a finalidade consultar a possibilidade de o est\u00e1dio receber jogos que exigem a arbitragem por v\u00eddeo.<\/p>\n","protected":false},"author":6,"featured_media":0,"comment_status":"open","ping_status":"closed","sticky":false,"template":"","format":"standard","meta":{"_joinchat":[],"footnotes":""},"categories":[1],"tags":[],"class_list":["post-71928","post","type-post","status-publish","format-standard","hentry","category-sem-categoria"],"_links":{"self":[{"href":"http:\/\/folhadosudeste.com\/site\/index.php?rest_route=\/wp\/v2\/posts\/71928","targetHints":{"allow":["GET"]}}],"collection":[{"href":"http:\/\/folhadosudeste.com\/site\/index.php?rest_route=\/wp\/v2\/posts"}],"about":[{"href":"http:\/\/folhadosudeste.com\/site\/index.php?rest_route=\/wp\/v2\/types\/post"}],"author":[{"embeddable":true,"href":"http:\/\/folhadosudeste.com\/site\/index.php?rest_route=\/wp\/v2\/users\/6"}],"replies":[{"embeddable":true,"href":"http:\/\/folhadosudeste.com\/site\/index.php?rest_route=%2Fwp%2Fv2%2Fcomments&post=71928"}],"version-history":[{"count":1,"href":"http:\/\/folhadosudeste.com\/site\/index.php?rest_route=\/wp\/v2\/posts\/71928\/revisions"}],"predecessor-version":[{"id":71931,"href":"http:\/\/folhadosudeste.com\/site\/index.php?rest_route=\/wp\/v2\/posts\/71928\/revisions\/71931"}],"wp:attachment":[{"href":"http:\/\/folhadosudeste.com\/site\/index.php?rest_route=%2Fwp%2Fv2%2Fmedia&parent=71928"}],"wp:term":[{"taxonomy":"category","embeddable":true,"href":"http:\/\/folhadosudeste.com\/site\/index.php?rest_route=%2Fwp%2Fv2%2Fcategories&post=71928"},{"taxonomy":"post_tag","embeddable":true,"href":"http:\/\/folhadosudeste.com\/site\/index.php?rest_route=%2Fwp%2Fv2%2Ftags&post=71928"}],"curies":[{"name":"wp","href":"https:\/\/api.w.org\/{rel}","templated":true}]}}