{"id":71954,"date":"2020-08-19T23:44:33","date_gmt":"2020-08-19T23:44:33","guid":{"rendered":"http:\/\/folhadosudeste.com\/site\/?p=71954"},"modified":"2020-08-19T23:44:33","modified_gmt":"2020-08-19T23:44:33","slug":"energisa-inicia-entrega-de-ventiladores-pulmonares-para-o-tratamento-de-covid-19-em-hospitais","status":"publish","type":"post","link":"http:\/\/folhadosudeste.com\/site\/?p=71954","title":{"rendered":"Energisa inicia entrega de ventiladores pulmonares para o tratamento de Covid-19 em hospitais"},"content":{"rendered":"<p style=\"text-align: justify;\">A&nbsp;Energisa inicia a entrega nesta ter\u00e7a-feira (18\/08\/2020) dos 38 ventiladores pulmonares doados para o tratamento de Covid-19. Aqui em Minas Gerais ser\u00e3o distribu\u00eddos 18 equipamentos. A Casa de Caridade de Muria\u00e9 (Hospital S\u00e3o Paulo) \u00e9 uma das institui\u00e7\u00f5es beneficiadas com equipamentos. Mais quatro cidades de Minas receber\u00e3o os ventiladores \u2013 Cataguases, Leopoldina, Ub\u00e1 e Manhua\u00e7u, al\u00e9m de outros tr\u00eas estados onde a Energisa atua na distribui\u00e7\u00e3o de energia &#8211; Tocantins, Mato Grosso e Para\u00edba. A doa\u00e7\u00e3o, em parceria com a Federa\u00e7\u00e3o das Ind\u00fastrias de Minas Gerais (FIEMG), representa um avan\u00e7o em termos de inova\u00e7\u00e3o. Desenvolvidos com tecnologia 100% nacional em tempo recorde, os aparelhos s\u00e3o mais f\u00e1ceis de manusear e t\u00eam custo reduzido em rela\u00e7\u00e3o a modelos semelhantes do mercado.&nbsp;<\/p>\n<p style=\"text-align: justify;\"><a href=\"http:\/\/folhadosudeste.com\/site\/wp-content\/uploads\/2020\/08\/WhatsApp-Image-2020-08-18-at-17.54.08.jpeg\"><img loading=\"lazy\" decoding=\"async\" class=\"alignnone size-full wp-image-71955\" src=\"http:\/\/folhadosudeste.com\/site\/wp-content\/uploads\/2020\/08\/WhatsApp-Image-2020-08-18-at-17.54.08.jpeg\" alt=\"\" width=\"1032\" height=\"581\" srcset=\"http:\/\/folhadosudeste.com\/site\/wp-content\/uploads\/2020\/08\/WhatsApp-Image-2020-08-18-at-17.54.08.jpeg 1032w, http:\/\/folhadosudeste.com\/site\/wp-content\/uploads\/2020\/08\/WhatsApp-Image-2020-08-18-at-17.54.08-300x169.jpeg 300w, http:\/\/folhadosudeste.com\/site\/wp-content\/uploads\/2020\/08\/WhatsApp-Image-2020-08-18-at-17.54.08-768x432.jpeg 768w, http:\/\/folhadosudeste.com\/site\/wp-content\/uploads\/2020\/08\/WhatsApp-Image-2020-08-18-at-17.54.08-1024x576.jpeg 1024w\" sizes=\"auto, (max-width: 1032px) 100vw, 1032px\" \/><\/a><\/p>\n<p><!--more--><\/p>\n<p style=\"text-align: justify;\">Para esta iniciativa, a Energisa doou R$ 570 mil. Os recursos fazem parte do Movimento Energia do Bem, liderado pela empresa, que totaliza R$ 8 milh\u00f5es destinados a a\u00e7\u00f5es em diversas frentes de combate ao coronav\u00edrus.&nbsp;\u201cMais do que fornecer energia el\u00e9trica, temos um compromisso social com as comunidades onde estamos presentes. Nossa atua\u00e7\u00e3o se faz ainda mais necess\u00e1ria neste&nbsp;momento dif\u00edcil para todos\u201d, afirma Eduardo Alves Mantovani, diretor-presidente da Energisa Minas Gerais.&nbsp;&nbsp;&nbsp;<\/p>\n<p style=\"text-align: justify;\">Os ventiladores foram homologados pela&nbsp;Ag\u00eancia Nacional de Vigil\u00e2ncia Sanit\u00e1ria (Anvisa) e produzidos pela empresa mineira de solu\u00e7\u00f5es tecnol\u00f3gicas Tacom. O projeto envolveu uma equipe multidisciplinar incluindo m\u00e9dicos intensivistas, engenheiros, programadores e desenvolvedores. O equipamento est\u00e1 apto para ventilar pacientes com insufici\u00eancia respirat\u00f3ria que necessitam de apoio mec\u00e2nico.&nbsp;<\/p>\n<p style=\"text-align: justify;\">\u201cNos pa\u00edses mais atingidos, a falta de respiradores foi o principal motivo dos \u00f3bitos. Pensando nisso e na tentativa de salvar vidas, decidimos nos movimentar para desenvolver um novo modelo de ventilador pulmonar\u201d, comentou o&nbsp;Marco Ant\u00f4nio Tonussi, s\u00f3cio-propriet\u00e1rio da TACOM.&nbsp;&nbsp;<\/p>\n<p style=\"text-align: justify;\"><b>Movimento Energia do Bem<\/b>&nbsp;&nbsp;&nbsp;<\/p>\n<p style=\"text-align: justify;\">A rede de solidariedade liderada pelo Grupo Energisa tem parceria com entidades como Federa\u00e7\u00e3o das&nbsp;Ind\u00fastrias do Estado de Minas Gerais (FIEMG), Senai, Confedera\u00e7\u00e3o Nacional das Ind\u00fastrias (CNI) e Unesco. O engajamento promove a\u00e7\u00f5es inovadoras e com impacto nas comunidades onde a empresa est\u00e1 presente.&nbsp; O objetivo conjunto \u00e9 contribuir para minimizar o impacto da pandemia por meio e a\u00e7\u00f5es na \u00e1rea de sa\u00fade, assist\u00eancia social, educa\u00e7\u00e3o, cultura e comunica\u00e7\u00e3o.&nbsp;&nbsp;&nbsp;<\/p>\n<p style=\"text-align: justify;\">O Movimento Energia do Bem tamb\u00e9m apoia o pequeno empreendedor brasileiro. A Energisa doou R$ 1,9 milh\u00e3o ao Est\u00edmulo 2020 Minas Gerais, que oferece cr\u00e9dito barato e facilitado a micro e pequenas empresas da Zona da Mata e do Sul do estado.&nbsp;&nbsp;&nbsp;<\/p>\n<p style=\"text-align: justify;\">Na frente da sa\u00fade, a empresa fez diversas a\u00e7\u00f5es, como a doa\u00e7\u00e3o protetores faciais e m\u00e1scaras tipo N95 para hospitais.&nbsp;&nbsp;&nbsp;<\/p>\n<p style=\"text-align: justify;\">No campo da cultura, foram desenvolvidas a\u00e7\u00f5es como a realiza\u00e7\u00e3o do festival \u201cFique em Cena\u201d, com lives musicais para a arrecada\u00e7\u00e3o de recursos a artistas locais; e com exibi\u00e7\u00e3o gratuita de filmes na plataforma&nbsp;<a href=\"http:\/\/www.poloaudiovisual.tv\/\" target=\"_blank\" rel=\"noopener\" data-saferedirecturl=\"https:\/\/www.google.com\/url?q=http:\/\/www.poloaudiovisual.tv\/&amp;source=gmail&amp;ust=1597966925475000&amp;usg=AFQjCNHdjPpbZkH-FQvlF4V3s4TyEiRiHw\">www.<wbr>poloaudiovisual.tv<\/a>&nbsp;com produ\u00e7\u00f5es nacionais patrocinadas pela empresa no Polo Audiovisual da Zona da Mata (MG) e em outras regi\u00f5es.&nbsp;&nbsp;&nbsp;<\/p>\n<p style=\"text-align: justify;\"><b>Sobre a Energisa<\/b>&nbsp;&nbsp;&nbsp;<\/p>\n<p style=\"text-align: justify;\">Com 115 anos de hist\u00f3ria, o Grupo Energisa \u00e9 o 5\u00ba maior em distribui\u00e7\u00e3o de energia el\u00e9trica. Uma das primeiras empresas a abrir capital no Brasil, a companhia controla 11 distribuidoras em Minas Gerais, Para\u00edba, Rio de Janeiro, Sergipe, Mato Grosso, Mato Grosso do Sul, Tocantins, S\u00e3o Paulo, Paran\u00e1, Rond\u00f4nia e Acre. O Grupo atende a 7,8 milh\u00f5es de clientes (o que representa uma popula\u00e7\u00e3o atendida de aproximadamente 20 milh\u00f5es de pessoas) em 862 munic\u00edpios de todas as regi\u00f5es do Brasil, al\u00e9m de gerar cerca de 20,5 mil empregos diretos e indiretos.&nbsp;&nbsp;&nbsp;<\/p>\n<p style=\"text-align: justify;\">Com a miss\u00e3o de transformar energia em conforto, desenvolvimento e oportunidades de forma sustent\u00e1vel, respons\u00e1vel e \u00e9tica, a Energisa atua com um portf\u00f3lio diversificado que engloba distribui\u00e7\u00e3o, gera\u00e7\u00e3o, transmiss\u00e3o, servi\u00e7os para o setor el\u00e9trico (Energisa Solu\u00e7\u00f5es), servi\u00e7os especializados de Call Center (Multi Energisa), comercializa\u00e7\u00e3o de energia (Energisa Comercializadora) e solu\u00e7\u00f5es em energias renov\u00e1veis (Alsol).<\/p>\n","protected":false},"excerpt":{"rendered":"<p>A&nbsp;Energisa inicia a entrega nesta ter\u00e7a-feira (18\/08\/2020) dos 38 ventiladores pulmonares doados para o tratamento de Covid-19. Aqui em Minas Gerais ser\u00e3o distribu\u00eddos 18 equipamentos. A Casa de Caridade de Muria\u00e9 (Hospital S\u00e3o Paulo) \u00e9 uma das institui\u00e7\u00f5es beneficiadas com equipamentos. Mais quatro cidades de Minas receber\u00e3o os ventiladores \u2013 Cataguases, Leopoldina, Ub\u00e1 e Manhua\u00e7u, [&hellip;]<\/p>\n","protected":false},"author":6,"featured_media":0,"comment_status":"open","ping_status":"closed","sticky":false,"template":"","format":"standard","meta":{"_joinchat":[],"footnotes":""},"categories":[1],"tags":[],"class_list":["post-71954","post","type-post","status-publish","format-standard","hentry","category-sem-categoria"],"_links":{"self":[{"href":"http:\/\/folhadosudeste.com\/site\/index.php?rest_route=\/wp\/v2\/posts\/71954","targetHints":{"allow":["GET"]}}],"collection":[{"href":"http:\/\/folhadosudeste.com\/site\/index.php?rest_route=\/wp\/v2\/posts"}],"about":[{"href":"http:\/\/folhadosudeste.com\/site\/index.php?rest_route=\/wp\/v2\/types\/post"}],"author":[{"embeddable":true,"href":"http:\/\/folhadosudeste.com\/site\/index.php?rest_route=\/wp\/v2\/users\/6"}],"replies":[{"embeddable":true,"href":"http:\/\/folhadosudeste.com\/site\/index.php?rest_route=%2Fwp%2Fv2%2Fcomments&post=71954"}],"version-history":[{"count":1,"href":"http:\/\/folhadosudeste.com\/site\/index.php?rest_route=\/wp\/v2\/posts\/71954\/revisions"}],"predecessor-version":[{"id":71956,"href":"http:\/\/folhadosudeste.com\/site\/index.php?rest_route=\/wp\/v2\/posts\/71954\/revisions\/71956"}],"wp:attachment":[{"href":"http:\/\/folhadosudeste.com\/site\/index.php?rest_route=%2Fwp%2Fv2%2Fmedia&parent=71954"}],"wp:term":[{"taxonomy":"category","embeddable":true,"href":"http:\/\/folhadosudeste.com\/site\/index.php?rest_route=%2Fwp%2Fv2%2Fcategories&post=71954"},{"taxonomy":"post_tag","embeddable":true,"href":"http:\/\/folhadosudeste.com\/site\/index.php?rest_route=%2Fwp%2Fv2%2Ftags&post=71954"}],"curies":[{"name":"wp","href":"https:\/\/api.w.org\/{rel}","templated":true}]}}