{"id":71959,"date":"2020-08-19T23:47:56","date_gmt":"2020-08-19T23:47:56","guid":{"rendered":"http:\/\/folhadosudeste.com\/site\/?p=71959"},"modified":"2020-08-19T23:47:56","modified_gmt":"2020-08-19T23:47:56","slug":"governo-de-minas-coloca-academias-e-clubes-de-lazer-na-onda-amarela-de-flexibilizacao","status":"publish","type":"post","link":"http:\/\/folhadosudeste.com\/site\/?p=71959","title":{"rendered":"Governo de Minas coloca academias e clubes de lazer na Onda Amarela de flexibiliza\u00e7\u00e3o"},"content":{"rendered":"<p style=\"text-align: justify;\"><img decoding=\"async\" src=\"https:\/\/www.itatiaia.com.br\/admin\/Conteudo\/noticias\/146049\/original\/jose-cruz-agencia-br.jpg?width=650\" alt=\"Jos\u00e9 Cruz\/Ag\u00eancia Brasil\"><\/p>\n<p style=\"text-align: justify;\"><em>Escolas de atividades esportivas tamb\u00e9m v\u00e3o migrar para a Onda Amarela, assim como ag\u00eancias de viagem; determina\u00e7\u00e3o vale apenas para as cidades que aderiram ao programa<\/em><\/p>\n<p style=\"text-align: justify;\">As academias de gin\u00e1stica e clubes v\u00e3o para a Onda Amarela do programa Minas Consciente. Atualmente, elas est\u00e3o na Onda Verde, que \u00e9 a mais abrangente e na qual n\u00e3o h\u00e1 nenhuma cidade no momento. Para a reabertura, ser\u00e3o adotadas normas espec\u00edficas e mais r\u00edgidas de distanciamento. O pedido da Associa\u00e7\u00e3o Mineira de Munic\u00edpios foi aprovado nesta quarta-feira pela equipe do programa. A informa\u00e7\u00e3o foi adiantada pela reportagem da Itatiaia.<\/p>\n<p style=\"text-align: justify;\">As escolas de atividades esportivas, como futebol e nata\u00e7\u00e3o tamb\u00e9m ser\u00e3o liberadas para as cidades que estiverem aderido ao Minas Consciente e est\u00e3o na Onda Amarela. As ag\u00eancias de viagem tamb\u00e9m ser\u00e3o autorizadas a funcionar. A altera\u00e7\u00e3o deve ser publicada nesta quinta-feira (20) e as mudan\u00e7as come\u00e7am a valer a partir de s\u00e1bado (22).<\/p>\n<p><!--more--><\/p>\n<p style=\"text-align: justify;\">Atualmente, est\u00e3o na Onda Vermelha: Noroeste, Centro, Vale do A\u00e7o, Jequitinhnha e Nordeste. Na onda Amarela est\u00e3o: Norte, Sul, Tri\u00e2ngulo do Norte, Tri\u00e2ngulo do Sul, Oeste, Centro-Sul, Leste do Sul e Leste. Nenhuma regi\u00e3o est\u00e1 na Onda Verde. Dos 853 munic\u00edpios mineiros, 533 aderiram ao programa Minas Consciente. <strong>Fonte:&nbsp;www.itatiaia.com.br<\/strong><\/p>\n","protected":false},"excerpt":{"rendered":"<p>Escolas de atividades esportivas tamb\u00e9m v\u00e3o migrar para a Onda Amarela, assim como ag\u00eancias de viagem; determina\u00e7\u00e3o vale apenas para as cidades que aderiram ao programa As academias de gin\u00e1stica e clubes v\u00e3o para a Onda Amarela do programa Minas Consciente. Atualmente, elas est\u00e3o na Onda Verde, que \u00e9 a mais abrangente e na qual [&hellip;]<\/p>\n","protected":false},"author":6,"featured_media":0,"comment_status":"open","ping_status":"closed","sticky":false,"template":"","format":"standard","meta":{"_joinchat":[],"footnotes":""},"categories":[1],"tags":[],"class_list":["post-71959","post","type-post","status-publish","format-standard","hentry","category-sem-categoria"],"_links":{"self":[{"href":"http:\/\/folhadosudeste.com\/site\/index.php?rest_route=\/wp\/v2\/posts\/71959","targetHints":{"allow":["GET"]}}],"collection":[{"href":"http:\/\/folhadosudeste.com\/site\/index.php?rest_route=\/wp\/v2\/posts"}],"about":[{"href":"http:\/\/folhadosudeste.com\/site\/index.php?rest_route=\/wp\/v2\/types\/post"}],"author":[{"embeddable":true,"href":"http:\/\/folhadosudeste.com\/site\/index.php?rest_route=\/wp\/v2\/users\/6"}],"replies":[{"embeddable":true,"href":"http:\/\/folhadosudeste.com\/site\/index.php?rest_route=%2Fwp%2Fv2%2Fcomments&post=71959"}],"version-history":[{"count":1,"href":"http:\/\/folhadosudeste.com\/site\/index.php?rest_route=\/wp\/v2\/posts\/71959\/revisions"}],"predecessor-version":[{"id":71960,"href":"http:\/\/folhadosudeste.com\/site\/index.php?rest_route=\/wp\/v2\/posts\/71959\/revisions\/71960"}],"wp:attachment":[{"href":"http:\/\/folhadosudeste.com\/site\/index.php?rest_route=%2Fwp%2Fv2%2Fmedia&parent=71959"}],"wp:term":[{"taxonomy":"category","embeddable":true,"href":"http:\/\/folhadosudeste.com\/site\/index.php?rest_route=%2Fwp%2Fv2%2Fcategories&post=71959"},{"taxonomy":"post_tag","embeddable":true,"href":"http:\/\/folhadosudeste.com\/site\/index.php?rest_route=%2Fwp%2Fv2%2Ftags&post=71959"}],"curies":[{"name":"wp","href":"https:\/\/api.w.org\/{rel}","templated":true}]}}