{"id":71967,"date":"2020-08-24T16:58:49","date_gmt":"2020-08-24T16:58:49","guid":{"rendered":"http:\/\/folhadosudeste.com\/site\/?p=71967"},"modified":"2020-08-24T16:58:49","modified_gmt":"2020-08-24T16:58:49","slug":"modulo-ii-tem-data-de-retorno-definida","status":"publish","type":"post","link":"http:\/\/folhadosudeste.com\/site\/?p=71967","title":{"rendered":"M\u00f3dulo II tem data de retorno definida"},"content":{"rendered":"<p><img decoding=\"async\" src=\"https:\/\/www.silvanalves.com.br\/portal\/wp-content\/uploads\/2019\/05\/NAC111_707x430-707x405.jpg\" alt=\"Nacional de Muria\u00e9 perde 1 Mando de Campo e ainda recebe multas ...\"><\/p>\n<p style=\"text-align: justify;\">10 de outubro. Essa \u00e9 a data definida para a retomada do Campeonato Mineiro do M\u00f3dulo II. A decis\u00e3o ocorreu em reuni\u00e3o realizada por videoconfer\u00eancia na tarde desta segunda-feira, que contou com as participa\u00e7\u00f5es de representantes dos 12 clubes participantes e da Federa\u00e7\u00e3o Mineira de Futebol.<\/p>\n<p style=\"text-align: justify;\">O M\u00f3dulo II est\u00e1 paralisado desde o dia 16 de mar\u00e7o, ap\u00f3s a disputa da 6\u00aa rodada da primeira fase. Portanto, restam cinco rodadas da fase inicial e mais seis do Quadrangular Final. A tabela detalhada ser\u00e1 divulgada em breve, mas a previs\u00e3o \u00e9 de que a competi\u00e7\u00e3o termine no final de novembro.<\/p>\n<p><!--more--><\/p>\n<p style=\"text-align: justify;\">O retorno ser\u00e1 feito seguindo um rigoroso protocolo de seguran\u00e7a e os clubes ter\u00e3o que arcar com os testes de Covid-19 exigidos. A princ\u00edpio, os protocolos ser\u00e3o os mesmos que foram aplicados no M\u00f3dulo I, inclusive com as partidas sendo realizadas com port\u00f5es fechados.<\/p>\n<p style=\"text-align: justify;\">Pelo tempo de paralisa\u00e7\u00e3o, ficou decidido que as inscri\u00e7\u00f5es de jogadores ser\u00e3o \u201clivres\u201d. Ou seja, os clubes poder\u00e3o inscrever at\u00e9 30 atletas, sem precisar considerar a lista inicial, do come\u00e7o do campeonato. A \u00fanica ressalva \u00e9 de que um atleta que j\u00e1 jogou por uma equipe, n\u00e3o poder\u00e1 ser inscrito por outro clube.<\/p>\n<p style=\"text-align: justify;\">Por sua vez, est\u00e1 mantido o modo de disputa, com a fase final sendo disputada como quadrangular, com as quatro equipes se enfrentando em jogos de ida e volta.<\/p>\n<p style=\"text-align: justify;\">Quando a competi\u00e7\u00e3o foi paralisada, o Nacional ocupava a vice-lideran\u00e7a do M\u00f3dulo II, com 11 pontos. A pr\u00f3xima partida da equipe ser\u00e1 diante do Betim, fora de casa.<\/p>\n<p style=\"text-align: justify;\">Em breve, o clube vai divulgar a programa\u00e7\u00e3o de retorno aos treinamentos, sempre tendo em vista a seguran\u00e7a de jogadores, comiss\u00e3o t\u00e9cnica e demais funcion\u00e1rios.<\/p>\n","protected":false},"excerpt":{"rendered":"<p>10 de outubro. Essa \u00e9 a data definida para a retomada do Campeonato Mineiro do M\u00f3dulo II. A decis\u00e3o ocorreu em reuni\u00e3o realizada por videoconfer\u00eancia na tarde desta segunda-feira, que contou com as participa\u00e7\u00f5es de representantes dos 12 clubes participantes e da Federa\u00e7\u00e3o Mineira de Futebol. O M\u00f3dulo II est\u00e1 paralisado desde o dia 16 [&hellip;]<\/p>\n","protected":false},"author":6,"featured_media":0,"comment_status":"open","ping_status":"closed","sticky":false,"template":"","format":"standard","meta":{"_joinchat":[],"footnotes":""},"categories":[1],"tags":[],"class_list":["post-71967","post","type-post","status-publish","format-standard","hentry","category-sem-categoria"],"_links":{"self":[{"href":"http:\/\/folhadosudeste.com\/site\/index.php?rest_route=\/wp\/v2\/posts\/71967","targetHints":{"allow":["GET"]}}],"collection":[{"href":"http:\/\/folhadosudeste.com\/site\/index.php?rest_route=\/wp\/v2\/posts"}],"about":[{"href":"http:\/\/folhadosudeste.com\/site\/index.php?rest_route=\/wp\/v2\/types\/post"}],"author":[{"embeddable":true,"href":"http:\/\/folhadosudeste.com\/site\/index.php?rest_route=\/wp\/v2\/users\/6"}],"replies":[{"embeddable":true,"href":"http:\/\/folhadosudeste.com\/site\/index.php?rest_route=%2Fwp%2Fv2%2Fcomments&post=71967"}],"version-history":[{"count":1,"href":"http:\/\/folhadosudeste.com\/site\/index.php?rest_route=\/wp\/v2\/posts\/71967\/revisions"}],"predecessor-version":[{"id":71968,"href":"http:\/\/folhadosudeste.com\/site\/index.php?rest_route=\/wp\/v2\/posts\/71967\/revisions\/71968"}],"wp:attachment":[{"href":"http:\/\/folhadosudeste.com\/site\/index.php?rest_route=%2Fwp%2Fv2%2Fmedia&parent=71967"}],"wp:term":[{"taxonomy":"category","embeddable":true,"href":"http:\/\/folhadosudeste.com\/site\/index.php?rest_route=%2Fwp%2Fv2%2Fcategories&post=71967"},{"taxonomy":"post_tag","embeddable":true,"href":"http:\/\/folhadosudeste.com\/site\/index.php?rest_route=%2Fwp%2Fv2%2Ftags&post=71967"}],"curies":[{"name":"wp","href":"https:\/\/api.w.org\/{rel}","templated":true}]}}