{"id":71969,"date":"2020-08-24T16:59:51","date_gmt":"2020-08-24T16:59:51","guid":{"rendered":"http:\/\/folhadosudeste.com\/site\/?p=71969"},"modified":"2020-08-24T16:59:51","modified_gmt":"2020-08-24T16:59:51","slug":"atacante-pedrinho-vai-reforcar-o-nac-no-retorno-do-modulo-ii","status":"publish","type":"post","link":"http:\/\/folhadosudeste.com\/site\/?p=71969","title":{"rendered":"Atacante Pedrinho vai refor\u00e7ar o NAC no retorno do M\u00f3dulo II"},"content":{"rendered":"<p><a href=\"http:\/\/folhadosudeste.com\/site\/wp-content\/uploads\/2020\/08\/WhatsApp-Image-2020-08-24-at-10.23.48.jpeg\"><img loading=\"lazy\" decoding=\"async\" class=\"alignnone size-full wp-image-71970\" src=\"http:\/\/folhadosudeste.com\/site\/wp-content\/uploads\/2020\/08\/WhatsApp-Image-2020-08-24-at-10.23.48.jpeg\" alt=\"\" width=\"1080\" height=\"1080\" srcset=\"http:\/\/folhadosudeste.com\/site\/wp-content\/uploads\/2020\/08\/WhatsApp-Image-2020-08-24-at-10.23.48.jpeg 1080w, http:\/\/folhadosudeste.com\/site\/wp-content\/uploads\/2020\/08\/WhatsApp-Image-2020-08-24-at-10.23.48-150x150.jpeg 150w, http:\/\/folhadosudeste.com\/site\/wp-content\/uploads\/2020\/08\/WhatsApp-Image-2020-08-24-at-10.23.48-300x300.jpeg 300w, http:\/\/folhadosudeste.com\/site\/wp-content\/uploads\/2020\/08\/WhatsApp-Image-2020-08-24-at-10.23.48-768x768.jpeg 768w, http:\/\/folhadosudeste.com\/site\/wp-content\/uploads\/2020\/08\/WhatsApp-Image-2020-08-24-at-10.23.48-1024x1024.jpeg 1024w\" sizes=\"auto, (max-width: 1080px) 100vw, 1080px\" \/><\/a><\/p>\n<p style=\"text-align: justify;\">J\u00e1 visando a retomada do Campeonato Mineiro do M\u00f3dulo II, prevista para o dia 10 de outubro, o Nacional acertou a contrata\u00e7\u00e3o do centroavante Pedrinho, de 25 anos.<\/p>\n<p style=\"text-align: justify;\">Pedrinho estava defendendo o Sergipe, clube pelo qual atuou pela \u00faltima vez na \u00faltima sexta-feira, dia 14 de agosto.<\/p>\n<p style=\"text-align: justify;\">No segundo semestre do ano passado, jogou pelo Atl\u00e9tico\/GO na S\u00e9rie B do Campeonato Brasileiro.<\/p>\n<p style=\"text-align: justify;\">O atacante, que jogou nas categorias de base do Internacional, tem passagens ainda por v\u00e1rios clubes mineiros e acumula experi\u00eancias bem sucedidas no M\u00f3dulo II: foi campe\u00e3o em 2017 pelo Patrocinense e em 2018 pelo Guarani, quando foi dirigido pelo treinador Gian Rodrigues, com quem vai se reencontrar no NAC.<\/p>\n<p><!--more--><\/p>\n<p style=\"text-align: justify;\">O Nacional come\u00e7a a prepara\u00e7\u00e3o para o rein\u00edcio do M\u00f3dulo II no dia 3 de setembro, data que est\u00e1 marcada a apresenta\u00e7\u00e3o dos atletas. O time ocupa a vice-lideran\u00e7a da competi\u00e7\u00e3o, com 11 pontos em seis rodadas disputadas.<\/p>\n<p style=\"text-align: justify;\">\nFICHA T\u00c9CNICA<br \/>\nPEDRINHO<br \/>\nNome Completo: Pedro Felipe Ferreira Santos<br \/>\nPosi\u00e7\u00e3o: Centroavante<br \/>\nIdade: 25 anos (23\/11\/1994)<br \/>\nAltura: 1,86<br \/>\nClubes: Sergipe\/SE (20 e base); Atl\u00e9tico\/GO (19); Guarani\/MG (18-19); Pouso Alegre\/MG (18); Abecat\/GO (17); Patrocinense\/MG (17); Formosa\/DF (17); URT\/MG (16); CAP Uberl\u00e2ndia\/MG (16); Boa Esporte\/MG (15); Inter\/RS (base); CEC\/SE (base)<\/p>\n","protected":false},"excerpt":{"rendered":"<p>J\u00e1 visando a retomada do Campeonato Mineiro do M\u00f3dulo II, prevista para o dia 10 de outubro, o Nacional acertou a contrata\u00e7\u00e3o do centroavante Pedrinho, de 25 anos. Pedrinho estava defendendo o Sergipe, clube pelo qual atuou pela \u00faltima vez na \u00faltima sexta-feira, dia 14 de agosto. No segundo semestre do ano passado, jogou pelo [&hellip;]<\/p>\n","protected":false},"author":6,"featured_media":0,"comment_status":"open","ping_status":"closed","sticky":false,"template":"","format":"standard","meta":{"_joinchat":[],"footnotes":""},"categories":[1],"tags":[],"class_list":["post-71969","post","type-post","status-publish","format-standard","hentry","category-sem-categoria"],"_links":{"self":[{"href":"http:\/\/folhadosudeste.com\/site\/index.php?rest_route=\/wp\/v2\/posts\/71969","targetHints":{"allow":["GET"]}}],"collection":[{"href":"http:\/\/folhadosudeste.com\/site\/index.php?rest_route=\/wp\/v2\/posts"}],"about":[{"href":"http:\/\/folhadosudeste.com\/site\/index.php?rest_route=\/wp\/v2\/types\/post"}],"author":[{"embeddable":true,"href":"http:\/\/folhadosudeste.com\/site\/index.php?rest_route=\/wp\/v2\/users\/6"}],"replies":[{"embeddable":true,"href":"http:\/\/folhadosudeste.com\/site\/index.php?rest_route=%2Fwp%2Fv2%2Fcomments&post=71969"}],"version-history":[{"count":1,"href":"http:\/\/folhadosudeste.com\/site\/index.php?rest_route=\/wp\/v2\/posts\/71969\/revisions"}],"predecessor-version":[{"id":71971,"href":"http:\/\/folhadosudeste.com\/site\/index.php?rest_route=\/wp\/v2\/posts\/71969\/revisions\/71971"}],"wp:attachment":[{"href":"http:\/\/folhadosudeste.com\/site\/index.php?rest_route=%2Fwp%2Fv2%2Fmedia&parent=71969"}],"wp:term":[{"taxonomy":"category","embeddable":true,"href":"http:\/\/folhadosudeste.com\/site\/index.php?rest_route=%2Fwp%2Fv2%2Fcategories&post=71969"},{"taxonomy":"post_tag","embeddable":true,"href":"http:\/\/folhadosudeste.com\/site\/index.php?rest_route=%2Fwp%2Fv2%2Ftags&post=71969"}],"curies":[{"name":"wp","href":"https:\/\/api.w.org\/{rel}","templated":true}]}}