{"id":71972,"date":"2020-08-24T17:01:58","date_gmt":"2020-08-24T17:01:58","guid":{"rendered":"http:\/\/folhadosudeste.com\/site\/?p=71972"},"modified":"2020-08-24T17:01:58","modified_gmt":"2020-08-24T17:01:58","slug":"nacional-contrata-meia-atacante-danielzinho","status":"publish","type":"post","link":"http:\/\/folhadosudeste.com\/site\/?p=71972","title":{"rendered":"Nacional contrata meia-atacante Danielzinho"},"content":{"rendered":"<p><a href=\"http:\/\/folhadosudeste.com\/site\/wp-content\/uploads\/2020\/08\/4394ab8a-68c9-4d9e-80af-5812623ac6cd.jpeg\"><img loading=\"lazy\" decoding=\"async\" class=\"alignnone size-full wp-image-71973\" src=\"http:\/\/folhadosudeste.com\/site\/wp-content\/uploads\/2020\/08\/4394ab8a-68c9-4d9e-80af-5812623ac6cd.jpeg\" alt=\"\" width=\"1080\" height=\"1080\" srcset=\"http:\/\/folhadosudeste.com\/site\/wp-content\/uploads\/2020\/08\/4394ab8a-68c9-4d9e-80af-5812623ac6cd.jpeg 1080w, http:\/\/folhadosudeste.com\/site\/wp-content\/uploads\/2020\/08\/4394ab8a-68c9-4d9e-80af-5812623ac6cd-150x150.jpeg 150w, http:\/\/folhadosudeste.com\/site\/wp-content\/uploads\/2020\/08\/4394ab8a-68c9-4d9e-80af-5812623ac6cd-300x300.jpeg 300w, http:\/\/folhadosudeste.com\/site\/wp-content\/uploads\/2020\/08\/4394ab8a-68c9-4d9e-80af-5812623ac6cd-768x768.jpeg 768w, http:\/\/folhadosudeste.com\/site\/wp-content\/uploads\/2020\/08\/4394ab8a-68c9-4d9e-80af-5812623ac6cd-1024x1024.jpeg 1024w\" sizes=\"auto, (max-width: 1080px) 100vw, 1080px\" \/><\/a><\/p>\n<p style=\"text-align: justify;\">Mais um refor\u00e7o confirmado no Nacional para o rein\u00edcio do Campeonato Mineiro do M\u00f3dulo II: o meia-atacante Danielzinho, de 23 anos.<\/p>\n<p style=\"text-align: justify;\">Danielzinho disputou a elite do Mineiro nesta temporada, tendo realizado nove jogos pelo Patrocinense, clube que defendeu tamb\u00e9m na S\u00e9rie D do Campeonato Brasileiro no ano passado.<\/p>\n<p style=\"text-align: justify;\">Com experi\u00eancia no futebol mineiro, o meia-atacante conhece bem o M\u00f3dulo II e vai para a sua quarta participa\u00e7\u00e3o na competi\u00e7\u00e3o: antes, defendeu Boa Esporte (2017), Ipatinga (2018) e CAP Uberl\u00e2ndia (2019).<\/p>\n<p><!--more--><\/p>\n<p style=\"text-align: justify;\">At\u00e9 agora, o NAC j\u00e1 confirmou dois refor\u00e7os para o retorno do M\u00f3dulo II, que est\u00e1 previsto para o dia 10 de outubro: al\u00e9m de Danielzinho, o centroavante Pedrinho tamb\u00e9m est\u00e1 fechado com a equipe.<\/p>\n<p style=\"text-align: justify;\">A apresenta\u00e7\u00e3o est\u00e1 prevista para o dia 3 de setembro. Em breve, o clube divulgar\u00e1 a programa\u00e7\u00e3o completa e tamb\u00e9m o elenco atualizado.<\/p>\n<p style=\"text-align: justify;\">FICHA T\u00c9CNICA<br \/>\nDANIELZINHO<br \/>\nNome Completo: Daniel de Azevedo Menezes<br \/>\nPosi\u00e7\u00e3o: Meia \/ Atacante<br \/>\nIdade: 23 anos (25\/09\/1996)<br \/>\nClubes: Patrocinense\/MG (19-20 e 16); Atl\u00e9tico-TC\/MG (19); CAP Uberl\u00e2ndia\/MG (19); Comercial\/SP (18); Ipatinga\/MG (17-18); Boa Esporte\/MG (17); Arax\u00e1\/MG (base); Funorte\/MG (base); Montes Claros\/MG (15 e base)<\/p>\n","protected":false},"excerpt":{"rendered":"<p>Mais um refor\u00e7o confirmado no Nacional para o rein\u00edcio do Campeonato Mineiro do M\u00f3dulo II: o meia-atacante Danielzinho, de 23 anos. Danielzinho disputou a elite do Mineiro nesta temporada, tendo realizado nove jogos pelo Patrocinense, clube que defendeu tamb\u00e9m na S\u00e9rie D do Campeonato Brasileiro no ano passado. Com experi\u00eancia no futebol mineiro, o meia-atacante [&hellip;]<\/p>\n","protected":false},"author":6,"featured_media":0,"comment_status":"open","ping_status":"closed","sticky":false,"template":"","format":"standard","meta":{"_joinchat":[],"footnotes":""},"categories":[1],"tags":[],"class_list":["post-71972","post","type-post","status-publish","format-standard","hentry","category-sem-categoria"],"_links":{"self":[{"href":"http:\/\/folhadosudeste.com\/site\/index.php?rest_route=\/wp\/v2\/posts\/71972","targetHints":{"allow":["GET"]}}],"collection":[{"href":"http:\/\/folhadosudeste.com\/site\/index.php?rest_route=\/wp\/v2\/posts"}],"about":[{"href":"http:\/\/folhadosudeste.com\/site\/index.php?rest_route=\/wp\/v2\/types\/post"}],"author":[{"embeddable":true,"href":"http:\/\/folhadosudeste.com\/site\/index.php?rest_route=\/wp\/v2\/users\/6"}],"replies":[{"embeddable":true,"href":"http:\/\/folhadosudeste.com\/site\/index.php?rest_route=%2Fwp%2Fv2%2Fcomments&post=71972"}],"version-history":[{"count":1,"href":"http:\/\/folhadosudeste.com\/site\/index.php?rest_route=\/wp\/v2\/posts\/71972\/revisions"}],"predecessor-version":[{"id":71974,"href":"http:\/\/folhadosudeste.com\/site\/index.php?rest_route=\/wp\/v2\/posts\/71972\/revisions\/71974"}],"wp:attachment":[{"href":"http:\/\/folhadosudeste.com\/site\/index.php?rest_route=%2Fwp%2Fv2%2Fmedia&parent=71972"}],"wp:term":[{"taxonomy":"category","embeddable":true,"href":"http:\/\/folhadosudeste.com\/site\/index.php?rest_route=%2Fwp%2Fv2%2Fcategories&post=71972"},{"taxonomy":"post_tag","embeddable":true,"href":"http:\/\/folhadosudeste.com\/site\/index.php?rest_route=%2Fwp%2Fv2%2Ftags&post=71972"}],"curies":[{"name":"wp","href":"https:\/\/api.w.org\/{rel}","templated":true}]}}