{"id":71982,"date":"2020-08-24T17:15:12","date_gmt":"2020-08-24T17:15:12","guid":{"rendered":"http:\/\/folhadosudeste.com\/site\/?p=71982"},"modified":"2020-08-24T17:15:12","modified_gmt":"2020-08-24T17:15:12","slug":"vice-governador-paulo-brant-em-muriae-na-terca","status":"publish","type":"post","link":"http:\/\/folhadosudeste.com\/site\/?p=71982","title":{"rendered":"Vice-governador Paulo Brant em Muria\u00e9 na ter\u00e7a"},"content":{"rendered":"<p><img decoding=\"async\" src=\"https:\/\/portalmatasdeminas.com.br\/wp-content\/uploads\/2020\/08\/91365379_1252213001643662_1740193655961944064_n_665x530.jpg.webp\"><\/p>\n<p style=\"text-align: justify;\">O Vice-Governador de Minas Gerais, Paulo Brant, acompanhado do secret\u00e1rio adjunto de Desenvolvimento Econ\u00f4mico, Fernando Passalio, estar\u00e1 em Muria\u00e9, nesta ter\u00e7a-feira, (25\/8). Na programa\u00e7\u00e3o est\u00e1 visita a Associa\u00e7\u00e3o de Pais e Amigos dos Excepcionais de Muria\u00e9 (APAE), o Hospital do C\u00e2ncer\/Funda\u00e7\u00e3o Cristiano Varella, no Grupo L\u00edder onde encontrar\u00e1 com empres\u00e1rios locais e ainda uma visita \u00e0 zona rural de Bar\u00e3o do Monte Alto. O vice-governador tamb\u00e9m dar\u00e1 um entrevista coletiva.<strong> Fonte: Silvan Alves<\/strong><\/p>\n","protected":false},"excerpt":{"rendered":"<p>O Vice-Governador de Minas Gerais, Paulo Brant, acompanhado do secret\u00e1rio adjunto de Desenvolvimento Econ\u00f4mico, Fernando Passalio, estar\u00e1 em Muria\u00e9, nesta ter\u00e7a-feira, (25\/8). Na programa\u00e7\u00e3o est\u00e1 visita a Associa\u00e7\u00e3o de Pais e Amigos dos Excepcionais de Muria\u00e9 (APAE), o Hospital do C\u00e2ncer\/Funda\u00e7\u00e3o Cristiano Varella, no Grupo L\u00edder onde encontrar\u00e1 com empres\u00e1rios locais e ainda uma visita [&hellip;]<\/p>\n","protected":false},"author":6,"featured_media":0,"comment_status":"open","ping_status":"closed","sticky":false,"template":"","format":"standard","meta":{"_joinchat":[],"footnotes":""},"categories":[1],"tags":[],"class_list":["post-71982","post","type-post","status-publish","format-standard","hentry","category-sem-categoria"],"_links":{"self":[{"href":"http:\/\/folhadosudeste.com\/site\/index.php?rest_route=\/wp\/v2\/posts\/71982","targetHints":{"allow":["GET"]}}],"collection":[{"href":"http:\/\/folhadosudeste.com\/site\/index.php?rest_route=\/wp\/v2\/posts"}],"about":[{"href":"http:\/\/folhadosudeste.com\/site\/index.php?rest_route=\/wp\/v2\/types\/post"}],"author":[{"embeddable":true,"href":"http:\/\/folhadosudeste.com\/site\/index.php?rest_route=\/wp\/v2\/users\/6"}],"replies":[{"embeddable":true,"href":"http:\/\/folhadosudeste.com\/site\/index.php?rest_route=%2Fwp%2Fv2%2Fcomments&post=71982"}],"version-history":[{"count":1,"href":"http:\/\/folhadosudeste.com\/site\/index.php?rest_route=\/wp\/v2\/posts\/71982\/revisions"}],"predecessor-version":[{"id":71983,"href":"http:\/\/folhadosudeste.com\/site\/index.php?rest_route=\/wp\/v2\/posts\/71982\/revisions\/71983"}],"wp:attachment":[{"href":"http:\/\/folhadosudeste.com\/site\/index.php?rest_route=%2Fwp%2Fv2%2Fmedia&parent=71982"}],"wp:term":[{"taxonomy":"category","embeddable":true,"href":"http:\/\/folhadosudeste.com\/site\/index.php?rest_route=%2Fwp%2Fv2%2Fcategories&post=71982"},{"taxonomy":"post_tag","embeddable":true,"href":"http:\/\/folhadosudeste.com\/site\/index.php?rest_route=%2Fwp%2Fv2%2Ftags&post=71982"}],"curies":[{"name":"wp","href":"https:\/\/api.w.org\/{rel}","templated":true}]}}