{"id":71984,"date":"2020-08-25T15:08:51","date_gmt":"2020-08-25T15:08:51","guid":{"rendered":"http:\/\/folhadosudeste.com\/site\/?p=71984"},"modified":"2020-08-25T15:08:51","modified_gmt":"2020-08-25T15:08:51","slug":"nacional-consegue-liberacao-para-treinamentos-a-partir-de-setembro","status":"publish","type":"post","link":"http:\/\/folhadosudeste.com\/site\/?p=71984","title":{"rendered":"Nacional consegue libera\u00e7\u00e3o para treinamentos a partir de setembro"},"content":{"rendered":"<p><a href=\"http:\/\/folhadosudeste.com\/site\/wp-content\/uploads\/2020\/08\/a50045f5-8498-47fb-9f78-3da0db49e04b.jpeg\"><img loading=\"lazy\" decoding=\"async\" class=\"alignnone size-full wp-image-71985\" src=\"http:\/\/folhadosudeste.com\/site\/wp-content\/uploads\/2020\/08\/a50045f5-8498-47fb-9f78-3da0db49e04b.jpeg\" alt=\"\" width=\"1080\" height=\"810\" srcset=\"http:\/\/folhadosudeste.com\/site\/wp-content\/uploads\/2020\/08\/a50045f5-8498-47fb-9f78-3da0db49e04b.jpeg 1080w, http:\/\/folhadosudeste.com\/site\/wp-content\/uploads\/2020\/08\/a50045f5-8498-47fb-9f78-3da0db49e04b-300x225.jpeg 300w, http:\/\/folhadosudeste.com\/site\/wp-content\/uploads\/2020\/08\/a50045f5-8498-47fb-9f78-3da0db49e04b-768x576.jpeg 768w, http:\/\/folhadosudeste.com\/site\/wp-content\/uploads\/2020\/08\/a50045f5-8498-47fb-9f78-3da0db49e04b-1024x768.jpeg 1024w\" sizes=\"auto, (max-width: 1080px) 100vw, 1080px\" \/><\/a><\/p>\n<p style=\"text-align: justify;\">O Comit\u00ea Extraordin\u00e1rio de enfrentamento a Covid-19 em Muria\u00e9 deferiu o requerimento do Nacional e autorizou os treinos no CT do est\u00e1dio Soares de Azevedo a partir do dia 3 de setembro, data marcada para apresenta\u00e7\u00e3o dos jogadores e comiss\u00e3o t\u00e9cnica visando o rein\u00edcio do Campeonato Mineiro do M\u00f3dulo II.<\/p>\n<p style=\"text-align: justify;\">No documento de autoriza\u00e7\u00e3o est\u00e3o elencadas medidas a serem tomadas pelo clube para evitar a propaga\u00e7\u00e3o do novo coronav\u00edrus, dentre elas:<\/p>\n<p><!--more--><\/p>\n<p style=\"text-align: justify;\">&#8211; Impedir o acesso do p\u00fablico aos treinos;<br \/>\n&#8211; Controlar o acesso ao local, permitindo o ingresso de pessoas somente com uso de m\u00e1scara;<br \/>\n&#8211; Aferir temperatura de todos antes de acessarem o local;<br \/>\n&#8211; Garantir a devida higieniza\u00e7\u00e3o de m\u00e3os e equipamentos necess\u00e1rios aos treinamentos antes e ap\u00f3s cada uso;<br \/>\n&#8211; Fornecer \u00e1lcool gel a todos os envolvidos no treino;<br \/>\n&#8211; Promover medidas de assepsia das superf\u00edcies, como desinfec\u00e7\u00e3o de mesas, cadeiras, corrim\u00f5es e outras superf\u00edcies e instrumentos de uso comum&#8230;<\/p>\n<p style=\"text-align: justify;\">A diretoria do Nacional Atl\u00e9tico Clube agradece ao Comit\u00ea e reitera o compromisso em cumprir com todas as medidas de seguran\u00e7a necess\u00e1rias, respeitando tamb\u00e9m os protocolos institu\u00eddos pela Federa\u00e7\u00e3o Mineira de Futebol e pela Confedera\u00e7\u00e3o Brasileira de Futebol.<\/p>\n","protected":false},"excerpt":{"rendered":"<p>O Comit\u00ea Extraordin\u00e1rio de enfrentamento a Covid-19 em Muria\u00e9 deferiu o requerimento do Nacional e autorizou os treinos no CT do est\u00e1dio Soares de Azevedo a partir do dia 3 de setembro, data marcada para apresenta\u00e7\u00e3o dos jogadores e comiss\u00e3o t\u00e9cnica visando o rein\u00edcio do Campeonato Mineiro do M\u00f3dulo II. No documento de autoriza\u00e7\u00e3o est\u00e3o [&hellip;]<\/p>\n","protected":false},"author":6,"featured_media":0,"comment_status":"open","ping_status":"closed","sticky":false,"template":"","format":"standard","meta":{"_joinchat":[],"footnotes":""},"categories":[1],"tags":[],"class_list":["post-71984","post","type-post","status-publish","format-standard","hentry","category-sem-categoria"],"_links":{"self":[{"href":"http:\/\/folhadosudeste.com\/site\/index.php?rest_route=\/wp\/v2\/posts\/71984","targetHints":{"allow":["GET"]}}],"collection":[{"href":"http:\/\/folhadosudeste.com\/site\/index.php?rest_route=\/wp\/v2\/posts"}],"about":[{"href":"http:\/\/folhadosudeste.com\/site\/index.php?rest_route=\/wp\/v2\/types\/post"}],"author":[{"embeddable":true,"href":"http:\/\/folhadosudeste.com\/site\/index.php?rest_route=\/wp\/v2\/users\/6"}],"replies":[{"embeddable":true,"href":"http:\/\/folhadosudeste.com\/site\/index.php?rest_route=%2Fwp%2Fv2%2Fcomments&post=71984"}],"version-history":[{"count":2,"href":"http:\/\/folhadosudeste.com\/site\/index.php?rest_route=\/wp\/v2\/posts\/71984\/revisions"}],"predecessor-version":[{"id":71987,"href":"http:\/\/folhadosudeste.com\/site\/index.php?rest_route=\/wp\/v2\/posts\/71984\/revisions\/71987"}],"wp:attachment":[{"href":"http:\/\/folhadosudeste.com\/site\/index.php?rest_route=%2Fwp%2Fv2%2Fmedia&parent=71984"}],"wp:term":[{"taxonomy":"category","embeddable":true,"href":"http:\/\/folhadosudeste.com\/site\/index.php?rest_route=%2Fwp%2Fv2%2Fcategories&post=71984"},{"taxonomy":"post_tag","embeddable":true,"href":"http:\/\/folhadosudeste.com\/site\/index.php?rest_route=%2Fwp%2Fv2%2Ftags&post=71984"}],"curies":[{"name":"wp","href":"https:\/\/api.w.org\/{rel}","templated":true}]}}