{"id":71991,"date":"2020-08-26T23:28:06","date_gmt":"2020-08-26T23:28:06","guid":{"rendered":"http:\/\/folhadosudeste.com\/site\/?p=71991"},"modified":"2020-08-26T23:28:06","modified_gmt":"2020-08-26T23:28:06","slug":"muriae-tem-39-novos-casos-de-covid-mas-numero-de-pacientes-ativos-segue-estavel","status":"publish","type":"post","link":"http:\/\/folhadosudeste.com\/site\/?p=71991","title":{"rendered":"Muria\u00e9 tem 39 novos casos de covid, mas n\u00famero de pacientes ativos segue est\u00e1vel"},"content":{"rendered":"<p><a href=\"http:\/\/folhadosudeste.com\/site\/wp-content\/uploads\/2020\/08\/8A575694-1112-4FC8-9C38-4F251F312921.jpeg\"><img loading=\"lazy\" decoding=\"async\" class=\"alignnone size-full wp-image-71992\" src=\"http:\/\/folhadosudeste.com\/site\/wp-content\/uploads\/2020\/08\/8A575694-1112-4FC8-9C38-4F251F312921.jpeg\" alt=\"\" width=\"1081\" height=\"1082\" srcset=\"http:\/\/folhadosudeste.com\/site\/wp-content\/uploads\/2020\/08\/8A575694-1112-4FC8-9C38-4F251F312921.jpeg 1081w, http:\/\/folhadosudeste.com\/site\/wp-content\/uploads\/2020\/08\/8A575694-1112-4FC8-9C38-4F251F312921-150x150.jpeg 150w, http:\/\/folhadosudeste.com\/site\/wp-content\/uploads\/2020\/08\/8A575694-1112-4FC8-9C38-4F251F312921-300x300.jpeg 300w, http:\/\/folhadosudeste.com\/site\/wp-content\/uploads\/2020\/08\/8A575694-1112-4FC8-9C38-4F251F312921-768x769.jpeg 768w, http:\/\/folhadosudeste.com\/site\/wp-content\/uploads\/2020\/08\/8A575694-1112-4FC8-9C38-4F251F312921-1024x1024.jpeg 1024w\" sizes=\"auto, (max-width: 1081px) 100vw, 1081px\" \/><\/a><\/p>\n<p style=\"text-align: justify;\">Mesmo com 39 novas infec\u00e7\u00f5es confirmadas nas \u00faltimas 24 horas, o cen\u00e1rio da covid-19 em Muria\u00e9 manteve-se em situa\u00e7\u00e3o est\u00e1vel. O boletim desta quarta-feira aponta que a cidade possui 114 pessoas em recupera\u00e7\u00e3o, apenas duas a mais em rela\u00e7\u00e3o ao total que havia na segunda-feira.<\/p>\n<p style=\"text-align: justify;\">Entre pacientes de outras cidades, houve significativa redu\u00e7\u00e3o no n\u00famero de ativos. Com mais seis pessoas recuperadas nas \u00faltimas 24 horas e apenas uma nova infec\u00e7\u00e3o, o total de pacientes em tratamento caiu de 23 para 18 entre ontem e hoje.<\/p>\n<p><!--more--><\/p>\n<p style=\"text-align: justify;\">Veja os n\u00fameros completos desta quarta-feira, dia 26\/08\/2020:<\/p>\n<p style=\"text-align: justify;\"><strong>MORADORES DE MURIA\u00c9<\/strong><br \/>\nTotal de confirma\u00e7\u00f5es: 2.289 (em rela\u00e7\u00e3o ao boletim anterior: +39)<br \/>\nPacientes ativos: 114 (em rela\u00e7\u00e3o ao boletim anterior: +01)<br \/>\nPacientes curados: 2.109 (em rela\u00e7\u00e3o ao boletim anterior: +38)<br \/>\n\u00d3bitos: 66 (em rela\u00e7\u00e3o ao boletim anterior: sem altera\u00e7\u00e3o)<br \/>\nEm investiga\u00e7\u00e3o (com exame): 27<br \/>\nEm monitoramento (sem exame): 430<br \/>\nNegativos: 2.882<\/p>\n<p style=\"text-align: justify;\"><strong>MORADORES DE OUTRAS CIDADES<\/strong><br \/>\nTotal de confirma\u00e7\u00f5es: 214 (em rela\u00e7\u00e3o ao boletim anterior: +01)<br \/>\nPacientes ativos: 18 (em rela\u00e7\u00e3o ao boletim anterior: -05)<br \/>\nPacientes curados: 165 (em rela\u00e7\u00e3o ao boletim anterior: +06)<br \/>\n\u00d3bitos: 31 (em rela\u00e7\u00e3o ao boletim anterior: sem altera\u00e7\u00e3o)<br \/>\nEm investiga\u00e7\u00e3o (com exame): 08<br \/>\nEm monitoramento (sem exame): 08<br \/>\nNegativos: 427<\/p>\n","protected":false},"excerpt":{"rendered":"<p>Mesmo com 39 novas infec\u00e7\u00f5es confirmadas nas \u00faltimas 24 horas, o cen\u00e1rio da covid-19 em Muria\u00e9 manteve-se em situa\u00e7\u00e3o est\u00e1vel. O boletim desta quarta-feira aponta que a cidade possui 114 pessoas em recupera\u00e7\u00e3o, apenas duas a mais em rela\u00e7\u00e3o ao total que havia na segunda-feira. Entre pacientes de outras cidades, houve significativa redu\u00e7\u00e3o no n\u00famero [&hellip;]<\/p>\n","protected":false},"author":6,"featured_media":0,"comment_status":"open","ping_status":"closed","sticky":false,"template":"","format":"standard","meta":{"_joinchat":[],"footnotes":""},"categories":[1],"tags":[],"class_list":["post-71991","post","type-post","status-publish","format-standard","hentry","category-sem-categoria"],"_links":{"self":[{"href":"http:\/\/folhadosudeste.com\/site\/index.php?rest_route=\/wp\/v2\/posts\/71991","targetHints":{"allow":["GET"]}}],"collection":[{"href":"http:\/\/folhadosudeste.com\/site\/index.php?rest_route=\/wp\/v2\/posts"}],"about":[{"href":"http:\/\/folhadosudeste.com\/site\/index.php?rest_route=\/wp\/v2\/types\/post"}],"author":[{"embeddable":true,"href":"http:\/\/folhadosudeste.com\/site\/index.php?rest_route=\/wp\/v2\/users\/6"}],"replies":[{"embeddable":true,"href":"http:\/\/folhadosudeste.com\/site\/index.php?rest_route=%2Fwp%2Fv2%2Fcomments&post=71991"}],"version-history":[{"count":1,"href":"http:\/\/folhadosudeste.com\/site\/index.php?rest_route=\/wp\/v2\/posts\/71991\/revisions"}],"predecessor-version":[{"id":71993,"href":"http:\/\/folhadosudeste.com\/site\/index.php?rest_route=\/wp\/v2\/posts\/71991\/revisions\/71993"}],"wp:attachment":[{"href":"http:\/\/folhadosudeste.com\/site\/index.php?rest_route=%2Fwp%2Fv2%2Fmedia&parent=71991"}],"wp:term":[{"taxonomy":"category","embeddable":true,"href":"http:\/\/folhadosudeste.com\/site\/index.php?rest_route=%2Fwp%2Fv2%2Fcategories&post=71991"},{"taxonomy":"post_tag","embeddable":true,"href":"http:\/\/folhadosudeste.com\/site\/index.php?rest_route=%2Fwp%2Fv2%2Ftags&post=71991"}],"curies":[{"name":"wp","href":"https:\/\/api.w.org\/{rel}","templated":true}]}}