{"id":71994,"date":"2020-08-27T01:52:31","date_gmt":"2020-08-27T01:52:31","guid":{"rendered":"http:\/\/folhadosudeste.com\/site\/?p=71994"},"modified":"2020-08-27T01:52:31","modified_gmt":"2020-08-27T01:52:31","slug":"vice-governador-paulo-brant-visita-fundacao-cristiano-varella-e-hospital-do-cancer-de-muriae","status":"publish","type":"post","link":"http:\/\/folhadosudeste.com\/site\/?p=71994","title":{"rendered":"Vice-governador Paulo Brant visita Funda\u00e7\u00e3o Cristiano Varella e Hospital do C\u00e2ncer de Muria\u00e9"},"content":{"rendered":"<p><a href=\"http:\/\/folhadosudeste.com\/site\/wp-content\/uploads\/2020\/08\/5067b47c-4df0-47f5-91fe-6d11e35584ba.jpeg\"><img loading=\"lazy\" decoding=\"async\" class=\"alignnone size-full wp-image-71995\" src=\"http:\/\/folhadosudeste.com\/site\/wp-content\/uploads\/2020\/08\/5067b47c-4df0-47f5-91fe-6d11e35584ba.jpeg\" alt=\"\" width=\"1280\" height=\"847\" srcset=\"http:\/\/folhadosudeste.com\/site\/wp-content\/uploads\/2020\/08\/5067b47c-4df0-47f5-91fe-6d11e35584ba.jpeg 1280w, http:\/\/folhadosudeste.com\/site\/wp-content\/uploads\/2020\/08\/5067b47c-4df0-47f5-91fe-6d11e35584ba-300x199.jpeg 300w, http:\/\/folhadosudeste.com\/site\/wp-content\/uploads\/2020\/08\/5067b47c-4df0-47f5-91fe-6d11e35584ba-768x508.jpeg 768w, http:\/\/folhadosudeste.com\/site\/wp-content\/uploads\/2020\/08\/5067b47c-4df0-47f5-91fe-6d11e35584ba-1024x678.jpeg 1024w, http:\/\/folhadosudeste.com\/site\/wp-content\/uploads\/2020\/08\/5067b47c-4df0-47f5-91fe-6d11e35584ba-120x80.jpeg 120w, http:\/\/folhadosudeste.com\/site\/wp-content\/uploads\/2020\/08\/5067b47c-4df0-47f5-91fe-6d11e35584ba-590x390.jpeg 590w\" sizes=\"auto, (max-width: 1280px) 100vw, 1280px\" \/><\/a><\/p>\n<p style=\"font-weight: 400; text-align: justify;\"><em>A comitiva do Governo do Estado foi recebida pelo presidente do Conselho Fiscal da Funda\u00e7\u00e3o, Luciano Varella, e pelo Deputado Federal Misael Varella<\/em><\/p>\n<p style=\"font-weight: 400; text-align: justify;\">Prestes a comemorar 25 anos de atua\u00e7\u00e3o, a Funda\u00e7\u00e3o Cristiano Varella recebeu nesta ter\u00e7a-feira (25) o vice-governador de Minas Gerais, Paulo Brant. Acompanhado de uma comitiva composta pelo Secret\u00e1rio Adjunto de Desenvolvimento Econ\u00f4mico, Fernando Passalio, e outras autoridades do Governo do Estado, Brant conheceu as instala\u00e7\u00f5es e os servi\u00e7os oferecidos pelo Hospital do C\u00e2ncer de Muria\u00e9 e o Memorial da Funda\u00e7\u00e3o Cristiano Varella.<\/p>\n<p><!--more--><\/p>\n<p style=\"font-weight: 400; text-align: justify;\">\u201c\u00c9 uma sensa\u00e7\u00e3o de muito orgulho termos um hospital com esse n\u00edvel e essa qualifica\u00e7\u00e3o, na fronteira da tecnologia e da Oncologia, atendendo \u00e0 toda a popula\u00e7\u00e3o aqui da regi\u00e3o\u201d, afirmou o vice-governador. \u201cAtender a qualquer cidad\u00e3o, independentemente da sua renda, com o melhor que tem a Ci\u00eancia. Esse \u00e9 o sonho de todos n\u00f3s e esse hospital mostra que isso \u00e9 poss\u00edvel\u201d, completou.<\/p>\n<p style=\"font-weight: 400; text-align: justify;\">A comitiva foi recebida por Luciano Varella, presidente do Conselho Fiscal da Funda\u00e7\u00e3o, pelo Deputado Federal Misael Varella e pelo diretor superintendente do Hospital, S\u00e9rgio Henriques. \u201cO reconhecimento do vice-governador Paulo Brant \u00e0 atua\u00e7\u00e3o da Funda\u00e7\u00e3o Cristiano Varella e do Hospital do C\u00e2ncer de Muria\u00e9 s\u00f3 coroa uma trajet\u00f3ria de 25 anos de muito trabalho e empenho no cuidado com a vida de nossos pacientes\u201d, disse Luciano Varella.<\/p>\n<p style=\"font-weight: 400; text-align: justify;\">Para o deputado federal Misael Varella, \u201c\u00e9 uma honra e uma alegria receber o vice-governador do Estado\u201d. \u201cOs muriaeenses e toda a popula\u00e7\u00e3o da regi\u00e3o, que necessitam de atendimento oncol\u00f3gico, est\u00e3o muito bem resguardados com o Hospital que, al\u00e9m de tecnologia de ponta, oferece um dos atendimentos mais humanizados no tratamento do c\u00e2ncer\u201d, concluiu.<\/p>\n<p style=\"font-weight: 400; text-align: justify;\">Paulo Brant veio a Muria\u00e9 apresentar \u00e0 regi\u00e3o o programa \u201cMinas Livre para Crescer\u201d e para falar sobre o programa \u201cMinas Consciente\u201d, criado durante a pandemia causada pelo novo coronav\u00edrus para orientar os munic\u00edpios sobre as medidas adotadas pelo governo do Estado.<\/p>\n<p style=\"font-weight: 400; text-align: justify;\">De acordo com a Secretaria de Desenvolvimento Econ\u00f4mico de Minas Gerais, o objetivo do programa \u201cMinas Livre para Crescer\u201d \u00e9 diminuir as burocracias e os custos para novos empreendimentos e, consequentemente, gerar mais emprego e renda para a popula\u00e7\u00e3o mineira.<\/p>\n<p style=\"font-weight: 400; text-align: justify;\">Al\u00e9m da visita \u00e0 Funda\u00e7\u00e3o Cristiano Varella, a agenda do vice-governador tamb\u00e9m incluiu um evento na APAE de Muria\u00e9 e uma reuni\u00e3o com empres\u00e1rios da cidade.<\/p>\n<p style=\"font-weight: 400; text-align: justify;\"><strong>Excel\u00eancia no cuidado com a vida<\/strong><\/p>\n<p style=\"font-weight: 400; text-align: justify;\">A Funda\u00e7\u00e3o Cristiano Varella \u00e9 um complexo na \u00e1rea de sa\u00fade que, atualmente, mant\u00e9m o Hospital do C\u00e2ncer de Muria\u00e9. \u00c9, tamb\u00e9m, um complexo na \u00e1rea da Educa\u00e7\u00e3o, Pesquisa e Cultura, com um Memorial, um Centro de Pesquisa M\u00e9dica e uma estrutura pr\u00f3pria de r\u00e1dio e TV.<\/p>\n<p style=\"font-weight: 400; text-align: justify;\">Com 175 leitos ativos (capacidade para 210), 8 salas de cirurgia e 20 leitos de terapia intensiva, o Hospital do C\u00e2ncer de Muria\u00e9 recebe, em m\u00e9dia, 300 novos casos por m\u00eas e oferece assist\u00eancia integrada em Oncologia a mais de 168 munic\u00edpios de Minas Gerais e outros estados \u2013 com uma abrang\u00eancia populacional de mais de 2 milh\u00f5es de habitantes. Atualmente, aproximadamente 90% dos seus atendimentos s\u00e3o destinados ao Sistema \u00danico de Sa\u00fade \u2013 SUS.<\/p>\n<p style=\"font-weight: 400; text-align: justify;\">Al\u00e9m das interna\u00e7\u00f5es, s\u00e3o oferecidos todos os tratamentos oncol\u00f3gicos espec\u00edficos, como quimioterapia, radioterapia, braquiterapia e atendimentos pela equipe interdisciplinar, incluindo servi\u00e7os odontol\u00f3gicos, o que aumenta ainda mais a quantidade de pacientes atendidos. S\u00e3o realizados, em m\u00e9dia, 200 atendimentos de radioterapia e 350 de quimioterapia (ambulatorial \/ interna\u00e7\u00e3o) no hospital.<\/p>\n<p style=\"font-weight: 400; text-align: justify;\">\u201cFazemos 100% do tratamento oncol\u00f3gico aqui no Hospital e, em breve, teremos tamb\u00e9m o transplante de medula. J\u00e1 recebemos a autoriza\u00e7\u00e3o de realiza\u00e7\u00e3o pelo Minist\u00e9rio da Sa\u00fade e estamos adequando a \u00e1rea f\u00edsica para sua implanta\u00e7\u00e3o\u201d, contou S\u00e9rgio Henriques.<\/p>\n<p style=\"font-weight: 400; text-align: justify;\"><strong>Conforto no per\u00edodo de tratamento<\/strong><\/p>\n<p style=\"font-weight: 400; text-align: justify;\">Durante os tratamentos ambulatoriais, aos pacientes que residem em munic\u00edpios mais distantes, \u00e9 oferecida hospedagem na Casa de Apoio, mantida pelo Hospital do C\u00e2ncer de Muria\u00e9. Al\u00e9m da hospedagem, \u00e9 garantido a eles o transporte entre a Casa de Apoio e os ambulat\u00f3rios da institui\u00e7\u00e3o, alimenta\u00e7\u00e3o e todos os cuidados necess\u00e1rios.<\/p>\n<p style=\"font-weight: 400; text-align: justify;\">Hoje, a Casa de apoio tem a capacidade de hospedar 212 h\u00f3spedes (pacientes e acompanhantes), com uma \u00e1rea de lazer completa, 5 refei\u00e7\u00f5es di\u00e1rias gratuitas, lavanderia e acompanhamento. Todas essas atividades, auxiliam o bom funcionamento do ecossistema e log\u00edstica das Secretarias Municipais de Sa\u00fade de todo o entorno, uma vez que elas n\u00e3o precisam realizar, diariamente, o fluxo necess\u00e1rio para os pacientes, durante o tratamento.<\/p>\n<p><a href=\"http:\/\/folhadosudeste.com\/site\/wp-content\/uploads\/2020\/08\/5e7b3736-8d3c-4eeb-ba59-306dc0f7ac4e.jpeg\"><img loading=\"lazy\" decoding=\"async\" class=\"alignnone size-full wp-image-71996\" src=\"http:\/\/folhadosudeste.com\/site\/wp-content\/uploads\/2020\/08\/5e7b3736-8d3c-4eeb-ba59-306dc0f7ac4e.jpeg\" alt=\"\" width=\"1280\" height=\"847\" srcset=\"http:\/\/folhadosudeste.com\/site\/wp-content\/uploads\/2020\/08\/5e7b3736-8d3c-4eeb-ba59-306dc0f7ac4e.jpeg 1280w, http:\/\/folhadosudeste.com\/site\/wp-content\/uploads\/2020\/08\/5e7b3736-8d3c-4eeb-ba59-306dc0f7ac4e-300x199.jpeg 300w, http:\/\/folhadosudeste.com\/site\/wp-content\/uploads\/2020\/08\/5e7b3736-8d3c-4eeb-ba59-306dc0f7ac4e-768x508.jpeg 768w, http:\/\/folhadosudeste.com\/site\/wp-content\/uploads\/2020\/08\/5e7b3736-8d3c-4eeb-ba59-306dc0f7ac4e-1024x678.jpeg 1024w, http:\/\/folhadosudeste.com\/site\/wp-content\/uploads\/2020\/08\/5e7b3736-8d3c-4eeb-ba59-306dc0f7ac4e-120x80.jpeg 120w, http:\/\/folhadosudeste.com\/site\/wp-content\/uploads\/2020\/08\/5e7b3736-8d3c-4eeb-ba59-306dc0f7ac4e-590x390.jpeg 590w\" sizes=\"auto, (max-width: 1280px) 100vw, 1280px\" \/><\/a> <a href=\"http:\/\/folhadosudeste.com\/site\/wp-content\/uploads\/2020\/08\/366edff0-380f-42f3-8aee-78ae93eb3489.jpeg\"><img loading=\"lazy\" decoding=\"async\" class=\"alignnone size-full wp-image-71997\" src=\"http:\/\/folhadosudeste.com\/site\/wp-content\/uploads\/2020\/08\/366edff0-380f-42f3-8aee-78ae93eb3489.jpeg\" alt=\"\" width=\"1280\" height=\"847\" srcset=\"http:\/\/folhadosudeste.com\/site\/wp-content\/uploads\/2020\/08\/366edff0-380f-42f3-8aee-78ae93eb3489.jpeg 1280w, http:\/\/folhadosudeste.com\/site\/wp-content\/uploads\/2020\/08\/366edff0-380f-42f3-8aee-78ae93eb3489-300x199.jpeg 300w, http:\/\/folhadosudeste.com\/site\/wp-content\/uploads\/2020\/08\/366edff0-380f-42f3-8aee-78ae93eb3489-768x508.jpeg 768w, http:\/\/folhadosudeste.com\/site\/wp-content\/uploads\/2020\/08\/366edff0-380f-42f3-8aee-78ae93eb3489-1024x678.jpeg 1024w, http:\/\/folhadosudeste.com\/site\/wp-content\/uploads\/2020\/08\/366edff0-380f-42f3-8aee-78ae93eb3489-120x80.jpeg 120w, http:\/\/folhadosudeste.com\/site\/wp-content\/uploads\/2020\/08\/366edff0-380f-42f3-8aee-78ae93eb3489-590x390.jpeg 590w\" sizes=\"auto, (max-width: 1280px) 100vw, 1280px\" \/><\/a> <a href=\"http:\/\/folhadosudeste.com\/site\/wp-content\/uploads\/2020\/08\/9309c4a2-0e3f-4ebb-a5a5-f940ea3c7ac6.jpeg\"><img loading=\"lazy\" decoding=\"async\" class=\"alignnone size-full wp-image-71998\" src=\"http:\/\/folhadosudeste.com\/site\/wp-content\/uploads\/2020\/08\/9309c4a2-0e3f-4ebb-a5a5-f940ea3c7ac6.jpeg\" alt=\"\" width=\"1280\" height=\"847\" srcset=\"http:\/\/folhadosudeste.com\/site\/wp-content\/uploads\/2020\/08\/9309c4a2-0e3f-4ebb-a5a5-f940ea3c7ac6.jpeg 1280w, http:\/\/folhadosudeste.com\/site\/wp-content\/uploads\/2020\/08\/9309c4a2-0e3f-4ebb-a5a5-f940ea3c7ac6-300x199.jpeg 300w, http:\/\/folhadosudeste.com\/site\/wp-content\/uploads\/2020\/08\/9309c4a2-0e3f-4ebb-a5a5-f940ea3c7ac6-768x508.jpeg 768w, http:\/\/folhadosudeste.com\/site\/wp-content\/uploads\/2020\/08\/9309c4a2-0e3f-4ebb-a5a5-f940ea3c7ac6-1024x678.jpeg 1024w, http:\/\/folhadosudeste.com\/site\/wp-content\/uploads\/2020\/08\/9309c4a2-0e3f-4ebb-a5a5-f940ea3c7ac6-120x80.jpeg 120w, http:\/\/folhadosudeste.com\/site\/wp-content\/uploads\/2020\/08\/9309c4a2-0e3f-4ebb-a5a5-f940ea3c7ac6-590x390.jpeg 590w\" sizes=\"auto, (max-width: 1280px) 100vw, 1280px\" \/><\/a> <a href=\"http:\/\/folhadosudeste.com\/site\/wp-content\/uploads\/2020\/08\/284917bd-01db-4505-91e7-d981c6cbee37.jpeg\"><img loading=\"lazy\" decoding=\"async\" class=\"alignnone size-full wp-image-71999\" src=\"http:\/\/folhadosudeste.com\/site\/wp-content\/uploads\/2020\/08\/284917bd-01db-4505-91e7-d981c6cbee37.jpeg\" alt=\"\" width=\"1280\" height=\"847\" srcset=\"http:\/\/folhadosudeste.com\/site\/wp-content\/uploads\/2020\/08\/284917bd-01db-4505-91e7-d981c6cbee37.jpeg 1280w, http:\/\/folhadosudeste.com\/site\/wp-content\/uploads\/2020\/08\/284917bd-01db-4505-91e7-d981c6cbee37-300x199.jpeg 300w, http:\/\/folhadosudeste.com\/site\/wp-content\/uploads\/2020\/08\/284917bd-01db-4505-91e7-d981c6cbee37-768x508.jpeg 768w, http:\/\/folhadosudeste.com\/site\/wp-content\/uploads\/2020\/08\/284917bd-01db-4505-91e7-d981c6cbee37-1024x678.jpeg 1024w, http:\/\/folhadosudeste.com\/site\/wp-content\/uploads\/2020\/08\/284917bd-01db-4505-91e7-d981c6cbee37-120x80.jpeg 120w, http:\/\/folhadosudeste.com\/site\/wp-content\/uploads\/2020\/08\/284917bd-01db-4505-91e7-d981c6cbee37-590x390.jpeg 590w\" sizes=\"auto, (max-width: 1280px) 100vw, 1280px\" \/><\/a> <a href=\"http:\/\/folhadosudeste.com\/site\/wp-content\/uploads\/2020\/08\/bcf49dd2-fc42-476b-923a-f434647d1ec9.jpeg\"><img loading=\"lazy\" decoding=\"async\" class=\"alignnone size-full wp-image-72000\" src=\"http:\/\/folhadosudeste.com\/site\/wp-content\/uploads\/2020\/08\/bcf49dd2-fc42-476b-923a-f434647d1ec9.jpeg\" alt=\"\" width=\"1280\" height=\"847\" srcset=\"http:\/\/folhadosudeste.com\/site\/wp-content\/uploads\/2020\/08\/bcf49dd2-fc42-476b-923a-f434647d1ec9.jpeg 1280w, http:\/\/folhadosudeste.com\/site\/wp-content\/uploads\/2020\/08\/bcf49dd2-fc42-476b-923a-f434647d1ec9-300x199.jpeg 300w, http:\/\/folhadosudeste.com\/site\/wp-content\/uploads\/2020\/08\/bcf49dd2-fc42-476b-923a-f434647d1ec9-768x508.jpeg 768w, http:\/\/folhadosudeste.com\/site\/wp-content\/uploads\/2020\/08\/bcf49dd2-fc42-476b-923a-f434647d1ec9-1024x678.jpeg 1024w, http:\/\/folhadosudeste.com\/site\/wp-content\/uploads\/2020\/08\/bcf49dd2-fc42-476b-923a-f434647d1ec9-120x80.jpeg 120w, http:\/\/folhadosudeste.com\/site\/wp-content\/uploads\/2020\/08\/bcf49dd2-fc42-476b-923a-f434647d1ec9-590x390.jpeg 590w\" sizes=\"auto, (max-width: 1280px) 100vw, 1280px\" \/><\/a> <a href=\"http:\/\/folhadosudeste.com\/site\/wp-content\/uploads\/2020\/08\/d8c9f397-83d3-4e05-ac73-09ee228c1972.jpeg\"><img loading=\"lazy\" decoding=\"async\" class=\"alignnone size-full wp-image-72001\" src=\"http:\/\/folhadosudeste.com\/site\/wp-content\/uploads\/2020\/08\/d8c9f397-83d3-4e05-ac73-09ee228c1972.jpeg\" alt=\"\" width=\"1280\" height=\"847\" srcset=\"http:\/\/folhadosudeste.com\/site\/wp-content\/uploads\/2020\/08\/d8c9f397-83d3-4e05-ac73-09ee228c1972.jpeg 1280w, http:\/\/folhadosudeste.com\/site\/wp-content\/uploads\/2020\/08\/d8c9f397-83d3-4e05-ac73-09ee228c1972-300x199.jpeg 300w, http:\/\/folhadosudeste.com\/site\/wp-content\/uploads\/2020\/08\/d8c9f397-83d3-4e05-ac73-09ee228c1972-768x508.jpeg 768w, http:\/\/folhadosudeste.com\/site\/wp-content\/uploads\/2020\/08\/d8c9f397-83d3-4e05-ac73-09ee228c1972-1024x678.jpeg 1024w, http:\/\/folhadosudeste.com\/site\/wp-content\/uploads\/2020\/08\/d8c9f397-83d3-4e05-ac73-09ee228c1972-120x80.jpeg 120w, http:\/\/folhadosudeste.com\/site\/wp-content\/uploads\/2020\/08\/d8c9f397-83d3-4e05-ac73-09ee228c1972-590x390.jpeg 590w\" sizes=\"auto, (max-width: 1280px) 100vw, 1280px\" \/><\/a> <a href=\"http:\/\/folhadosudeste.com\/site\/wp-content\/uploads\/2020\/08\/f5ef3878-805d-43e9-8820-49d3fa634813.jpeg\"><img loading=\"lazy\" decoding=\"async\" class=\"alignnone size-full wp-image-72002\" src=\"http:\/\/folhadosudeste.com\/site\/wp-content\/uploads\/2020\/08\/f5ef3878-805d-43e9-8820-49d3fa634813.jpeg\" alt=\"\" width=\"1280\" height=\"847\" srcset=\"http:\/\/folhadosudeste.com\/site\/wp-content\/uploads\/2020\/08\/f5ef3878-805d-43e9-8820-49d3fa634813.jpeg 1280w, http:\/\/folhadosudeste.com\/site\/wp-content\/uploads\/2020\/08\/f5ef3878-805d-43e9-8820-49d3fa634813-300x199.jpeg 300w, http:\/\/folhadosudeste.com\/site\/wp-content\/uploads\/2020\/08\/f5ef3878-805d-43e9-8820-49d3fa634813-768x508.jpeg 768w, http:\/\/folhadosudeste.com\/site\/wp-content\/uploads\/2020\/08\/f5ef3878-805d-43e9-8820-49d3fa634813-1024x678.jpeg 1024w, http:\/\/folhadosudeste.com\/site\/wp-content\/uploads\/2020\/08\/f5ef3878-805d-43e9-8820-49d3fa634813-120x80.jpeg 120w, http:\/\/folhadosudeste.com\/site\/wp-content\/uploads\/2020\/08\/f5ef3878-805d-43e9-8820-49d3fa634813-590x390.jpeg 590w\" sizes=\"auto, (max-width: 1280px) 100vw, 1280px\" \/><\/a><\/p>\n","protected":false},"excerpt":{"rendered":"<p>A comitiva do Governo do Estado foi recebida pelo presidente do Conselho Fiscal da Funda\u00e7\u00e3o, Luciano Varella, e pelo Deputado Federal Misael Varella Prestes a comemorar 25 anos de atua\u00e7\u00e3o, a Funda\u00e7\u00e3o Cristiano Varella recebeu nesta ter\u00e7a-feira (25) o vice-governador de Minas Gerais, Paulo Brant. Acompanhado de uma comitiva composta pelo Secret\u00e1rio Adjunto de Desenvolvimento [&hellip;]<\/p>\n","protected":false},"author":6,"featured_media":0,"comment_status":"open","ping_status":"closed","sticky":false,"template":"","format":"standard","meta":{"_joinchat":[],"footnotes":""},"categories":[1],"tags":[],"class_list":["post-71994","post","type-post","status-publish","format-standard","hentry","category-sem-categoria"],"_links":{"self":[{"href":"http:\/\/folhadosudeste.com\/site\/index.php?rest_route=\/wp\/v2\/posts\/71994","targetHints":{"allow":["GET"]}}],"collection":[{"href":"http:\/\/folhadosudeste.com\/site\/index.php?rest_route=\/wp\/v2\/posts"}],"about":[{"href":"http:\/\/folhadosudeste.com\/site\/index.php?rest_route=\/wp\/v2\/types\/post"}],"author":[{"embeddable":true,"href":"http:\/\/folhadosudeste.com\/site\/index.php?rest_route=\/wp\/v2\/users\/6"}],"replies":[{"embeddable":true,"href":"http:\/\/folhadosudeste.com\/site\/index.php?rest_route=%2Fwp%2Fv2%2Fcomments&post=71994"}],"version-history":[{"count":1,"href":"http:\/\/folhadosudeste.com\/site\/index.php?rest_route=\/wp\/v2\/posts\/71994\/revisions"}],"predecessor-version":[{"id":72003,"href":"http:\/\/folhadosudeste.com\/site\/index.php?rest_route=\/wp\/v2\/posts\/71994\/revisions\/72003"}],"wp:attachment":[{"href":"http:\/\/folhadosudeste.com\/site\/index.php?rest_route=%2Fwp%2Fv2%2Fmedia&parent=71994"}],"wp:term":[{"taxonomy":"category","embeddable":true,"href":"http:\/\/folhadosudeste.com\/site\/index.php?rest_route=%2Fwp%2Fv2%2Fcategories&post=71994"},{"taxonomy":"post_tag","embeddable":true,"href":"http:\/\/folhadosudeste.com\/site\/index.php?rest_route=%2Fwp%2Fv2%2Ftags&post=71994"}],"curies":[{"name":"wp","href":"https:\/\/api.w.org\/{rel}","templated":true}]}}