{"id":72079,"date":"2020-08-28T18:39:05","date_gmt":"2020-08-28T18:39:05","guid":{"rendered":"http:\/\/folhadosudeste.com\/site\/?p=72079"},"modified":"2020-08-28T18:39:05","modified_gmt":"2020-08-28T18:39:05","slug":"apae-de-muriae-recebe-visita-do-vice-governador-paulo-brant-e-do-secretario-estadual-fernando-passalio-e-de-autoridades-locais","status":"publish","type":"post","link":"http:\/\/folhadosudeste.com\/site\/?p=72079","title":{"rendered":"APAE de Muria\u00e9 recebe visita do Vice-governador Paulo Brant e do Secret\u00e1rio estadual Fernando Passalio e de autoridades locais"},"content":{"rendered":"<p><a href=\"http:\/\/folhadosudeste.com\/site\/wp-content\/uploads\/2020\/08\/DSC_0223.jpg\"><img loading=\"lazy\" decoding=\"async\" class=\"alignnone size-full wp-image-72080\" src=\"http:\/\/folhadosudeste.com\/site\/wp-content\/uploads\/2020\/08\/DSC_0223.jpg\" alt=\"\" width=\"2048\" height=\"1356\" srcset=\"http:\/\/folhadosudeste.com\/site\/wp-content\/uploads\/2020\/08\/DSC_0223.jpg 2048w, http:\/\/folhadosudeste.com\/site\/wp-content\/uploads\/2020\/08\/DSC_0223-300x199.jpg 300w, http:\/\/folhadosudeste.com\/site\/wp-content\/uploads\/2020\/08\/DSC_0223-768x509.jpg 768w, http:\/\/folhadosudeste.com\/site\/wp-content\/uploads\/2020\/08\/DSC_0223-1024x678.jpg 1024w, http:\/\/folhadosudeste.com\/site\/wp-content\/uploads\/2020\/08\/DSC_0223-120x80.jpg 120w, http:\/\/folhadosudeste.com\/site\/wp-content\/uploads\/2020\/08\/DSC_0223-590x390.jpg 590w\" sizes=\"auto, (max-width: 2048px) 100vw, 2048px\" \/><\/a><\/p>\n<p style=\"text-align: justify;\">Na manh\u00e3 de ter\u00e7a-feira 25 de agosto, Muria\u00e9 recebeu a visita do Vice-governador Paulo Brant e do Secret\u00e1rio Adjunto de Desenvolvimento Econ\u00f4mico de Minas Gerais, Fernando Passalio e demais membros da comitiva. Eles chegaram em Muria\u00e9 \u00e1s 9h em um heliponto da cidade e em seguida eles foram conduzidos para cumprimento da agenda. As autoridades vieram em Muria\u00e9, para apresentar o programa &#8220;Minas Livre para Crescer&#8221;.&nbsp; E visitaram v\u00e1rias entidades na cidade, come\u00e7ando pela APAE, depois seguiu at\u00e9 ao Hospital S\u00e3o Paulo e tamb\u00e9m ao Hospital do C\u00e2ncer. Ap\u00f3s as visita\u00e7\u00f5es ele seguiu para o Rodovi\u00e1rio L\u00edder para se reunir com um grupo de empres\u00e1rios da cidade e para dar uma coletiva para imprensa local.<\/p>\n<p style=\"text-align: justify;\">O Vice-governador Paulo Brant, disse que desde o in\u00edcio da atual gest\u00e3o, o principal desafio do estado \u00e9 colocar as contas em dia e desenvolver novos projetos para alavancar a economia. Ainda na visita a APAE, durante uma reuni\u00e3o, Paulo afirmou que far\u00e1 a doa\u00e7\u00e3o de seu sal\u00e1rio de setembro para a institui\u00e7\u00e3o. No encontro realizado com empres\u00e1rios no Rodovi\u00e1rio L\u00edder, eles apresentaram detalhes dos Programas \u201cMinas Consciente\u201d e \u201cMinas Livre para Crescer\u201d.<\/p>\n<p><!--more--><\/p>\n<p style=\"text-align: justify;\">Para o presidente da APAE Muria\u00e9 \u00canio Moreira Bernardes \u00e9 um prazer receber os ilustres pol\u00edticos. \u201cA APAE tem uma interse\u00e7\u00e3o muito grande com o Governo do Estado porque temos conv\u00eanios firmados, e n\u00f3s temos conversado com o governo desde o in\u00edcio da pandemia para uma visita em nossa unidade, e agora fomos presenteados com a visita do ilustre Vice Governador Paulo Brant e do Secret\u00e1rio de Desenvolvimento Econ\u00f4mico Fernando Passalio para atender nossas reivindica\u00e7\u00f5es, n\u00e3o somente da APAE de Muria\u00e9, mas tamb\u00e9m as outras da microrregi\u00e3o que tem conv\u00eanio com o governo. Tomamos a postura de lideran\u00e7a e a partir do dia 1\u00ba de setembro j\u00e1 estamos de volta com todas as precau\u00e7\u00f5es exigidas para atender os nossos usu\u00e1rios. Estamos felizes com essa nova gest\u00e3o, trabalhando arduamente para conseguir novos recursos afim de melhorar o atendimento dos nossos assistidos contando sempre com o apoio de nossos doadores. A APAE Muria\u00e9 atualmente atende 850 usu\u00e1rios, que fazem uso do espa\u00e7o diariamente, por isso contamos tamb\u00e9m com o conv\u00eanio municipal\u201d disse.<\/p>\n<p style=\"text-align: justify;\">A diretora da APAE Muria\u00e9 Marise Santos de Andrade tamb\u00e9m falou da import\u00e2ncia de receber os representantes pol\u00edticos. \u201cNessa nova gest\u00e3o com o Dr. \u00canio, est\u00e1 sendo um imenso prazer receber a comitiva do vice governador, do Secret\u00e1rio de Estado e demais autoridades pol\u00edticas e tamb\u00e9m estamos recebendo representantes das APAE\u2019s de outras unidades, \u00e9 um momento APAIANO. Agrade\u00e7o por este momento \u00edmpar de grande relev\u00e2ncia para nossa institui\u00e7\u00e3o diante dessa pandemia e de tantas dificuldades financeiras, podermos renovar nosso conv\u00eanio com o estado\u201d finaliza emociada.<\/p>\n<p style=\"text-align: justify;\">De acordo com o Secret\u00e1rio Adjunto de Desenvolvimento Econ\u00f4mico, Fernando Passalio o outro objetivo \u00e9 atrair novos investidores para o estado.&#8221; O foco da reuni\u00e3o foi apresentar o programa \u201cMinas Livre para Crescer\u201d em que mostra uma s\u00e9rie de mudan\u00e7as que auxiliar\u00e3o pequenas e grandes empresas.&#8221;<\/p>\n<p style=\"text-align: justify;\">O Ex-deputado e Suplente de Senador Renzo Braz, disse que a visita do vice-governador e do Secret\u00e1rio de Desenvolvimento Econ\u00f4mico \u00e9 de extrema import\u00e2ncia para os empres\u00e1rios. &#8220;Fomos procurados pelo empres\u00e1rio \u00c9dmo para organizarmos este evento que foi apresentado um programa de governo muito importante para a classe trabalhadora e para os empres\u00e1rios. O Governo de Minas veio apresentar um projeto muito importante de desburocratiza\u00e7\u00e3o do Estado e a confiabilidade junto ao empres\u00e1rio mineiro, trazendo benef\u00edcios para as empresas e gerando mais empregos no Estado. Eu como empres\u00e1rio e com experi\u00eancia em pol\u00edtica posso dizer que o estado de Minas Gerais est\u00e1 de parab\u00e9ns por fazer um programa t\u00e3o importante e tendo uma vis\u00e3o muito diferente dos outros governos, confiando nos empres\u00e1rios. Hoje em dia o empres\u00e1rio tem uma s\u00e9rie de dificuldades por conta de diversas leis que dificultam a gera\u00e7\u00e3o de empregos.<\/p>\n<p style=\"text-align: justify;\">Ent\u00e3o, a ideia do governo de Minas Gerais \u00e9 muito ben\u00e9fica, prop\u00f5e-se que o empres\u00e1rio possa conversar com o governo e dentro de 90 dias ter\u00e1 um retorno, facilitando os trabalhos das empresas. Quero agradecer a presen\u00e7a do Vice-governador e do Secret\u00e1rio de Desenvolvimento Fernando Passalio que visitaram a nossa empresa o Grupo L\u00edder para fazer este evento e tamb\u00e9m visitaram os hospitais de Muria\u00e9 onde s\u00e3o prestados servi\u00e7os essenciais \u00e0 popula\u00e7\u00e3o e tamb\u00e9m por apoiar os nossos trabalhos com as crian\u00e7as especiais da APAE de Muria\u00e9 e da nossa regi\u00e3o. Agrade\u00e7o tamb\u00e9m aos empres\u00e1rios que vieram prestigiar o lan\u00e7amento deste programa&#8221; disse Renzo Braz.<\/p>\n<p><a href=\"http:\/\/folhadosudeste.com\/site\/wp-content\/uploads\/2020\/08\/DSC_0101-2.jpg\"><img loading=\"lazy\" decoding=\"async\" class=\"alignnone size-full wp-image-72081\" src=\"http:\/\/folhadosudeste.com\/site\/wp-content\/uploads\/2020\/08\/DSC_0101-2.jpg\" alt=\"\" width=\"2048\" height=\"1356\" srcset=\"http:\/\/folhadosudeste.com\/site\/wp-content\/uploads\/2020\/08\/DSC_0101-2.jpg 2048w, http:\/\/folhadosudeste.com\/site\/wp-content\/uploads\/2020\/08\/DSC_0101-2-300x199.jpg 300w, http:\/\/folhadosudeste.com\/site\/wp-content\/uploads\/2020\/08\/DSC_0101-2-768x509.jpg 768w, http:\/\/folhadosudeste.com\/site\/wp-content\/uploads\/2020\/08\/DSC_0101-2-1024x678.jpg 1024w, http:\/\/folhadosudeste.com\/site\/wp-content\/uploads\/2020\/08\/DSC_0101-2-120x80.jpg 120w, http:\/\/folhadosudeste.com\/site\/wp-content\/uploads\/2020\/08\/DSC_0101-2-590x390.jpg 590w\" sizes=\"auto, (max-width: 2048px) 100vw, 2048px\" \/><\/a> <a href=\"http:\/\/folhadosudeste.com\/site\/wp-content\/uploads\/2020\/08\/DSC_0110.jpg\"><img loading=\"lazy\" decoding=\"async\" class=\"alignnone size-full wp-image-72082\" src=\"http:\/\/folhadosudeste.com\/site\/wp-content\/uploads\/2020\/08\/DSC_0110.jpg\" alt=\"\" width=\"2048\" height=\"1356\" srcset=\"http:\/\/folhadosudeste.com\/site\/wp-content\/uploads\/2020\/08\/DSC_0110.jpg 2048w, http:\/\/folhadosudeste.com\/site\/wp-content\/uploads\/2020\/08\/DSC_0110-300x199.jpg 300w, http:\/\/folhadosudeste.com\/site\/wp-content\/uploads\/2020\/08\/DSC_0110-768x509.jpg 768w, http:\/\/folhadosudeste.com\/site\/wp-content\/uploads\/2020\/08\/DSC_0110-1024x678.jpg 1024w, http:\/\/folhadosudeste.com\/site\/wp-content\/uploads\/2020\/08\/DSC_0110-120x80.jpg 120w, http:\/\/folhadosudeste.com\/site\/wp-content\/uploads\/2020\/08\/DSC_0110-590x390.jpg 590w\" sizes=\"auto, (max-width: 2048px) 100vw, 2048px\" \/><\/a> <a href=\"http:\/\/folhadosudeste.com\/site\/wp-content\/uploads\/2020\/08\/DSC_0121.jpg\"><img loading=\"lazy\" decoding=\"async\" class=\"alignnone size-full wp-image-72083\" src=\"http:\/\/folhadosudeste.com\/site\/wp-content\/uploads\/2020\/08\/DSC_0121.jpg\" alt=\"\" width=\"2048\" height=\"1356\" srcset=\"http:\/\/folhadosudeste.com\/site\/wp-content\/uploads\/2020\/08\/DSC_0121.jpg 2048w, http:\/\/folhadosudeste.com\/site\/wp-content\/uploads\/2020\/08\/DSC_0121-300x199.jpg 300w, http:\/\/folhadosudeste.com\/site\/wp-content\/uploads\/2020\/08\/DSC_0121-768x509.jpg 768w, http:\/\/folhadosudeste.com\/site\/wp-content\/uploads\/2020\/08\/DSC_0121-1024x678.jpg 1024w, http:\/\/folhadosudeste.com\/site\/wp-content\/uploads\/2020\/08\/DSC_0121-120x80.jpg 120w, http:\/\/folhadosudeste.com\/site\/wp-content\/uploads\/2020\/08\/DSC_0121-590x390.jpg 590w\" sizes=\"auto, (max-width: 2048px) 100vw, 2048px\" \/><\/a> <a href=\"http:\/\/folhadosudeste.com\/site\/wp-content\/uploads\/2020\/08\/DSC_0138-1.jpg\"><img loading=\"lazy\" decoding=\"async\" class=\"alignnone size-full wp-image-72084\" src=\"http:\/\/folhadosudeste.com\/site\/wp-content\/uploads\/2020\/08\/DSC_0138-1.jpg\" alt=\"\" width=\"2048\" height=\"1356\" srcset=\"http:\/\/folhadosudeste.com\/site\/wp-content\/uploads\/2020\/08\/DSC_0138-1.jpg 2048w, http:\/\/folhadosudeste.com\/site\/wp-content\/uploads\/2020\/08\/DSC_0138-1-300x199.jpg 300w, http:\/\/folhadosudeste.com\/site\/wp-content\/uploads\/2020\/08\/DSC_0138-1-768x509.jpg 768w, http:\/\/folhadosudeste.com\/site\/wp-content\/uploads\/2020\/08\/DSC_0138-1-1024x678.jpg 1024w, http:\/\/folhadosudeste.com\/site\/wp-content\/uploads\/2020\/08\/DSC_0138-1-120x80.jpg 120w, http:\/\/folhadosudeste.com\/site\/wp-content\/uploads\/2020\/08\/DSC_0138-1-590x390.jpg 590w\" sizes=\"auto, (max-width: 2048px) 100vw, 2048px\" \/><\/a> <a href=\"http:\/\/folhadosudeste.com\/site\/wp-content\/uploads\/2020\/08\/DSC_0146-2.jpg\"><img loading=\"lazy\" decoding=\"async\" class=\"alignnone size-full wp-image-72085\" src=\"http:\/\/folhadosudeste.com\/site\/wp-content\/uploads\/2020\/08\/DSC_0146-2.jpg\" alt=\"\" width=\"2048\" height=\"1356\" srcset=\"http:\/\/folhadosudeste.com\/site\/wp-content\/uploads\/2020\/08\/DSC_0146-2.jpg 2048w, http:\/\/folhadosudeste.com\/site\/wp-content\/uploads\/2020\/08\/DSC_0146-2-300x199.jpg 300w, http:\/\/folhadosudeste.com\/site\/wp-content\/uploads\/2020\/08\/DSC_0146-2-768x509.jpg 768w, http:\/\/folhadosudeste.com\/site\/wp-content\/uploads\/2020\/08\/DSC_0146-2-1024x678.jpg 1024w, http:\/\/folhadosudeste.com\/site\/wp-content\/uploads\/2020\/08\/DSC_0146-2-120x80.jpg 120w, http:\/\/folhadosudeste.com\/site\/wp-content\/uploads\/2020\/08\/DSC_0146-2-590x390.jpg 590w\" sizes=\"auto, (max-width: 2048px) 100vw, 2048px\" \/><\/a> <a href=\"http:\/\/folhadosudeste.com\/site\/wp-content\/uploads\/2020\/08\/DSC_0169.jpg\"><img loading=\"lazy\" decoding=\"async\" class=\"alignnone size-full wp-image-72086\" src=\"http:\/\/folhadosudeste.com\/site\/wp-content\/uploads\/2020\/08\/DSC_0169.jpg\" alt=\"\" width=\"2048\" height=\"1356\" srcset=\"http:\/\/folhadosudeste.com\/site\/wp-content\/uploads\/2020\/08\/DSC_0169.jpg 2048w, http:\/\/folhadosudeste.com\/site\/wp-content\/uploads\/2020\/08\/DSC_0169-300x199.jpg 300w, http:\/\/folhadosudeste.com\/site\/wp-content\/uploads\/2020\/08\/DSC_0169-768x509.jpg 768w, http:\/\/folhadosudeste.com\/site\/wp-content\/uploads\/2020\/08\/DSC_0169-1024x678.jpg 1024w, http:\/\/folhadosudeste.com\/site\/wp-content\/uploads\/2020\/08\/DSC_0169-120x80.jpg 120w, http:\/\/folhadosudeste.com\/site\/wp-content\/uploads\/2020\/08\/DSC_0169-590x390.jpg 590w\" sizes=\"auto, (max-width: 2048px) 100vw, 2048px\" \/><\/a> <a href=\"http:\/\/folhadosudeste.com\/site\/wp-content\/uploads\/2020\/08\/DSC_0174.jpg\"><img loading=\"lazy\" decoding=\"async\" class=\"alignnone size-full wp-image-72087\" src=\"http:\/\/folhadosudeste.com\/site\/wp-content\/uploads\/2020\/08\/DSC_0174.jpg\" alt=\"\" width=\"2048\" height=\"1356\" srcset=\"http:\/\/folhadosudeste.com\/site\/wp-content\/uploads\/2020\/08\/DSC_0174.jpg 2048w, http:\/\/folhadosudeste.com\/site\/wp-content\/uploads\/2020\/08\/DSC_0174-300x199.jpg 300w, http:\/\/folhadosudeste.com\/site\/wp-content\/uploads\/2020\/08\/DSC_0174-768x509.jpg 768w, http:\/\/folhadosudeste.com\/site\/wp-content\/uploads\/2020\/08\/DSC_0174-1024x678.jpg 1024w, http:\/\/folhadosudeste.com\/site\/wp-content\/uploads\/2020\/08\/DSC_0174-120x80.jpg 120w, http:\/\/folhadosudeste.com\/site\/wp-content\/uploads\/2020\/08\/DSC_0174-590x390.jpg 590w\" sizes=\"auto, (max-width: 2048px) 100vw, 2048px\" \/><\/a> <a href=\"http:\/\/folhadosudeste.com\/site\/wp-content\/uploads\/2020\/08\/DSC_0180.jpg\"><img loading=\"lazy\" decoding=\"async\" class=\"alignnone size-full wp-image-72088\" src=\"http:\/\/folhadosudeste.com\/site\/wp-content\/uploads\/2020\/08\/DSC_0180.jpg\" alt=\"\" width=\"2048\" height=\"1356\" srcset=\"http:\/\/folhadosudeste.com\/site\/wp-content\/uploads\/2020\/08\/DSC_0180.jpg 2048w, http:\/\/folhadosudeste.com\/site\/wp-content\/uploads\/2020\/08\/DSC_0180-300x199.jpg 300w, http:\/\/folhadosudeste.com\/site\/wp-content\/uploads\/2020\/08\/DSC_0180-768x509.jpg 768w, http:\/\/folhadosudeste.com\/site\/wp-content\/uploads\/2020\/08\/DSC_0180-1024x678.jpg 1024w, http:\/\/folhadosudeste.com\/site\/wp-content\/uploads\/2020\/08\/DSC_0180-120x80.jpg 120w, http:\/\/folhadosudeste.com\/site\/wp-content\/uploads\/2020\/08\/DSC_0180-590x390.jpg 590w\" sizes=\"auto, (max-width: 2048px) 100vw, 2048px\" \/><\/a> <a href=\"http:\/\/folhadosudeste.com\/site\/wp-content\/uploads\/2020\/08\/DSC_0192.jpg\"><img loading=\"lazy\" decoding=\"async\" class=\"alignnone size-full wp-image-72089\" src=\"http:\/\/folhadosudeste.com\/site\/wp-content\/uploads\/2020\/08\/DSC_0192.jpg\" alt=\"\" width=\"2048\" height=\"1356\" srcset=\"http:\/\/folhadosudeste.com\/site\/wp-content\/uploads\/2020\/08\/DSC_0192.jpg 2048w, http:\/\/folhadosudeste.com\/site\/wp-content\/uploads\/2020\/08\/DSC_0192-300x199.jpg 300w, http:\/\/folhadosudeste.com\/site\/wp-content\/uploads\/2020\/08\/DSC_0192-768x509.jpg 768w, http:\/\/folhadosudeste.com\/site\/wp-content\/uploads\/2020\/08\/DSC_0192-1024x678.jpg 1024w, http:\/\/folhadosudeste.com\/site\/wp-content\/uploads\/2020\/08\/DSC_0192-120x80.jpg 120w, http:\/\/folhadosudeste.com\/site\/wp-content\/uploads\/2020\/08\/DSC_0192-590x390.jpg 590w\" sizes=\"auto, (max-width: 2048px) 100vw, 2048px\" \/><\/a> <a href=\"http:\/\/folhadosudeste.com\/site\/wp-content\/uploads\/2020\/08\/DSC_0195-1.jpg\"><img loading=\"lazy\" decoding=\"async\" class=\"alignnone size-full wp-image-72090\" src=\"http:\/\/folhadosudeste.com\/site\/wp-content\/uploads\/2020\/08\/DSC_0195-1.jpg\" alt=\"\" width=\"2048\" height=\"1356\" srcset=\"http:\/\/folhadosudeste.com\/site\/wp-content\/uploads\/2020\/08\/DSC_0195-1.jpg 2048w, http:\/\/folhadosudeste.com\/site\/wp-content\/uploads\/2020\/08\/DSC_0195-1-300x199.jpg 300w, http:\/\/folhadosudeste.com\/site\/wp-content\/uploads\/2020\/08\/DSC_0195-1-768x509.jpg 768w, http:\/\/folhadosudeste.com\/site\/wp-content\/uploads\/2020\/08\/DSC_0195-1-1024x678.jpg 1024w, http:\/\/folhadosudeste.com\/site\/wp-content\/uploads\/2020\/08\/DSC_0195-1-120x80.jpg 120w, http:\/\/folhadosudeste.com\/site\/wp-content\/uploads\/2020\/08\/DSC_0195-1-590x390.jpg 590w\" sizes=\"auto, (max-width: 2048px) 100vw, 2048px\" \/><\/a> <a href=\"http:\/\/folhadosudeste.com\/site\/wp-content\/uploads\/2020\/08\/DSC_0206.jpg\"><img loading=\"lazy\" decoding=\"async\" class=\"alignnone size-full wp-image-72091\" src=\"http:\/\/folhadosudeste.com\/site\/wp-content\/uploads\/2020\/08\/DSC_0206.jpg\" alt=\"\" width=\"2048\" height=\"1356\" srcset=\"http:\/\/folhadosudeste.com\/site\/wp-content\/uploads\/2020\/08\/DSC_0206.jpg 2048w, http:\/\/folhadosudeste.com\/site\/wp-content\/uploads\/2020\/08\/DSC_0206-300x199.jpg 300w, http:\/\/folhadosudeste.com\/site\/wp-content\/uploads\/2020\/08\/DSC_0206-768x509.jpg 768w, http:\/\/folhadosudeste.com\/site\/wp-content\/uploads\/2020\/08\/DSC_0206-1024x678.jpg 1024w, http:\/\/folhadosudeste.com\/site\/wp-content\/uploads\/2020\/08\/DSC_0206-120x80.jpg 120w, http:\/\/folhadosudeste.com\/site\/wp-content\/uploads\/2020\/08\/DSC_0206-590x390.jpg 590w\" sizes=\"auto, (max-width: 2048px) 100vw, 2048px\" \/><\/a> <a href=\"http:\/\/folhadosudeste.com\/site\/wp-content\/uploads\/2020\/08\/DSC_0208-1.jpg\"><img loading=\"lazy\" decoding=\"async\" class=\"alignnone size-full wp-image-72092\" src=\"http:\/\/folhadosudeste.com\/site\/wp-content\/uploads\/2020\/08\/DSC_0208-1.jpg\" alt=\"\" width=\"2048\" height=\"1356\" srcset=\"http:\/\/folhadosudeste.com\/site\/wp-content\/uploads\/2020\/08\/DSC_0208-1.jpg 2048w, http:\/\/folhadosudeste.com\/site\/wp-content\/uploads\/2020\/08\/DSC_0208-1-300x199.jpg 300w, http:\/\/folhadosudeste.com\/site\/wp-content\/uploads\/2020\/08\/DSC_0208-1-768x509.jpg 768w, http:\/\/folhadosudeste.com\/site\/wp-content\/uploads\/2020\/08\/DSC_0208-1-1024x678.jpg 1024w, http:\/\/folhadosudeste.com\/site\/wp-content\/uploads\/2020\/08\/DSC_0208-1-120x80.jpg 120w, http:\/\/folhadosudeste.com\/site\/wp-content\/uploads\/2020\/08\/DSC_0208-1-590x390.jpg 590w\" sizes=\"auto, (max-width: 2048px) 100vw, 2048px\" \/><\/a> <a href=\"http:\/\/folhadosudeste.com\/site\/wp-content\/uploads\/2020\/08\/DSC_0210.jpg\"><img loading=\"lazy\" decoding=\"async\" class=\"alignnone size-full wp-image-72093\" src=\"http:\/\/folhadosudeste.com\/site\/wp-content\/uploads\/2020\/08\/DSC_0210.jpg\" alt=\"\" width=\"2048\" height=\"1356\" srcset=\"http:\/\/folhadosudeste.com\/site\/wp-content\/uploads\/2020\/08\/DSC_0210.jpg 2048w, http:\/\/folhadosudeste.com\/site\/wp-content\/uploads\/2020\/08\/DSC_0210-300x199.jpg 300w, http:\/\/folhadosudeste.com\/site\/wp-content\/uploads\/2020\/08\/DSC_0210-768x509.jpg 768w, http:\/\/folhadosudeste.com\/site\/wp-content\/uploads\/2020\/08\/DSC_0210-1024x678.jpg 1024w, http:\/\/folhadosudeste.com\/site\/wp-content\/uploads\/2020\/08\/DSC_0210-120x80.jpg 120w, http:\/\/folhadosudeste.com\/site\/wp-content\/uploads\/2020\/08\/DSC_0210-590x390.jpg 590w\" sizes=\"auto, (max-width: 2048px) 100vw, 2048px\" \/><\/a> <a href=\"http:\/\/folhadosudeste.com\/site\/wp-content\/uploads\/2020\/08\/DSC_0217-1.jpg\"><img loading=\"lazy\" decoding=\"async\" class=\"alignnone size-full wp-image-72094\" src=\"http:\/\/folhadosudeste.com\/site\/wp-content\/uploads\/2020\/08\/DSC_0217-1.jpg\" alt=\"\" width=\"2048\" height=\"1356\" srcset=\"http:\/\/folhadosudeste.com\/site\/wp-content\/uploads\/2020\/08\/DSC_0217-1.jpg 2048w, http:\/\/folhadosudeste.com\/site\/wp-content\/uploads\/2020\/08\/DSC_0217-1-300x199.jpg 300w, http:\/\/folhadosudeste.com\/site\/wp-content\/uploads\/2020\/08\/DSC_0217-1-768x509.jpg 768w, http:\/\/folhadosudeste.com\/site\/wp-content\/uploads\/2020\/08\/DSC_0217-1-1024x678.jpg 1024w, http:\/\/folhadosudeste.com\/site\/wp-content\/uploads\/2020\/08\/DSC_0217-1-120x80.jpg 120w, http:\/\/folhadosudeste.com\/site\/wp-content\/uploads\/2020\/08\/DSC_0217-1-590x390.jpg 590w\" sizes=\"auto, (max-width: 2048px) 100vw, 2048px\" \/><\/a><\/p>\n","protected":false},"excerpt":{"rendered":"<p>Na manh\u00e3 de ter\u00e7a-feira 25 de agosto, Muria\u00e9 recebeu a visita do Vice-governador Paulo Brant e do Secret\u00e1rio Adjunto de Desenvolvimento Econ\u00f4mico de Minas Gerais, Fernando Passalio e demais membros da comitiva. Eles chegaram em Muria\u00e9 \u00e1s 9h em um heliponto da cidade e em seguida eles foram conduzidos para cumprimento da agenda. As autoridades [&hellip;]<\/p>\n","protected":false},"author":6,"featured_media":0,"comment_status":"open","ping_status":"closed","sticky":false,"template":"","format":"standard","meta":{"_joinchat":[],"footnotes":""},"categories":[1],"tags":[],"class_list":["post-72079","post","type-post","status-publish","format-standard","hentry","category-sem-categoria"],"_links":{"self":[{"href":"http:\/\/folhadosudeste.com\/site\/index.php?rest_route=\/wp\/v2\/posts\/72079","targetHints":{"allow":["GET"]}}],"collection":[{"href":"http:\/\/folhadosudeste.com\/site\/index.php?rest_route=\/wp\/v2\/posts"}],"about":[{"href":"http:\/\/folhadosudeste.com\/site\/index.php?rest_route=\/wp\/v2\/types\/post"}],"author":[{"embeddable":true,"href":"http:\/\/folhadosudeste.com\/site\/index.php?rest_route=\/wp\/v2\/users\/6"}],"replies":[{"embeddable":true,"href":"http:\/\/folhadosudeste.com\/site\/index.php?rest_route=%2Fwp%2Fv2%2Fcomments&post=72079"}],"version-history":[{"count":1,"href":"http:\/\/folhadosudeste.com\/site\/index.php?rest_route=\/wp\/v2\/posts\/72079\/revisions"}],"predecessor-version":[{"id":72095,"href":"http:\/\/folhadosudeste.com\/site\/index.php?rest_route=\/wp\/v2\/posts\/72079\/revisions\/72095"}],"wp:attachment":[{"href":"http:\/\/folhadosudeste.com\/site\/index.php?rest_route=%2Fwp%2Fv2%2Fmedia&parent=72079"}],"wp:term":[{"taxonomy":"category","embeddable":true,"href":"http:\/\/folhadosudeste.com\/site\/index.php?rest_route=%2Fwp%2Fv2%2Fcategories&post=72079"},{"taxonomy":"post_tag","embeddable":true,"href":"http:\/\/folhadosudeste.com\/site\/index.php?rest_route=%2Fwp%2Fv2%2Ftags&post=72079"}],"curies":[{"name":"wp","href":"https:\/\/api.w.org\/{rel}","templated":true}]}}