{"id":72099,"date":"2020-08-31T18:51:33","date_gmt":"2020-08-31T18:51:33","guid":{"rendered":"http:\/\/folhadosudeste.com\/site\/?p=72099"},"modified":"2020-08-31T18:51:33","modified_gmt":"2020-08-31T18:51:33","slug":"muriae-registra-mais-uma-morte-por-covid-numero-de-pacientes-em-recuperacao-e-o-mais-baixo-em-91-dias","status":"publish","type":"post","link":"http:\/\/folhadosudeste.com\/site\/?p=72099","title":{"rendered":"Muria\u00e9 registra mais uma morte por covid; n\u00famero de pacientes em recupera\u00e7\u00e3o \u00e9 o mais baixo em 91 dias"},"content":{"rendered":"<p><img decoding=\"async\" src=\"https:\/\/muriae.mg.gov.br\/wp-content\/uploads\/2020\/08\/31082020.png\"><\/p>\n<p style=\"text-align: justify;\">A covid-19 tirou a vida de mais um morador de Muria\u00e9. O \u00f3bito desta vez foi de um senhor de 72 anos que tinha boa sa\u00fade e n\u00e3o lutava contra nenhuma comorbidade.<\/p>\n<p style=\"text-align: justify;\">Apesar de mais uma morte, a boa not\u00edcia \u00e9 que o total de pacientes ativos entre os muriaeenses caiu consideravelmente em rela\u00e7\u00e3o ao boletim da \u00faltima sexta-feira. Agora s\u00e3o 91 pessoas em tratamento contra a doen\u00e7a na cidade, o menor n\u00famero dos \u00faltimos tr\u00eas meses<\/p>\n<p><!--more--><\/p>\n<p style=\"text-align: justify;\">Veja os n\u00fameros completos de hoje (31\/08\/2020):<\/p>\n<p style=\"text-align: justify;\"><strong>MORADORES DE MURIA\u00c9<\/strong><br \/>\nTotal de confirma\u00e7\u00f5es: 2.358 (em rela\u00e7\u00e3o ao boletim anterior: +14)<br \/>\nPacientes ativos: 91 (em rela\u00e7\u00e3o ao boletim anterior: -37)<br \/>\nPacientes curados: 2.199 (em rela\u00e7\u00e3o ao boletim anterior: +50)<br \/>\n\u00d3bitos: 68 (em rela\u00e7\u00e3o ao boletim anterior: +01)<br \/>\nEm investiga\u00e7\u00e3o (com exame): 48<br \/>\nEm monitoramento (sem exame): 413<br \/>\nNegativos: 3.059<\/p>\n<p style=\"text-align: justify;\"><strong>MORADORES DE OUTRAS CIDADES<\/strong><br \/>\nTotal de confirma\u00e7\u00f5es: 221 (em rela\u00e7\u00e3o ao boletim anterior: sem altera\u00e7\u00e3o)<br \/>\nPacientes ativos: 16 (em rela\u00e7\u00e3o ao boletim anterior: -04)<br \/>\nPacientes curados: 174 (em rela\u00e7\u00e3o ao boletim anterior: +04)<br \/>\n\u00d3bitos: 31 (em rela\u00e7\u00e3o ao boletim anterior: sem altera\u00e7\u00e3o)<br \/>\nEm investiga\u00e7\u00e3o (com exame): 04<br \/>\nEm monitoramento (sem exame): 07<br \/>\nNegativos: 439<\/p>\n","protected":false},"excerpt":{"rendered":"<p>A covid-19 tirou a vida de mais um morador de Muria\u00e9. O \u00f3bito desta vez foi de um senhor de 72 anos que tinha boa sa\u00fade e n\u00e3o lutava contra nenhuma comorbidade. Apesar de mais uma morte, a boa not\u00edcia \u00e9 que o total de pacientes ativos entre os muriaeenses caiu consideravelmente em rela\u00e7\u00e3o ao [&hellip;]<\/p>\n","protected":false},"author":6,"featured_media":0,"comment_status":"open","ping_status":"closed","sticky":false,"template":"","format":"standard","meta":{"_joinchat":[],"footnotes":""},"categories":[1],"tags":[],"class_list":["post-72099","post","type-post","status-publish","format-standard","hentry","category-sem-categoria"],"_links":{"self":[{"href":"http:\/\/folhadosudeste.com\/site\/index.php?rest_route=\/wp\/v2\/posts\/72099","targetHints":{"allow":["GET"]}}],"collection":[{"href":"http:\/\/folhadosudeste.com\/site\/index.php?rest_route=\/wp\/v2\/posts"}],"about":[{"href":"http:\/\/folhadosudeste.com\/site\/index.php?rest_route=\/wp\/v2\/types\/post"}],"author":[{"embeddable":true,"href":"http:\/\/folhadosudeste.com\/site\/index.php?rest_route=\/wp\/v2\/users\/6"}],"replies":[{"embeddable":true,"href":"http:\/\/folhadosudeste.com\/site\/index.php?rest_route=%2Fwp%2Fv2%2Fcomments&post=72099"}],"version-history":[{"count":1,"href":"http:\/\/folhadosudeste.com\/site\/index.php?rest_route=\/wp\/v2\/posts\/72099\/revisions"}],"predecessor-version":[{"id":72100,"href":"http:\/\/folhadosudeste.com\/site\/index.php?rest_route=\/wp\/v2\/posts\/72099\/revisions\/72100"}],"wp:attachment":[{"href":"http:\/\/folhadosudeste.com\/site\/index.php?rest_route=%2Fwp%2Fv2%2Fmedia&parent=72099"}],"wp:term":[{"taxonomy":"category","embeddable":true,"href":"http:\/\/folhadosudeste.com\/site\/index.php?rest_route=%2Fwp%2Fv2%2Fcategories&post=72099"},{"taxonomy":"post_tag","embeddable":true,"href":"http:\/\/folhadosudeste.com\/site\/index.php?rest_route=%2Fwp%2Fv2%2Ftags&post=72099"}],"curies":[{"name":"wp","href":"https:\/\/api.w.org\/{rel}","templated":true}]}}