{"id":72115,"date":"2020-09-02T18:40:47","date_gmt":"2020-09-02T18:40:47","guid":{"rendered":"http:\/\/folhadosudeste.com\/site\/?p=72115"},"modified":"2020-09-02T18:40:47","modified_gmt":"2020-09-02T18:40:47","slug":"fundacao-cristiano-varella-comemora-25-anos-no-dia-4-de-setembro","status":"publish","type":"post","link":"http:\/\/folhadosudeste.com\/site\/?p=72115","title":{"rendered":"Funda\u00e7\u00e3o Cristiano Varella comemora 25 anos no dia 4 de setembro"},"content":{"rendered":"<p><img decoding=\"async\" src=\"https:\/\/i.ytimg.com\/vi\/_Amxzo6Pznw\/maxresdefault.jpg\" alt=\"Apresenta\u00c3\u00a7\u00c3\u00a3o Funda\u00c3\u00a7\u00c3\u00a3o Cristiano Varella - Hospital do C\u00c3\u00a2ncer de Muria\u00c3\u00a9 -  YouTube\"><\/p>\n<p style=\"font-weight: 400; text-align: justify;\"><em>A institui\u00e7\u00e3o preparou uma programa\u00e7\u00e3o completa, at\u00e9 setembro de 2021, para celebrar o seu anivers\u00e1rio&nbsp;<\/em><\/p>\n<p style=\"font-weight: 400; text-align: justify;\">Existem pessoas que trabalham para realizar os pr\u00f3prios sonhos, que cuidam da pr\u00f3pria vida. Mas, tamb\u00e9m, existem pessoas que lutam para garantir que os sonhos dos outros se realizem, que se dedicam diariamente a cuidar da vida do outro e que permanecem lado a lado \u2013 sem jamais desistir da vida.&nbsp;&nbsp;<\/p>\n<p style=\"font-weight: 400; text-align: justify;\">Pessoas assim \u00e9 que criaram e seguem sendo a alma da&nbsp;<strong>Funda\u00e7\u00e3o Cristiano Varella (FCV)<\/strong>, que&nbsp;<strong>completa 25 anos no dia 4 de setembro<\/strong>&nbsp;deste ano. Uma trajet\u00f3ria de luta de mais de mil e cem colaboradores para garantir, aos pacientes, o direito \u00e0 vida, com qualidade e plenitude.&nbsp;<\/p>\n<p><!--more--><\/p>\n<p style=\"font-weight: 400; text-align: justify;\">A FCV \u00e9 um complexo na \u00e1rea de sa\u00fade, que mant\u00e9m o Hospital do C\u00e2ncer de Muria\u00e9. \u00c9, tamb\u00e9m, um complexo na \u00e1rea da Educa\u00e7\u00e3o, Pesquisa e Cultura, com um Memorial, um Centro de Pesquisa M\u00e9dica e uma estrutura pr\u00f3pria de r\u00e1dio e TV.&nbsp;<\/p>\n<p style=\"font-weight: 400; text-align: justify;\"><strong>Da dor nasceu o sonho de cuidar e acolher&nbsp;&nbsp;<\/strong><\/p>\n<p style=\"font-weight: 400; text-align: justify;\">Em 1994, o sentimento era a dor. Em 1995, a dor se transformou em amor e resist\u00eancia \u2013 em vida. Ap\u00f3s a perda do filho mais novo, Cristiano Varella, ent\u00e3o com 22 anos, em um grave acidente de carro, Lael Varella \u2013 ex-deputado federal por Minas Gerais por oito mandatos e, atualmente, 2<sup>o<\/sup>&nbsp;Suplente de Senador pelo Estado \u2013 deu in\u00edcio \u00e0 hist\u00f3ria da Funda\u00e7\u00e3o.&nbsp;<\/p>\n<p style=\"font-weight: 400; text-align: justify;\">Ap\u00f3s 25 anos de atua\u00e7\u00e3o, o hospital \u00e9 considerado atualmente o&nbsp;<strong>maior complexo oncol\u00f3gico de Minas Gerais&nbsp;<\/strong>e segue em constante crescimento f\u00edsico, tecnol\u00f3gico e humano.&nbsp;Para Luciano Varella, presidente do Conselho Fiscal da Funda\u00e7\u00e3o, \u201co reconhecimento \u00e0 atua\u00e7\u00e3o da Funda\u00e7\u00e3o Cristiano Varella e do Hospital do C\u00e2ncer de Muria\u00e9, que temos hoje, \u00e9 o resultado de uma longa trajet\u00f3ria de muito trabalho e empenho no cuidado com a vida de nossos pacientes\u201d.&nbsp;&nbsp;<\/p>\n<p style=\"font-weight: 400; text-align: justify;\">Com 175 leitos ativos (capacidade para 210), 8 salas de cirurgia, 20 leitos de terapia intensiva e mais de mil e cem colaboradores, o Hospital do C\u00e2ncer de Muria\u00e9 recebe, em m\u00e9dia, 300 novos casos por m\u00eas e oferece assist\u00eancia integrada em Oncologia a mais de 168 munic\u00edpios de Minas Gerais e de outros estados \u2013 com uma abrang\u00eancia populacional de mais de 2 milh\u00f5es de habitantes. Cerca de 90% dos seus atendimentos s\u00e3o gratuitos, destinados ao Sistema \u00danico de Sa\u00fade \u2013 SUS.&nbsp;&nbsp;<\/p>\n<p style=\"font-weight: 400; text-align: justify;\"><strong>Programa\u00e7\u00e3o de anivers\u00e1rio vai at\u00e9 2021&nbsp;<\/strong><\/p>\n<p style=\"font-weight: 400; text-align: justify;\">Para comemorar as suas mais duas d\u00e9cadas de atua\u00e7\u00e3o, a FCV preparou um calend\u00e1rio repleto de a\u00e7\u00f5es internas e externas, que ser\u00e3o desenvolvidas entre&nbsp;setembro de 2020 e setembro de 2021.&nbsp;<\/p>\n<p style=\"font-weight: 400; text-align: justify;\">Para come\u00e7ar, est\u00e1 reestruturando o seu portal de doa\u00e7\u00f5es, o Donera (<a href=\"http:\/\/www.xn--doao-ioax.fcv.org.br%29\/\" data-saferedirecturl=\"https:\/\/www.google.com\/url?q=http:\/\/www.xn--doao-ioax.fcv.org.br)\/&amp;source=gmail&amp;ust=1599152788612000&amp;usg=AFQjCNFTdgWN8850UzFscDp6cy2-71kgyQ\">www.doa\u00e7\u00e3o.fcv.org.br)<\/a>&nbsp;com o objetivo de deixar o processo mais f\u00e1cil e intuitivo.&nbsp;A FCV tamb\u00e9m dar\u00e1 in\u00edcio a uma completa reformula\u00e7\u00e3o da grade de programa\u00e7\u00e3o de sua rede de televis\u00e3o, o Canal FCV, e da R\u00e1dio Atividade.&nbsp;&nbsp;<\/p>\n<p style=\"font-weight: 400; text-align: justify;\">J\u00e1 em setembro entrar\u00e1 na programa\u00e7\u00e3o o FCV com VC, programa que reunir\u00e1 depoimentos de pessoas que fizeram a hist\u00f3ria da Funda\u00e7\u00e3o, sejam elas pacientes, colaboradores, profissionais que atuaram na constru\u00e7\u00e3o do hospital, entre muitos outros. Ao final dos pr\u00f3ximos doze meses, o material far\u00e1 parte de um document\u00e1rio sobre a hist\u00f3ria da institui\u00e7\u00e3o.&nbsp;<\/p>\n<p style=\"font-weight: 400; text-align: justify;\">Nos dias 15, 16 e 17 de setembro, tamb\u00e9m integrando a programa\u00e7\u00e3o dos 25 anos, ser\u00e1 realizado o I Congresso de Sa\u00fade P\u00fablica da Funda\u00e7\u00e3o Cristiano Varella. O objetivo do evento, gratuito e 100% online, \u00e9 discutir os desafios em sa\u00fade coletiva e suas respectivas solu\u00e7\u00f5es. As inscri\u00e7\u00f5es podem ser feitas pelo&nbsp;<a href=\"http:\/\/cec.fcv.org.br\/curso-detalhes\/173-i-congresso-de-saude-publica-da-fundacao-cristiano-varella\" data-saferedirecturl=\"https:\/\/www.google.com\/url?q=http:\/\/cec.fcv.org.br\/curso-detalhes\/173-i-congresso-de-saude-publica-da-fundacao-cristiano-varella&amp;source=gmail&amp;ust=1599152788612000&amp;usg=AFQjCNHiEK28gdZH6f8JakZaNgIxEaMsew\">http:\/\/cec.fcv.org.br\/curso-detalhes\/173-i-congresso-de-saude-publica-da-fundacao-cristiano-varella<\/a>.&nbsp;&nbsp;<strong>&nbsp;<\/strong><\/p>\n<p style=\"font-weight: 400; text-align: justify;\">Al\u00e9m disso, diversas outras atividades e projetos ser\u00e3o realizados ao longo dos pr\u00f3ximos 12 meses. As informa\u00e7\u00f5es ser\u00e3o disponibilizadas, em tempo, a todos os p\u00fablicos de interesse.&nbsp;<strong>&nbsp;<\/strong><\/p>\n<p style=\"font-weight: 400; text-align: justify;\"><strong>Tecnologia \u00e0 servi\u00e7o da cura&nbsp;&nbsp;<\/strong><\/p>\n<p style=\"font-weight: 400; text-align: justify;\">Em visita recente \u00e0 institui\u00e7\u00e3o, o vice-governador de Minas, Paulo Brant, se impressionou com o trabalho desenvolvido. \u201c\u00c9 uma sensa\u00e7\u00e3o de muito orgulho termos um hospital com esse n\u00edvel e essa qualifica\u00e7\u00e3o, na fronteira da tecnologia e da Oncologia, atendendo \u00e0 toda a popula\u00e7\u00e3o aqui da regi\u00e3o\u201d, afirmou. \u201cAtender a qualquer cidad\u00e3o, independentemente da sua renda, com o melhor que tem a Ci\u00eancia. Esse \u00e9 o sonho de todos n\u00f3s e esse hospital mostra que isso \u00e9 poss\u00edvel\u201d, completou.&nbsp;<\/p>\n<p style=\"font-weight: 400; text-align: justify;\">No Hospital do C\u00e2ncer de Muria\u00e9 s\u00e3o oferecidos todos os tratamentos oncol\u00f3gicos espec\u00edficos, como quimioterapia, radioterapia, braquiterapia e atendimentos pela equipe interdisciplinar, incluindo servi\u00e7os odontol\u00f3gicos, o que aumenta ainda mais a quantidade de pacientes atendidos. S\u00e3o realizados, em m\u00e9dia, 200 atendimentos de radioterapia e 350 de quimioterapia (ambulatorial \/ interna\u00e7\u00e3o) no hospital.&nbsp;<\/p>\n<p style=\"font-weight: 400; text-align: justify;\">Durante os tratamentos ambulatoriais, aos pacientes que residem em munic\u00edpios mais distantes, \u00e9 oferecida hospedagem na Casa de Apoio, mantida pelo Hospital do C\u00e2ncer de Muria\u00e9. Al\u00e9m da hospedagem, \u00e9 garantido a eles o transporte entre a Casa de Apoio e os ambulat\u00f3rios da institui\u00e7\u00e3o, alimenta\u00e7\u00e3o e todos os cuidados necess\u00e1rios. Hoje, a Casa de apoio tem a capacidade de hospedar gratuitamente 212 h\u00f3spedes (pacientes e acompanhantes), com uma \u00e1rea de lazer completa, 5 refei\u00e7\u00f5es di\u00e1rias gratuitas, lavanderia e acompanhamento.&nbsp;&nbsp;<\/p>\n","protected":false},"excerpt":{"rendered":"<p>A institui\u00e7\u00e3o preparou uma programa\u00e7\u00e3o completa, at\u00e9 setembro de 2021, para celebrar o seu anivers\u00e1rio&nbsp; Existem pessoas que trabalham para realizar os pr\u00f3prios sonhos, que cuidam da pr\u00f3pria vida. Mas, tamb\u00e9m, existem pessoas que lutam para garantir que os sonhos dos outros se realizem, que se dedicam diariamente a cuidar da vida do outro e [&hellip;]<\/p>\n","protected":false},"author":6,"featured_media":0,"comment_status":"open","ping_status":"closed","sticky":false,"template":"","format":"standard","meta":{"_joinchat":[],"footnotes":""},"categories":[1],"tags":[],"class_list":["post-72115","post","type-post","status-publish","format-standard","hentry","category-sem-categoria"],"_links":{"self":[{"href":"http:\/\/folhadosudeste.com\/site\/index.php?rest_route=\/wp\/v2\/posts\/72115","targetHints":{"allow":["GET"]}}],"collection":[{"href":"http:\/\/folhadosudeste.com\/site\/index.php?rest_route=\/wp\/v2\/posts"}],"about":[{"href":"http:\/\/folhadosudeste.com\/site\/index.php?rest_route=\/wp\/v2\/types\/post"}],"author":[{"embeddable":true,"href":"http:\/\/folhadosudeste.com\/site\/index.php?rest_route=\/wp\/v2\/users\/6"}],"replies":[{"embeddable":true,"href":"http:\/\/folhadosudeste.com\/site\/index.php?rest_route=%2Fwp%2Fv2%2Fcomments&post=72115"}],"version-history":[{"count":1,"href":"http:\/\/folhadosudeste.com\/site\/index.php?rest_route=\/wp\/v2\/posts\/72115\/revisions"}],"predecessor-version":[{"id":72116,"href":"http:\/\/folhadosudeste.com\/site\/index.php?rest_route=\/wp\/v2\/posts\/72115\/revisions\/72116"}],"wp:attachment":[{"href":"http:\/\/folhadosudeste.com\/site\/index.php?rest_route=%2Fwp%2Fv2%2Fmedia&parent=72115"}],"wp:term":[{"taxonomy":"category","embeddable":true,"href":"http:\/\/folhadosudeste.com\/site\/index.php?rest_route=%2Fwp%2Fv2%2Fcategories&post=72115"},{"taxonomy":"post_tag","embeddable":true,"href":"http:\/\/folhadosudeste.com\/site\/index.php?rest_route=%2Fwp%2Fv2%2Ftags&post=72115"}],"curies":[{"name":"wp","href":"https:\/\/api.w.org\/{rel}","templated":true}]}}