{"id":72141,"date":"2020-09-04T22:12:59","date_gmt":"2020-09-04T22:12:59","guid":{"rendered":"http:\/\/folhadosudeste.com\/site\/?p=72141"},"modified":"2020-09-04T22:12:59","modified_gmt":"2020-09-04T22:12:59","slug":"independencia-do-brasil","status":"publish","type":"post","link":"http:\/\/folhadosudeste.com\/site\/?p=72141","title":{"rendered":"Independ\u00eancia do Brasil"},"content":{"rendered":"<p><a href=\"http:\/\/folhadosudeste.com\/site\/wp-content\/uploads\/2020\/09\/MESSIAS-VARDIERO.jpg\"><img loading=\"lazy\" decoding=\"async\" class=\"alignnone  wp-image-72142\" src=\"http:\/\/folhadosudeste.com\/site\/wp-content\/uploads\/2020\/09\/MESSIAS-VARDIERO.jpg\" alt=\"\" width=\"517\" height=\"533\" srcset=\"http:\/\/folhadosudeste.com\/site\/wp-content\/uploads\/2020\/09\/MESSIAS-VARDIERO.jpg 1097w, http:\/\/folhadosudeste.com\/site\/wp-content\/uploads\/2020\/09\/MESSIAS-VARDIERO-291x300.jpg 291w, http:\/\/folhadosudeste.com\/site\/wp-content\/uploads\/2020\/09\/MESSIAS-VARDIERO-768x793.jpg 768w, http:\/\/folhadosudeste.com\/site\/wp-content\/uploads\/2020\/09\/MESSIAS-VARDIERO-992x1024.jpg 992w\" sizes=\"auto, (max-width: 517px) 100vw, 517px\" \/><\/a><\/p>\n<p style=\"text-align: justify;\"><span style=\"text-decoration: underline;\"><em><strong>Messias Soares Vardiero<\/strong><\/em><\/span><\/p>\n<p style=\"text-align: justify;\">Ao comemorarmos o dia 7 de setembro, Dia da Independ\u00eancia do Brasil, queremos ressaltar que essa data tem haver com o processo hist\u00f3rico de separa\u00e7\u00e3o, entre Brasil e Portugal, uma vez que havia muita viol\u00eancia entre o Reino Unido de Portugal, Brasil e Algarves.<\/p>\n<p style=\"text-align: justify;\">A independ\u00eancia aconteceu em 1922, com o marco do grito do Ipiranga proclamado por Dom Pedro I, que montado em um cavalo, com a participa\u00e7\u00e3o de Maria Leopoldina e outros, proclamavam as seguintes palavras \u201cIndepend\u00eancia ou morte\u201d, no local do Riacho Ipiranga em S\u00e3o Paulo.<\/p>\n<p><!--more--><\/p>\n<p style=\"text-align: justify;\">Em 1\u00ba de dezembro de 1822, Dom Pedro foi coroado Imperador do Brasil, com o t\u00edtulo de D. Pedro I.<\/p>\n<p style=\"text-align: justify;\">S\u00e3o v\u00e1rias as causas da Independ\u00eancia, e o principal foi o desentendimento entre os portugueses e os brasileiros na corte de Lisboa e a vontade da elite econ\u00f4mica brasileira em acabar com o monop\u00f3lio comercial portugu\u00eas e as ideias iluministas a respeito da liberdade do povo.<\/p>\n<p style=\"text-align: justify;\">Com o processo de Independ\u00eancia do Brasil, a fam\u00edlia Real Portuguesa ficou instalado de 1808 a 1820, tornando a luta diferente dos demais territ\u00f3rios.<\/p>\n<p style=\"text-align: justify;\">A vinda da Fam\u00edlia Real, fidalgos e funcion\u00e1rios partiram para o Brasil escoltados por quatro navios brit\u00e2nicos, no s\u00e9culo XIX.<\/p>\n<p style=\"text-align: justify;\">Com a chegada de Dom Jo\u00e3o IV em Salvador, decretou a abertura de Portos do Brasil \u00e0s Na\u00e7\u00f5es Amigas de Portugal.<\/p>\n<p style=\"text-align: justify;\">Isso p\u00f4s fim ao monop\u00f3lio comercial portugu\u00eas no Brasil. Dom Jo\u00e3o tamb\u00e9m fundou a Cirurgia da Bahia, equivalente as atuais faculdades de medicina.<\/p>\n<p style=\"text-align: justify;\">Dom Jo\u00e3o IV ainda assinou outros atos de interesse do povo brasileiro. Em 09 de janeiro de 1822, o ent\u00e3o pr\u00edncipe regente Dom Pedro I declarou que n\u00e3o cumpriria as ordens das cortes portuguesas, que exigiam sua volta a Lisboa, ficando no Brasil. Com apenas 23 anos de idade, Dom Pedro I, tendo em vista a press\u00e3o que estava recebendo para voltar para Portugal, com a entrega ao Pr\u00edncipe regente daquele pa\u00eds, uma lista com mais de 8.000 assinaturas, dizendo para n\u00e3o abandonar o Brasil, assim D. Pedro atendendo as pessoas, respondeu a Portugal com as seguintes palavras: \u201cComo \u00e9 para o bem de todos e felicidade da Na\u00e7\u00e3o, estou pronto. Diga ao reino que fico\u201d. Com isso declarou a Independ\u00eancia do Brasil.<\/p>\n<p style=\"text-align: justify;\"><em>Muria\u00e9, 02 de setembro de 2020.<\/em><\/p>\n","protected":false},"excerpt":{"rendered":"<p>Messias Soares Vardiero Ao comemorarmos o dia 7 de setembro, Dia da Independ\u00eancia do Brasil, queremos ressaltar que essa data tem haver com o processo hist\u00f3rico de separa\u00e7\u00e3o, entre Brasil e Portugal, uma vez que havia muita viol\u00eancia entre o Reino Unido de Portugal, Brasil e Algarves. A independ\u00eancia aconteceu em 1922, com o marco [&hellip;]<\/p>\n","protected":false},"author":6,"featured_media":0,"comment_status":"open","ping_status":"closed","sticky":false,"template":"","format":"standard","meta":{"_joinchat":[],"footnotes":""},"categories":[1],"tags":[],"class_list":["post-72141","post","type-post","status-publish","format-standard","hentry","category-sem-categoria"],"_links":{"self":[{"href":"http:\/\/folhadosudeste.com\/site\/index.php?rest_route=\/wp\/v2\/posts\/72141","targetHints":{"allow":["GET"]}}],"collection":[{"href":"http:\/\/folhadosudeste.com\/site\/index.php?rest_route=\/wp\/v2\/posts"}],"about":[{"href":"http:\/\/folhadosudeste.com\/site\/index.php?rest_route=\/wp\/v2\/types\/post"}],"author":[{"embeddable":true,"href":"http:\/\/folhadosudeste.com\/site\/index.php?rest_route=\/wp\/v2\/users\/6"}],"replies":[{"embeddable":true,"href":"http:\/\/folhadosudeste.com\/site\/index.php?rest_route=%2Fwp%2Fv2%2Fcomments&post=72141"}],"version-history":[{"count":1,"href":"http:\/\/folhadosudeste.com\/site\/index.php?rest_route=\/wp\/v2\/posts\/72141\/revisions"}],"predecessor-version":[{"id":72143,"href":"http:\/\/folhadosudeste.com\/site\/index.php?rest_route=\/wp\/v2\/posts\/72141\/revisions\/72143"}],"wp:attachment":[{"href":"http:\/\/folhadosudeste.com\/site\/index.php?rest_route=%2Fwp%2Fv2%2Fmedia&parent=72141"}],"wp:term":[{"taxonomy":"category","embeddable":true,"href":"http:\/\/folhadosudeste.com\/site\/index.php?rest_route=%2Fwp%2Fv2%2Fcategories&post=72141"},{"taxonomy":"post_tag","embeddable":true,"href":"http:\/\/folhadosudeste.com\/site\/index.php?rest_route=%2Fwp%2Fv2%2Ftags&post=72141"}],"curies":[{"name":"wp","href":"https:\/\/api.w.org\/{rel}","templated":true}]}}