{"id":72172,"date":"2020-09-04T22:29:29","date_gmt":"2020-09-04T22:29:29","guid":{"rendered":"http:\/\/folhadosudeste.com\/site\/?p=72172"},"modified":"2020-09-04T22:29:29","modified_gmt":"2020-09-04T22:29:29","slug":"numeros-da-covid-14-novos-casos-entre-muriaeenses-e-morte-de-paciente-de-fora","status":"publish","type":"post","link":"http:\/\/folhadosudeste.com\/site\/?p=72172","title":{"rendered":"N\u00fameros da covid: 14 novos casos entre muriaeenses e morte de paciente de fora"},"content":{"rendered":"<p><img decoding=\"async\" src=\"https:\/\/muriae.mg.gov.br\/wp-content\/uploads\/2020\/09\/6E788904-B16F-4F19-8535-0ABA7A72B98F.png\"><\/p>\n<p style=\"text-align: justify;\">Uma senhora de 93 anos, tamb\u00e9m diab\u00e9tica, perdeu a luta contra a covid-19. Ela era moradora de outra cidade, mas estava internada em um hospital de Muria\u00e9.<\/p>\n<p style=\"text-align: justify;\">J\u00e1 o \u00edndice de novas infec\u00e7\u00f5es registradas nas \u00faltimas 24 horas foi inferior ao registrado nos \u00faltimos boletins: foram 14 novos casos entre os muriaeenses.<\/p>\n<p style=\"text-align: justify;\">Assim, o n\u00famero de moradores locais que est\u00e3o como pacientes ativos da covid-19 vem flutuando em n\u00edvel de relativa estabilidade, ainda que com oscila\u00e7\u00f5es di\u00e1rias.<\/p>\n<p><!--more--><\/p>\n<p style=\"text-align: justify;\">Exemplo: no dia 1 de setembro, o m\u00eas come\u00e7ou com 123 muriaeenses em tratamento da doen\u00e7a. O n\u00famero subiu para 126 na quarta, 131 na quinta e caiu para 128 hoje &#8211; exatamente o mesmo n\u00famero de moradores locais que eram pacientes na sexta-feira anterior.<\/p>\n<p style=\"text-align: justify;\">Veja os n\u00fameros completos desta sexta-feira, dia 04\/09\/2020:<\/p>\n<p style=\"text-align: justify;\"><strong>MORADORES DE MURIA\u00c9<\/strong><br \/>\nTotal de confirma\u00e7\u00f5es: 2.495 (em rela\u00e7\u00e3o ao boletim anterior: +14)<br \/>\nPacientes ativos: 128 (em rela\u00e7\u00e3o ao boletim anterior: -03)<br \/>\nPacientes curados: 2.298 (em rela\u00e7\u00e3o ao boletim anterior: +17)<br \/>\n\u00d3bitos: 69 (em rela\u00e7\u00e3o ao boletim anterior: sem altera\u00e7\u00e3o)<br \/>\nEm investiga\u00e7\u00e3o (com exame): 28<br \/>\nEm monitoramento (sem exame): 479<br \/>\nNegativos: 3.306<\/p>\n<p style=\"text-align: justify;\"><strong>MORADORES DE OUTRAS CIDADES<\/strong><br \/>\nTotal de confirma\u00e7\u00f5es: 235 (em rela\u00e7\u00e3o ao boletim anterior: +02)<br \/>\nPacientes ativos: 24 (em rela\u00e7\u00e3o ao boletim anterior: sem altera\u00e7\u00e3o)<br \/>\nPacientes curados: 175 (em rela\u00e7\u00e3o ao boletim anterior: +01)<br \/>\n\u00d3bitos: 36 (em rela\u00e7\u00e3o ao boletim anterior: +01)<br \/>\nEm investiga\u00e7\u00e3o (com exame): 11<br \/>\nEm monitoramento (sem exame): 04<br \/>\nNegativos: 454<\/p>\n","protected":false},"excerpt":{"rendered":"<p>Uma senhora de 93 anos, tamb\u00e9m diab\u00e9tica, perdeu a luta contra a covid-19. Ela era moradora de outra cidade, mas estava internada em um hospital de Muria\u00e9. J\u00e1 o \u00edndice de novas infec\u00e7\u00f5es registradas nas \u00faltimas 24 horas foi inferior ao registrado nos \u00faltimos boletins: foram 14 novos casos entre os muriaeenses. Assim, o n\u00famero [&hellip;]<\/p>\n","protected":false},"author":6,"featured_media":0,"comment_status":"open","ping_status":"closed","sticky":false,"template":"","format":"standard","meta":{"_joinchat":[],"footnotes":""},"categories":[1],"tags":[],"class_list":["post-72172","post","type-post","status-publish","format-standard","hentry","category-sem-categoria"],"_links":{"self":[{"href":"http:\/\/folhadosudeste.com\/site\/index.php?rest_route=\/wp\/v2\/posts\/72172","targetHints":{"allow":["GET"]}}],"collection":[{"href":"http:\/\/folhadosudeste.com\/site\/index.php?rest_route=\/wp\/v2\/posts"}],"about":[{"href":"http:\/\/folhadosudeste.com\/site\/index.php?rest_route=\/wp\/v2\/types\/post"}],"author":[{"embeddable":true,"href":"http:\/\/folhadosudeste.com\/site\/index.php?rest_route=\/wp\/v2\/users\/6"}],"replies":[{"embeddable":true,"href":"http:\/\/folhadosudeste.com\/site\/index.php?rest_route=%2Fwp%2Fv2%2Fcomments&post=72172"}],"version-history":[{"count":1,"href":"http:\/\/folhadosudeste.com\/site\/index.php?rest_route=\/wp\/v2\/posts\/72172\/revisions"}],"predecessor-version":[{"id":72173,"href":"http:\/\/folhadosudeste.com\/site\/index.php?rest_route=\/wp\/v2\/posts\/72172\/revisions\/72173"}],"wp:attachment":[{"href":"http:\/\/folhadosudeste.com\/site\/index.php?rest_route=%2Fwp%2Fv2%2Fmedia&parent=72172"}],"wp:term":[{"taxonomy":"category","embeddable":true,"href":"http:\/\/folhadosudeste.com\/site\/index.php?rest_route=%2Fwp%2Fv2%2Fcategories&post=72172"},{"taxonomy":"post_tag","embeddable":true,"href":"http:\/\/folhadosudeste.com\/site\/index.php?rest_route=%2Fwp%2Fv2%2Ftags&post=72172"}],"curies":[{"name":"wp","href":"https:\/\/api.w.org\/{rel}","templated":true}]}}