{"id":72182,"date":"2020-09-09T20:55:02","date_gmt":"2020-09-09T20:55:02","guid":{"rendered":"http:\/\/folhadosudeste.com\/site\/?p=72182"},"modified":"2020-09-09T20:55:02","modified_gmt":"2020-09-09T20:55:02","slug":"zona-eleitoral-faz-transferencia-temporaria-de-eleitores-com-deficiencia-ou-mobilidade-reduzida","status":"publish","type":"post","link":"http:\/\/folhadosudeste.com\/site\/?p=72182","title":{"rendered":"Zona Eleitoral faz transfer\u00eancia tempor\u00e1ria de eleitores com defici\u00eancia ou mobilidade reduzida"},"content":{"rendered":"<p><img decoding=\"async\" src=\"https:\/\/www.silvanalves.com.br\/portal\/wp-content\/uploads\/2020\/09\/DSC04435_707x530-1-707x405.jpg\"><\/p>\n<p style=\"text-align: justify;\">O Cart\u00f3rio Eleitoral de Muria\u00e9, Zona 187, composta pelos munic\u00edpios de Muria\u00e9, Mira\u00ed, Miradouro, Ros\u00e1rio da Limeira e Vieiras, em aten\u00e7\u00e3o ao Calend\u00e1rio Eleitoral das Elei\u00e7\u00f5es de 2020, informa aos eleitores com defici\u00eancia ou mobilidade reduzida, que ainda n\u00e3o tenham solicitado transfer\u00eancia para se\u00e7\u00e3o especial, que estes poder\u00e3o solicitar transfer\u00eancia tempor\u00e1ria para uma se\u00e7\u00e3o com acessibilidade dentro do mesmo munic\u00edpio de seu domic\u00edlio eleitoral.<\/p>\n<p><!--more--><\/p>\n<p style=\"text-align: justify;\">A solicita\u00e7\u00e3o dever\u00e1 ser feita mediante preenchimento de formul\u00e1rio no site do TRE e juntada de foto frente e verso do documento de identidade e foto do eleitor em estilo selfie. A habilita\u00e7\u00e3o e o seu cancelamento ou altera\u00e7\u00e3o poder\u00e3o ser feitos no per\u00edodo de 25 de agosto a 1\u00ba de outubro.<\/p>\n<p style=\"text-align: justify;\">Acessar o site&nbsp;<a href=\"http:\/\/www.tre-mg.jus.br\/\">www.tre-mg.jus.br<\/a>&nbsp;e preencher o formul\u00e1rio:&nbsp;<a href=\"https:\/\/sei.tre-mg.jus.br\/formulario-tte\/\">https:\/\/sei.tre-mg.jus.br\/formulario-tte\/<\/a>.<\/p>\n<p style=\"text-align: justify;\"><strong>Os locais de vota\u00e7\u00e3o, em condi\u00e7\u00f5es de acessibilidade s\u00e3o:<\/strong><\/p>\n<p><a href=\"http:\/\/folhadosudeste.com\/site\/wp-content\/uploads\/2020\/09\/votacao.jpg\"><img loading=\"lazy\" decoding=\"async\" class=\"alignnone size-full wp-image-72183\" src=\"http:\/\/folhadosudeste.com\/site\/wp-content\/uploads\/2020\/09\/votacao.jpg\" alt=\"\" width=\"576\" height=\"553\" srcset=\"http:\/\/folhadosudeste.com\/site\/wp-content\/uploads\/2020\/09\/votacao.jpg 576w, http:\/\/folhadosudeste.com\/site\/wp-content\/uploads\/2020\/09\/votacao-300x288.jpg 300w\" sizes=\"auto, (max-width: 576px) 100vw, 576px\" \/><\/a><\/p>\n","protected":false},"excerpt":{"rendered":"<p>O Cart\u00f3rio Eleitoral de Muria\u00e9, Zona 187, composta pelos munic\u00edpios de Muria\u00e9, Mira\u00ed, Miradouro, Ros\u00e1rio da Limeira e Vieiras, em aten\u00e7\u00e3o ao Calend\u00e1rio Eleitoral das Elei\u00e7\u00f5es de 2020, informa aos eleitores com defici\u00eancia ou mobilidade reduzida, que ainda n\u00e3o tenham solicitado transfer\u00eancia para se\u00e7\u00e3o especial, que estes poder\u00e3o solicitar transfer\u00eancia tempor\u00e1ria para uma se\u00e7\u00e3o com [&hellip;]<\/p>\n","protected":false},"author":6,"featured_media":0,"comment_status":"open","ping_status":"closed","sticky":false,"template":"","format":"standard","meta":{"_joinchat":[],"footnotes":""},"categories":[1],"tags":[],"class_list":["post-72182","post","type-post","status-publish","format-standard","hentry","category-sem-categoria"],"_links":{"self":[{"href":"http:\/\/folhadosudeste.com\/site\/index.php?rest_route=\/wp\/v2\/posts\/72182","targetHints":{"allow":["GET"]}}],"collection":[{"href":"http:\/\/folhadosudeste.com\/site\/index.php?rest_route=\/wp\/v2\/posts"}],"about":[{"href":"http:\/\/folhadosudeste.com\/site\/index.php?rest_route=\/wp\/v2\/types\/post"}],"author":[{"embeddable":true,"href":"http:\/\/folhadosudeste.com\/site\/index.php?rest_route=\/wp\/v2\/users\/6"}],"replies":[{"embeddable":true,"href":"http:\/\/folhadosudeste.com\/site\/index.php?rest_route=%2Fwp%2Fv2%2Fcomments&post=72182"}],"version-history":[{"count":1,"href":"http:\/\/folhadosudeste.com\/site\/index.php?rest_route=\/wp\/v2\/posts\/72182\/revisions"}],"predecessor-version":[{"id":72184,"href":"http:\/\/folhadosudeste.com\/site\/index.php?rest_route=\/wp\/v2\/posts\/72182\/revisions\/72184"}],"wp:attachment":[{"href":"http:\/\/folhadosudeste.com\/site\/index.php?rest_route=%2Fwp%2Fv2%2Fmedia&parent=72182"}],"wp:term":[{"taxonomy":"category","embeddable":true,"href":"http:\/\/folhadosudeste.com\/site\/index.php?rest_route=%2Fwp%2Fv2%2Fcategories&post=72182"},{"taxonomy":"post_tag","embeddable":true,"href":"http:\/\/folhadosudeste.com\/site\/index.php?rest_route=%2Fwp%2Fv2%2Ftags&post=72182"}],"curies":[{"name":"wp","href":"https:\/\/api.w.org\/{rel}","templated":true}]}}