{"id":72185,"date":"2020-09-09T20:57:27","date_gmt":"2020-09-09T20:57:27","guid":{"rendered":"http:\/\/folhadosudeste.com\/site\/?p=72185"},"modified":"2020-09-09T20:57:27","modified_gmt":"2020-09-09T20:57:27","slug":"vacinacao-antirrabica-imunizara-18-mil-caes-e-gatos-em-muriae","status":"publish","type":"post","link":"http:\/\/folhadosudeste.com\/site\/?p=72185","title":{"rendered":"Vacina\u00e7\u00e3o antirr\u00e1bica imunizar\u00e1 18 mil c\u00e3es e gatos em Muria\u00e9"},"content":{"rendered":"<p><a href=\"http:\/\/folhadosudeste.com\/site\/wp-content\/uploads\/2020\/09\/DSC_0192.jpg\"><img loading=\"lazy\" decoding=\"async\" class=\"alignnone size-full wp-image-72186\" src=\"http:\/\/folhadosudeste.com\/site\/wp-content\/uploads\/2020\/09\/DSC_0192.jpg\" alt=\"\" width=\"1500\" height=\"1102\" srcset=\"http:\/\/folhadosudeste.com\/site\/wp-content\/uploads\/2020\/09\/DSC_0192.jpg 1500w, http:\/\/folhadosudeste.com\/site\/wp-content\/uploads\/2020\/09\/DSC_0192-300x220.jpg 300w, http:\/\/folhadosudeste.com\/site\/wp-content\/uploads\/2020\/09\/DSC_0192-768x564.jpg 768w, http:\/\/folhadosudeste.com\/site\/wp-content\/uploads\/2020\/09\/DSC_0192-1024x752.jpg 1024w\" sizes=\"auto, (max-width: 1500px) 100vw, 1500px\" \/><\/a><\/p>\n<p style=\"text-align: justify;\"><i>Campanha acontecer\u00e1 nos dias 19 e 26 de setembro na \u00e1rea urbana e entre 21 e 25 na \u00e1rea rural<\/i><u><\/u><u><\/u><\/p>\n<p style=\"text-align: justify;\"><u><\/u><u><\/u>Aproximadamente 18 mil c\u00e3es e gatos ser\u00e3o imunizados contra a raiva em Muria\u00e9. A Campanha de Vacina\u00e7\u00e3o Antirr\u00e1bica acontecer\u00e1 nos dias 19 e 26 de setembro na \u00e1rea urbana e entre 21 e 25 em comunidades rurais do munic\u00edpio.<u><\/u><u><\/u><\/p>\n<p style=\"text-align: justify;\"><u><\/u>O objetivo da a\u00e7\u00e3o \u00e9 garantir a sa\u00fade dos animais e de seus donos. A raiva \u00e9 uma zoonose que pode matar se n\u00e3o for prevenida e cuidada, e a vacina \u00e9 \u00fanica forma de preven\u00e7\u00e3o da doen\u00e7a.<u><\/u><u><\/u><\/p>\n<p><!--more--><\/p>\n<p style=\"text-align: justify;\"><u><\/u>Para refor\u00e7ar a a\u00e7\u00e3o, ser\u00e1 montado um ponto fixo na Pra\u00e7a Na\u00e7\u00f5es Unidas (subida para o Santo Ant\u00f4nio) nos dias 21 e 25. As equipes estar\u00e3o dispon\u00edveis para aplicar o imunizante das 7h \u00e0s 11h e das 13h \u00e0s 17h.&nbsp;<u><\/u><u><\/u><\/p>\n<p style=\"text-align: justify;\"><u><\/u>A orienta\u00e7\u00e3o \u00e9 que os c\u00e3es sejam levados presos em guias e os gatos sejam transportados em gaiolas ou caixas especiais para evitar acidentes. Caso os animais estejam doentes ou em tratamento de sa\u00fade, devem esperar a recupera\u00e7\u00e3o para receber a vacina &#8211; isso vale tamb\u00e9m para as f\u00eameas que estejam prenhas.<u><\/u><u><\/u><\/p>\n<p style=\"text-align: justify;\"><b>Confira abaixo o cronograma e locais de vacina\u00e7\u00e3o:<\/b><u><\/u><u><\/u><\/p>\n<p style=\"text-align: justify;\"><b>Zona urbana de Muria\u00e9<\/b><u><\/u><u><\/u><\/p>\n<p style=\"text-align: justify;\"><b>Data: 19 de setembro<u><\/u><u><\/u><\/b><\/p>\n<p style=\"text-align: justify;\"><u><\/u><b>Equipe 1<\/b><u><\/u><u><\/u><\/p>\n<p style=\"text-align: justify;\"><b>Kennedy, Inconfid\u00eancia I e II, Marambaia, Encoberta, S\u00e3o Pedro, Rua Nova e Beira Linha<\/b><u><\/u><u><\/u><\/p>\n<p style=\"text-align: justify;\">Das 8h \u00e0s 8h30min: Vila Concei\u00e7\u00e3o, em frente ao Balne\u00e1rio<u><\/u><u><\/u><\/p>\n<p style=\"text-align: justify;\">Das 8h30min \u00e0s 9h: in\u00edcio do Bairro Edgard Miranda e Porto Belo<u><\/u><u><\/u><\/p>\n<p style=\"text-align: justify;\">Das 9h \u00e0s 9h30min: em frente \u00e0 Igreja dos Bairros Inconfid\u00eancia I e II<u><\/u><u><\/u><\/p>\n<p style=\"text-align: justify;\">Das 9h30min \u00e0s 10h30min: em frente ao Posto de Sa\u00fade Inconfid\u00eancia I e Chal\u00e9<u><\/u><u><\/u><\/p>\n<p style=\"text-align: justify;\">Das 10h30min \u00e0s 11h30min: em frente ao orelh\u00e3o do Marambaia (Posto de Sa\u00fade)<u><\/u><u><\/u><\/p>\n<p style=\"text-align: justify;\">Das 11h30min \u00e0s 12h: em frente \u00e0 E. M. Ionyr Bastos Dias (Vale Verde)<u><\/u><u><\/u><\/p>\n<p style=\"text-align: justify;\">Das 13h30min \u00e0s 14h30min: Pra\u00e7a S\u00e3o Pedro<u><\/u><u><\/u><\/p>\n<p style=\"text-align: justify;\">Das 14h30min \u00e0s 15h: em frente \u00e0 Igreja Recanto Verde<u><\/u><u><\/u><\/p>\n<p style=\"text-align: justify;\">Das 15h \u00e0s 16h: Rua Beira Linha &#8211; cruzamento da Rua Encoberta<u><\/u><u><\/u><\/p>\n<p style=\"text-align: justify;\">Das 16h \u00e0s 17h: cruzamento da Rua Nova e estrada para Cachoeira Alegre<u><\/u><u><\/u><\/p>\n<p style=\"text-align: justify;\"><strong>Equipe 2<\/strong><u><\/u><u><\/u><\/p>\n<p style=\"text-align: justify;\"><b>Pra\u00e7a Na\u00e7\u00f5es Unidas, S\u00e3o Crist\u00f3v\u00e3o, S\u00e3o Francisco e Primavera<\/b><u><\/u><u><\/u><\/p>\n<p style=\"text-align: justify;\">Das 8h \u00e0s 9h30min: Pra\u00e7a Na\u00e7\u00f5es Unidas<u><\/u><u><\/u><\/p>\n<p style=\"text-align: justify;\">Das 9h30min \u00e0s 11h30min: em frente \u00e0 E. E. Columba Teixeira e Silva &#8211; S\u00e3o Crist\u00f3v\u00e3o<u><\/u><u><\/u><\/p>\n<p style=\"text-align: justify;\">Das 13h \u00e0s 14h: Pra\u00e7a Walthon Goulart \u2013 S\u00e3o Francisco<u><\/u><u><\/u><\/p>\n<p style=\"text-align: justify;\">Das 14h \u00e0s 14h30min: em frente a E. E. Prof. Orlando de Lima Faria (Estadual) S\u00e3o Francisco<u><\/u><u><\/u><\/p>\n<p style=\"text-align: justify;\">Das 14h30min \u00e0s 15h: Alto do Castelo<u><\/u><u><\/u><\/p>\n<p style=\"text-align: justify;\">Das 15h \u00e0s 16h: Bairro Primavera, em frente ao ponto final do \u00f4nibus<u><\/u><u><\/u><\/p>\n<p style=\"text-align: justify;\">Das 16h \u00e0s 17h: Bairro Primavera (parte baixa) volta da ferradura<u><\/u><u><\/u><\/p>\n<p style=\"text-align: justify;\"><b>Equipe 3<\/b><u><\/u><u><\/u><\/p>\n<p style=\"text-align: justify;\"><b>Porto, Santa Terezinha e Pra\u00e7a do Ros\u00e1rio<\/b><u><\/u><u><\/u><\/p>\n<p style=\"text-align: justify;\">Das 8h \u00e0s 11h30min: em frente \u00e0 E. E. Gon\u00e7alves Couto &#8211; Porto<u><\/u><u><\/u><\/p>\n<p style=\"text-align: justify;\">Das 13h \u00e0s 15h: Pra\u00e7a Farmac\u00eautico Domingo Ceribeli \u2013 Santa Terezinha<u><\/u><u><\/u><\/p>\n<p style=\"text-align: justify;\">Das 15h \u00e0s 16h30min: ponto final do \u00f4nibus \u2013 Santa Terezinha<u><\/u><u><\/u><\/p>\n<p style=\"text-align: justify;\">Das 16h30min \u00e0s 17h: Pra\u00e7a do Ros\u00e1rio<u><\/u><u><\/u><\/p>\n<p style=\"text-align: justify;\"><b>Equipe 4<\/b><u><\/u><u><\/u><\/p>\n<p style=\"text-align: justify;\"><b>Morro do Castelo, Santa Rita, Jo\u00e3o XXIII, Bico Doce e Coleti<\/b><u><\/u><u><\/u><\/p>\n<p style=\"text-align: justify;\">Das 8h \u00e0s 9h30min: Pra\u00e7a S\u00e3o Paulo<u><\/u><u><\/u><\/p>\n<p style=\"text-align: justify;\">Das 9h30min \u00e0s 10h30min: cruzamento da Rua Professor Carvalho e bairro S\u00e3o Gotardo<u><\/u><u><\/u><\/p>\n<p style=\"text-align: justify;\">Das 10h30min \u00e0s 11h30min: Bairro Coleti (em frente ao \u201corelh\u00e3o\u201d)<u><\/u><u><\/u><\/p>\n<p style=\"text-align: justify;\">Das 13h \u00e0s 14h: Bico Doce (em frente \u00e0 garagem do \u00f4nibus P\u00e1ssaro Verde)<u><\/u><u><\/u><\/p>\n<p style=\"text-align: justify;\">Das 14h \u00e0s 15h30min: pra\u00e7a de esporte \u2013 Bairro Jo\u00e3o XXIII<u><\/u><u><\/u><\/p>\n<p style=\"text-align: justify;\">Das 15h30min \u00e0s 16h30min: em frente \u00e0 E. M. Gilberto Tanus Braz \u2013 Jo\u00e3o XXIII<u><\/u><u><\/u><\/p>\n<p style=\"text-align: justify;\">Das 16h30min \u00e0s 17: Bairro Jo\u00e3o VI<u><\/u><u><\/u><\/p>\n<p style=\"text-align: justify;\"><b>Equipe 5<\/b><u><\/u><u><\/u><\/p>\n<p style=\"text-align: justify;\"><b>Safira, Planalto, Sime\u00e3o F\u00e9res, Cer\u00e2mica, Febem (Barra) e S\u00e3o Sebasti\u00e3o<\/b><u><\/u><u><\/u><\/p>\n<p style=\"text-align: justify;\">Das 8h \u00e0s 9h30min: em frente \u00e0 Policl\u00ednica do Safira<u><\/u><u><\/u><\/p>\n<p style=\"text-align: justify;\">Das 9h30min \u00e0s 11h: em frente \u00e0 APAE<u><\/u><u><\/u><\/p>\n<p style=\"text-align: justify;\">Das 11h \u00e0s 11h30min: em frente \u00e0 FEBEM &#8211; Barra<u><\/u><u><\/u><\/p>\n<p style=\"text-align: justify;\">Das 13h \u00e0s 15h: em frente ao telefone comunit\u00e1rio (Rua 1) &#8211; Planalto<u><\/u><u><\/u><\/p>\n<p style=\"text-align: justify;\">Das 15h \u00e0s 15h30min: Rua S\u00e3o Sebasti\u00e3o (em frente \u00e0 f\u00e1brica de caix\u00e3o)<u><\/u><u><\/u><\/p>\n<p style=\"text-align: justify;\">Das 15h30min \u00e0s 16h: em frente ao CEM<u><\/u><u><\/u><\/p>\n<p style=\"text-align: justify;\">Das 16h \u00e0s 17h: Rua Jos\u00e9 de Abreu &#8211; esquina com a Rua Miss Dinorah<u><\/u><u><\/u><\/p>\n<p style=\"text-align: justify;\"><b>Zona urbana de Muria\u00e9<\/b><u><\/u><u><\/u><\/p>\n<p style=\"text-align: justify;\"><b>Data: 26 de setembro<u><\/u><u><\/u><\/b><\/p>\n<p style=\"text-align: justify;\"><b>Equipe 6<\/b><u><\/u><u><\/u><\/p>\n<p style=\"text-align: justify;\"><b>Barra, Prainha, Pra\u00e7a Carlos Drumond de Andrade, Campo Nacional, G\u00e1vea e Santo Ant\u00f4nio I<\/b><u><\/u><u><\/u><\/p>\n<p style=\"text-align: justify;\">Das 8h \u00e0s 10h: Pra\u00e7a Carlos Drumond de Andrade &#8211; Barra<u><\/u><u><\/u><\/p>\n<p style=\"text-align: justify;\">Das 10h \u00e0s 11h30min: Prainha<u><\/u><u><\/u><\/p>\n<p style=\"text-align: justify;\">Das 13h \u00e0s 14h: em frente ao Campo do Nacional<u><\/u><u><\/u><\/p>\n<p style=\"text-align: justify;\">Das 14h \u00e0s 15h: G\u00e1vea (em frente ao Corpo de Bombeiro)<u><\/u><u><\/u><\/p>\n<p style=\"text-align: justify;\">Das 15h \u00e0s 17h: em frente ao Posto de Sa\u00fade do Bairro Santo Ant\u00f4nio I<u><\/u><u><\/u><\/p>\n<p style=\"text-align: justify;\"><b>Equipe 07<\/b><u><\/u><u><\/u><\/p>\n<p style=\"text-align: justify;\"><b>Santana, Joan\u00f3polis, Napole\u00e3o e Cardoso de Melo<\/b><u><\/u><u><\/u><\/p>\n<p style=\"text-align: justify;\">Das 8h \u00e0s 9h30min: em frente ao Posto de Sa\u00fade do Santana<u><\/u><u><\/u><\/p>\n<p style=\"text-align: justify;\">Das 9h30min \u00e0s 12h: em frente ao Posto de Sa\u00fade do Joan\u00f3polis<u><\/u><u><\/u><\/p>\n<p style=\"text-align: justify;\">Das 13h30min \u00e0s 14h: em frente ao telefone comunit\u00e1rio do Bairro S\u00e3o Joaquim<u><\/u><u><\/u><\/p>\n<p style=\"text-align: justify;\">Das 14h \u00e0s 15h: Bairro Napole\u00e3o &#8211; esquina da Rua S\u00e3o Jos\u00e9<u><\/u><u><\/u><\/p>\n<p style=\"text-align: justify;\">Das 15h \u00e0s 16h: em frente \u00e0 Mercearia Cardoso de Melo (parte baixa)<u><\/u><u><\/u><\/p>\n<p style=\"text-align: justify;\">Das 16h \u00e0s 17h: em frente \u00e0 caixa d\u2019agua do Cardoso de Melo (arte alta)&nbsp;&nbsp;<u><\/u><u><\/u><\/p>\n<p style=\"text-align: justify;\"><b>Equipe 8<\/b><u><\/u><u><\/u><\/p>\n<p style=\"text-align: justify;\"><b>S\u00e3o Jos\u00e9 e Aeroporto<\/b><u><\/u><u><\/u><\/p>\n<p style=\"text-align: justify;\">Das 8h \u00e0s 9h30min: em frente \u00e0 casa da Comunidade do Bairro S\u00e3o Jos\u00e9<u><\/u><u><\/u><\/p>\n<p style=\"text-align: justify;\">Das 9h30min \u00e0s 11h30min: em frente \u00e0 Escola Stela Fidelis &#8211; Aeroporto<u><\/u><u><\/u><\/p>\n<p style=\"text-align: justify;\">Das 13h \u00e0s 15h: Rua Ant\u00f4nio Ramos (em frente ao Posto de Sa\u00fade Aeroporto \u2013 parte alta)<u><\/u><u><\/u><\/p>\n<p style=\"text-align: justify;\">Das 15h \u00e0s 17h: Pra\u00e7a Padre Otoni \u2013 em frente \u00e0 Mercearia Brasil<u><\/u><u><\/u><\/p>\n<p style=\"text-align: justify;\"><b>Equipe 9<\/b><u><\/u><u><\/u><\/p>\n<p style=\"text-align: justify;\"><b>Marechal Floriano, Dornelas, Gaspar, Uni\u00e3o, Vila Santa Rita e Santa Luzia<\/b><u><\/u><u><\/u><\/p>\n<p style=\"text-align: justify;\">Das 8h \u00e0s 8h30min: em frente \u00e0 antiga m\u00e1quina de arroz &#8211; Rua Marechal Floriano<u><\/u><u><\/u><\/p>\n<p style=\"text-align: justify;\">Das 8h30min \u00e0s 10h30min: pra\u00e7a do Dornelas<u><\/u><u><\/u><\/p>\n<p style=\"text-align: justify;\">Das 10h30min \u00e0s 11h30min: em frente \u00e0 E. E. Orlando Flores<u><\/u><u><\/u><\/p>\n<p style=\"text-align: justify;\">Das 13h \u00e0s 14h: Pra\u00e7a Narciso Dias Rabelo \u2013 Bairro Uni\u00e3o<u><\/u><u><\/u><\/p>\n<p style=\"text-align: justify;\">Das 14h \u00e0s 14h30min: Vila Santa Rita<u><\/u><u><\/u><\/p>\n<p style=\"text-align: justify;\">Das 14h30min \u00e0s 16h: esquina da Rua Josefa Zen com a Rua S\u00e3o Jo\u00e3o Batista &#8211; Gaspar<u><\/u><u><\/u><\/p>\n<p style=\"text-align: justify;\">Das 16h \u00e0s 16h30min: esquina da Rua 1\u00ba de Maio com a Rua Jos\u00e9 Duarte Filho \u2013 (pr\u00f3ximo ao \u201cescad\u00e3o\u201d &#8211; parte alta do Bairro Gaspar)<u><\/u><u><\/u><\/p>\n<p style=\"text-align: justify;\">Das 16h30min \u00e0s 17h: em frente ao Sebasti\u00e3o Leite \u2013 Bairro Santa Luzia (antiga Vila Leite)<u><\/u><u><\/u><\/p>\n<p style=\"text-align: justify;\"><b>Equipe 10<\/b><u><\/u><u><\/u><\/p>\n<p style=\"text-align: justify;\"><b>Pra\u00e7a Jo\u00e3o Pinheiro<\/b><u><\/u><u><\/u><\/p>\n<p style=\"text-align: justify;\">Das 8h \u00e0s 11h30min e das 13h \u00e0s 17h: em frente ao antigo Centro de Especialidades&nbsp;&nbsp;<u><\/u><u><\/u><\/p>\n<p style=\"text-align: justify;\"><b>Zona rural de Muria\u00e9<\/b><u><\/u><u><\/u><\/p>\n<p style=\"text-align: justify;\"><b>De 21 a 25 de setembro<\/b><u><\/u><u><\/u><\/p>\n<p style=\"text-align: justify;\"><b>Dia 21, segunda-feira<\/b><u><\/u><u><\/u><\/p>\n<p style=\"text-align: justify;\"><b>Bom Jesus, Divis\u00f3rio e S\u00e3o Fernando<\/b><u><\/u><u><\/u><\/p>\n<p style=\"text-align: justify;\"><i>Equipe n\u00ba 1<\/i><u><\/u><u><\/u><\/p>\n<p style=\"text-align: justify;\">Das 9h \u00e0s 9h30min: E.E. Jos\u00e9 Ribeiro (Barreiro)<u><\/u><u><\/u><\/p>\n<p style=\"text-align: justify;\">Das 11h \u00e0s 12h: E.E. Faz Provid\u00eancia (Fco. Augusto)<u><\/u><u><\/u><\/p>\n<p style=\"text-align: justify;\">Das 13h \u00e0s 15 h: Posto de Sa\u00fade Bom Jesus da Cachoeira<u><\/u><u><\/u><\/p>\n<p style=\"text-align: justify;\"><i>Equipe n\u00ba 2<\/i><u><\/u><u><\/u><\/p>\n<p style=\"text-align: justify;\">Das 8h \u00e0s 9h: E.E. Divis\u00f3rio<u><\/u><u><\/u><\/p>\n<p style=\"text-align: justify;\">Das 9h40min \u00e0s 11h: E.E. Pascoal Demarque<u><\/u><u><\/u><\/p>\n<p style=\"text-align: justify;\">Das 13h \u00e0s 15h: Posto de Sa\u00fade S\u00e3o Fernando<u><\/u><u><\/u><\/p>\n<p style=\"text-align: justify;\"><b>Dia 22, ter\u00e7a-feira<\/b><u><\/u><u><\/u><\/p>\n<p style=\"text-align: justify;\"><b>Macuco, Boa Fam\u00edlia, Vermelho e Pirapanema<\/b>&nbsp;<u><\/u><u><\/u><\/p>\n<p style=\"text-align: justify;\"><i>Equipe n\u00ba 1<\/i><u><\/u><u><\/u><\/p>\n<p style=\"text-align: justify;\">Das 8h \u00e0s 11h: Posto de Sa\u00fade Macuco<u><\/u><u><\/u><\/p>\n<p style=\"text-align: justify;\">Das 13h30min \u00e0s 17h: Posto de Sa\u00fade Boa Fam\u00edlia<u><\/u><u><\/u><\/p>\n<p style=\"text-align: justify;\"><i>Equipe n\u00ba 2<\/i><u><\/u><u><\/u><\/p>\n<p style=\"text-align: justify;\">Das 8h \u00e0s 9h: E.E. \u00c1guas Claras Dala Paula<u><\/u><u><\/u><\/p>\n<p style=\"text-align: justify;\">Das 9h \u00e0s 10h: Comunidade Santo Cristo<u><\/u><u><\/u><\/p>\n<p style=\"text-align: justify;\">Das 12h \u00e0s 14h30min: Posto de Sa\u00fade Vermelho<u><\/u><u><\/u><\/p>\n<p style=\"text-align: justify;\">Das 15h \u00e0s 16h: Posto de Sa\u00fade Pirapanema<u><\/u><u><\/u><\/p>\n<p style=\"text-align: justify;\"><b>Dia 23, quarta-feira<\/b><u><\/u><u><\/u><\/p>\n<p style=\"text-align: justify;\"><b>Graminha, Estiva e Campo Capoeir\u00e3o<\/b><u><\/u><u><\/u><\/p>\n<p style=\"text-align: justify;\"><i>Equipe n\u00ba 1<\/i><u><\/u><u><\/u><\/p>\n<p style=\"text-align: justify;\">Das 8h \u00e0s 10h: E. E. Fazenda Boa Vista (Estiva)<u><\/u><u><\/u><\/p>\n<p style=\"text-align: justify;\">Das 10h \u00e0s 11h: E. M. Tiradentes (Samuel Rabelo)<u><\/u><u><\/u><\/p>\n<p style=\"text-align: justify;\">Das 12h30min \u00e0s 13h30min: Venda do Sr. Misael<u><\/u><u><\/u><\/p>\n<p style=\"text-align: justify;\">Das 14h \u00e0s 15h: E. M. Graminha<u><\/u><u><\/u><\/p>\n<p style=\"text-align: justify;\"><i>Equipe n\u00ba 2<\/i><u><\/u><u><\/u><\/p>\n<p style=\"text-align: justify;\">Das 8h \u00e0s 9h: Fazenda Santa Rosa<u><\/u><u><\/u><\/p>\n<p style=\"text-align: justify;\">Das 9h30min \u00e0s 10h: E. M. Joaquim A. Pereira (Gameleira)<u><\/u><u><\/u><\/p>\n<p style=\"text-align: justify;\">Das 10h30min \u00e0s 11h30min: E. M. Fazenda Santa Maria<u><\/u><u><\/u><\/p>\n<p style=\"text-align: justify;\">Das 13h \u00e0s 14h: Santa F\u00e9 (Laerte)<u><\/u><u><\/u><\/p>\n<p style=\"text-align: justify;\">Das 14h \u00e0s 15h: Venda Jo\u00e3o Hon\u00f3rio (S\u00e3o Jo\u00e3o do Gl\u00f3ria)<u><\/u><u><\/u><\/p>\n<p style=\"text-align: justify;\">Das 15h \u00e0s 16h: Posto de Sa\u00fade S\u00e3o Jo\u00e3o do Gl\u00f3ria<u><\/u><u><\/u><\/p>\n<p style=\"text-align: justify;\">Das 16h \u00e0s 17h: Campo Capoeir\u00e3o<u><\/u><u><\/u><\/p>\n<p style=\"text-align: justify;\"><b>Dia 24, quinta-feira<\/b><u><\/u><u><\/u><\/p>\n<p style=\"text-align: justify;\"><b>Belis\u00e1rio e S\u00e3o Domingos<\/b><u><\/u><u><\/u><\/p>\n<p style=\"text-align: justify;\"><i>Equipe n\u00ba 1<\/i><u><\/u><u><\/u><\/p>\n<p style=\"text-align: justify;\">Das 8h \u00e0s 9h: Escola Fazenda do Joterlino (Jacuba)<u><\/u><u><\/u><\/p>\n<p style=\"text-align: justify;\">Das 9h \u00e0s 10h: Fazenda Ribada<u><\/u><u><\/u><\/p>\n<p style=\"text-align: justify;\">Das 10h \u00e0s 11h: S\u00e3o Domingos<u><\/u><u><\/u><\/p>\n<p style=\"text-align: justify;\">Das 12h30min \u00e0s 14h: C\u00f3rrego da On\u00e7a (Sr. Marcolino Tavares)<u><\/u><u><\/u><\/p>\n<p style=\"text-align: justify;\">Das 14h30min \u00e0s 15h: Comunidade Igreja S\u00e3o Tom\u00e9<u><\/u><u><\/u><\/p>\n<p style=\"text-align: justify;\"><i>Equipe n\u00ba 2<\/i><u><\/u><u><\/u><\/p>\n<p style=\"text-align: justify;\">Das 8h \u00e0s 9h: Campo Luiz Trote (Babil\u00f4nia)<u><\/u><u><\/u><\/p>\n<p style=\"text-align: justify;\">Das 9h \u00e0s 11h: Posto de Sa\u00fade Belis\u00e1rio<u><\/u><u><\/u><\/p>\n<p style=\"text-align: justify;\">Das 12h \u00e0s 13h: E. M. N. Senhora Aparecida (Jo\u00e3o Jacob)<u><\/u><u><\/u><\/p>\n<p style=\"text-align: justify;\">Das 13h \u00e0s 14h: E. M. Santo Ant\u00f4nio (Alo\u00edsio Rog\u00e9rio)<u><\/u><u><\/u><\/p>\n<p style=\"text-align: justify;\"><b>Dia 25, sexta-feira<\/b><u><\/u><u><\/u><\/p>\n<p style=\"text-align: justify;\"><b>Sofoc\u00f3, Capetinga, Hastenreiter, Itamuri e Patrim\u00f4nio dos Carneiros<\/b><u><\/u><u><\/u><\/p>\n<p style=\"text-align: justify;\"><i>Equipe n\u00ba 1<\/i><u><\/u><u><\/u><\/p>\n<p style=\"text-align: justify;\">Das 8h \u00e0s 9h30min: E. M. Ant\u00f4nio P. da Silva (Sofoc\u00f3)<u><\/u><u><\/u><\/p>\n<p style=\"text-align: justify;\">Das 10h \u00e0s 11h: Retiro<u><\/u><u><\/u><\/p>\n<p style=\"text-align: justify;\">Das 11h15min \u00e0s 12h: E. E. Boa Sorte (Ant\u00f4nio Nacif)<u><\/u><u><\/u><\/p>\n<p style=\"text-align: justify;\">Das 13h30min \u00e0s 15h: Pra\u00e7a Itamuri<u><\/u><u><\/u><\/p>\n<p style=\"text-align: justify;\"><i>Equipe n\u00ba 2<\/i><u><\/u><u><\/u><\/p>\n<p style=\"text-align: justify;\">Das 8h \u00e0s 9h: Escola Usina da Fuma\u00e7a<u><\/u><u><\/u><\/p>\n<p style=\"text-align: justify;\">Das 9h20min \u00e0s 10h: Capetinga<u><\/u><u><\/u><\/p>\n<p style=\"text-align: justify;\">Das 10h30min \u00e0s 11h: Capela do Pont\u00e3o<u><\/u><u><\/u><\/p>\n<p style=\"text-align: justify;\">Das 11h \u00e0s 12h: E. E. Patrim\u00f4nio dos Carneiros<u><\/u><u><\/u><\/p>\n<p style=\"text-align: justify;\">Das 13h \u00e0s 14h: Capela Bom Jardim<\/p>\n","protected":false},"excerpt":{"rendered":"<p>Campanha acontecer\u00e1 nos dias 19 e 26 de setembro na \u00e1rea urbana e entre 21 e 25 na \u00e1rea rural Aproximadamente 18 mil c\u00e3es e gatos ser\u00e3o imunizados contra a raiva em Muria\u00e9. A Campanha de Vacina\u00e7\u00e3o Antirr\u00e1bica acontecer\u00e1 nos dias 19 e 26 de setembro na \u00e1rea urbana e entre 21 e 25 em [&hellip;]<\/p>\n","protected":false},"author":6,"featured_media":0,"comment_status":"open","ping_status":"closed","sticky":false,"template":"","format":"standard","meta":{"_joinchat":[],"footnotes":""},"categories":[1],"tags":[],"class_list":["post-72185","post","type-post","status-publish","format-standard","hentry","category-sem-categoria"],"_links":{"self":[{"href":"http:\/\/folhadosudeste.com\/site\/index.php?rest_route=\/wp\/v2\/posts\/72185","targetHints":{"allow":["GET"]}}],"collection":[{"href":"http:\/\/folhadosudeste.com\/site\/index.php?rest_route=\/wp\/v2\/posts"}],"about":[{"href":"http:\/\/folhadosudeste.com\/site\/index.php?rest_route=\/wp\/v2\/types\/post"}],"author":[{"embeddable":true,"href":"http:\/\/folhadosudeste.com\/site\/index.php?rest_route=\/wp\/v2\/users\/6"}],"replies":[{"embeddable":true,"href":"http:\/\/folhadosudeste.com\/site\/index.php?rest_route=%2Fwp%2Fv2%2Fcomments&post=72185"}],"version-history":[{"count":1,"href":"http:\/\/folhadosudeste.com\/site\/index.php?rest_route=\/wp\/v2\/posts\/72185\/revisions"}],"predecessor-version":[{"id":72187,"href":"http:\/\/folhadosudeste.com\/site\/index.php?rest_route=\/wp\/v2\/posts\/72185\/revisions\/72187"}],"wp:attachment":[{"href":"http:\/\/folhadosudeste.com\/site\/index.php?rest_route=%2Fwp%2Fv2%2Fmedia&parent=72185"}],"wp:term":[{"taxonomy":"category","embeddable":true,"href":"http:\/\/folhadosudeste.com\/site\/index.php?rest_route=%2Fwp%2Fv2%2Fcategories&post=72185"},{"taxonomy":"post_tag","embeddable":true,"href":"http:\/\/folhadosudeste.com\/site\/index.php?rest_route=%2Fwp%2Fv2%2Ftags&post=72185"}],"curies":[{"name":"wp","href":"https:\/\/api.w.org\/{rel}","templated":true}]}}